{"id":10255,"date":"2023-10-27T09:35:10","date_gmt":"2023-10-27T07:35:10","guid":{"rendered":"https:\/\/www.salon-zenetbio.com\/lyon\/?p=10255"},"modified":"2023-10-27T09:35:10","modified_gmt":"2023-10-27T07:35:10","slug":"omnicuiseur-vitalite","status":"publish","type":"post","link":"http:\/\/www.salon-zenetbio.com\/lyon\/omnicuiseur-vitalite\/","title":{"rendered":"Omnicuiseur\u00a0Vitalit\u00e9"},"content":{"rendered":"<h2>Pr\u00e9sentez-vous en quelques mots<\/h2>\n<p><img fetchpriority=\"high\" decoding=\"async\" class=\"wp-image-10256 size-medium aligncenter\" src=\"https:\/\/www.salon-zenetbio.com\/lyon\/wp-content\/uploads\/sites\/12\/2023\/10\/1693406897-file1-Visuel-L134-x-H98\u00a9-300x219.jpg\" alt=\"Omnicuiseur\u00a0Vitalit\u00e9 - produit\" width=\"300\" height=\"219\" srcset=\"http:\/\/www.salon-zenetbio.com\/lyon\/wp-content\/uploads\/sites\/12\/2023\/10\/1693406897-file1-Visuel-L134-x-H98\u00a9-300x219.jpg 300w, http:\/\/www.salon-zenetbio.com\/lyon\/wp-content\/uploads\/sites\/12\/2023\/10\/1693406897-file1-Visuel-L134-x-H98\u00a9-1024x748.jpg 1024w, http:\/\/www.salon-zenetbio.com\/lyon\/wp-content\/uploads\/sites\/12\/2023\/10\/1693406897-file1-Visuel-L134-x-H98\u00a9-768x561.jpg 768w, http:\/\/www.salon-zenetbio.com\/lyon\/wp-content\/uploads\/sites\/12\/2023\/10\/1693406897-file1-Visuel-L134-x-H98\u00a9-1536x1123.jpg 1536w, http:\/\/www.salon-zenetbio.com\/lyon\/wp-content\/uploads\/sites\/12\/2023\/10\/1693406897-file1-Visuel-L134-x-H98\u00a9-150x110.jpg 150w, http:\/\/www.salon-zenetbio.com\/lyon\/wp-content\/uploads\/sites\/12\/2023\/10\/1693406897-file1-Visuel-L134-x-H98\u00a9-500x365.jpg 500w, http:\/\/www.salon-zenetbio.com\/lyon\/wp-content\/uploads\/sites\/12\/2023\/10\/1693406897-file1-Visuel-L134-x-H98\u00a9.jpg 1583w\" sizes=\"(max-width: 300px) 100vw, 300px\" \/><\/p>\n<p><span id=\"p78\">Depuis plus de 25 ans, l&rsquo;<span id=\"101\">Omnicuiseur<\/span>\u00a0Vitalit\u00e9, produit Fran\u00e7ais garanti 15 ans,\u00a0<\/span><span id=\"p79\"><span id=\"102\">s\u00e9duit<\/span>\u00a0par sa cuisson avant-gardiste \u00e0 basse temp\u00e9rature, tr\u00e8s \u00e9conomique\u00a0et totalement in\u00e9dit sur le march\u00e9.<\/span><span id=\"p80\">\u00a0Son incroyable capacit\u00e9 d\u2019adaptation \u00e0 toutes vos envies culinaires et son caract\u00e8re ing\u00e9nieux vous feront litt\u00e9ralement craquer !<\/span><\/p>\n<p><a href=\"https:\/\/www.omnicuiseur.com\/?url=https%3A%2F%2Fwww.omnicuiseur.com&amp;pk_campaign=138812663&amp;pk_kwd=omnicuiseur%20vitalit%C3%A9&amp;pk_source=google&amp;pk_medium=cpc&amp;pk_content=6066784343&amp;gclid=CjwKCAjw-eKpBhAbEiwAqFL0mluI08kggge4tncvyVfFCwY8FMKR5RhNUHQULjjD5_sg8nsLdrhc2hoClW4QAvD_BwE\" target=\"_blank\" rel=\"noopener\"><span id=\"p81\">6 Bonnes raisons de l&rsquo;adopter au quotidien !<\/span><\/a><br \/>\n<span id=\"p82\">&#8211;<\/span><span id=\"p83\">\u00a0Pour manger gourmand et\u00a0<span id=\"105\" class=\"s-rg\">healthy<\/span><span id=\"106\" class=\"s-bl\">&#8230;&#8230;<\/span><\/span><span id=\"p84\">\u00a0Faites baisser la temp\u00e9rature !<\/span><br \/>\n<span id=\"p85\">&#8211;<\/span><span id=\"p86\">\u00a0Pr\u00e9servez votre silhouette tout en vous r\u00e9galant au\u00a0<span id=\"107\" class=\"s-bl\">quotidien&#8230;&#8230;..<\/span><\/span><span id=\"p87\">\u00a0C\u2019est enfin possible !<\/span><br \/>\n<span id=\"p88\">&#8211;<\/span><span id=\"p89\">\u00a0Cuisiner devient un v\u00e9ritable jeu d\u2019enfant !<\/span><span id=\"p90\">\u00a0Vous\u00a0<span id=\"109\" class=\"s-bl\">pr\u00e9parez&#8230;&#8230;<\/span><\/span><span id=\"p91\">\u00a0Il s&rsquo;occupe de tout \u00e0 la perfection !<\/span><br \/>\n<span id=\"p92\">&#8211;<\/span><span id=\"p93\">\u00a0V\u00e9ritable \u00ab\u00a0couteau-suisse\u00a0\u00bb des appareils de\u00a0<span id=\"112\">cuisson&#8230;&#8230;.<\/span><\/span><span id=\"p94\">\u00a0Il remplace tout !<\/span><br \/>\n<span id=\"p95\">&#8211;<\/span><span id=\"p96\">\u00a0L\u2019<span id=\"114\" class=\"s-rg\">Omnicuiseur<\/span>\u00a0Vitalit\u00e9, \u00e9coresponsable\u00a0<span id=\"115\" class=\"s-bl\">et&#8230;&#8230;.<\/span><\/span><span id=\"p97\">\u00a0Cr\u00e9\u00e9 pour durer !<\/span><br \/>\n<span id=\"p98\">&#8211;<\/span><span id=\"p99\">\u00a0C\u2019est aussi une communaut\u00e9\u00a0<span id=\"117\" class=\"s-bl\">enthousiaste&#8230;&#8230;.<\/span><\/span><span id=\"p100\">\u00a0Pour vous accompagner !<\/span><\/p>\n<h2>Que propose <span id=\"p124\"><span id=\"131\" class=\"s-rg\">Omnicuiseur<\/span>\u00a0Vitalit\u00e9<\/span> sur le salon ?<\/h2>\n<p><span id=\"p123\">Notre produit :<\/span><span id=\"p124\">\u00a0l\u2019<span id=\"131\" class=\"s-rg\">Omnicuiseur<\/span>\u00a0Vitalit\u00e9, en 2 mod\u00e8les :<\/span><span id=\"p137\">\u00a06 000 et 4 000 :<\/span><span id=\"p126\">\u00a0son utilisation facile, \u00e0 la port\u00e9e de tous et qui r\u00e9pond \u00e0 tous les besoins.<\/span><br \/>\n<span id=\"p138\">Vous d\u00e9couvrirez, au travers des diff\u00e9rentes recettes et de notre animation culinaire r\u00e9alis\u00e9es sur le stand \u00e0 11 h 30 que, de l&rsquo;entr\u00e9e au dessert, tout est r\u00e9alisable, m\u00eame en une seule cuisson !<\/span><span id=\"p128\">\u00a0Et gr\u00e2ce \u00e0 sa cocotte transparente en verre, vous vivez la cuisson avec gourmandise !<\/span><br \/>\n<span id=\"p129\">Pour r\u00e9pondre aux besoins saisonniers du corps, l\u2019\u00e9quipe de l\u2019<span id=\"135\" class=\"s-rg\">Omnicuiseur<\/span>\u00a0s\u2019est entour\u00e9e d\u2019experts de la nutrition et de la cuisine pour proposer une collection de livres de recettes saisonni\u00e8res.<\/span><\/p>\n<p><img decoding=\"async\" class=\"wp-image-10257 alignleft\" src=\"https:\/\/www.salon-zenetbio.com\/lyon\/wp-content\/uploads\/sites\/12\/2023\/10\/1693406897-file2-livre-ouvert-hivernoeud-267x300.jpg\" alt=\"Omnicuiseur\u00a0Vitalit\u00e9 - recettes\" width=\"189\" height=\"212\" srcset=\"http:\/\/www.salon-zenetbio.com\/lyon\/wp-content\/uploads\/sites\/12\/2023\/10\/1693406897-file2-livre-ouvert-hivernoeud-267x300.jpg 267w, http:\/\/www.salon-zenetbio.com\/lyon\/wp-content\/uploads\/sites\/12\/2023\/10\/1693406897-file2-livre-ouvert-hivernoeud-912x1024.jpg 912w, http:\/\/www.salon-zenetbio.com\/lyon\/wp-content\/uploads\/sites\/12\/2023\/10\/1693406897-file2-livre-ouvert-hivernoeud-768x863.jpg 768w, http:\/\/www.salon-zenetbio.com\/lyon\/wp-content\/uploads\/sites\/12\/2023\/10\/1693406897-file2-livre-ouvert-hivernoeud-1368x1536.jpg 1368w, http:\/\/www.salon-zenetbio.com\/lyon\/wp-content\/uploads\/sites\/12\/2023\/10\/1693406897-file2-livre-ouvert-hivernoeud-150x168.jpg 150w, http:\/\/www.salon-zenetbio.com\/lyon\/wp-content\/uploads\/sites\/12\/2023\/10\/1693406897-file2-livre-ouvert-hivernoeud-445x500.jpg 445w, http:\/\/www.salon-zenetbio.com\/lyon\/wp-content\/uploads\/sites\/12\/2023\/10\/1693406897-file2-livre-ouvert-hivernoeud.jpg 1526w\" sizes=\"(max-width: 189px) 100vw, 189px\" \/><\/p>\n<p>&nbsp;<\/p>\n<p><span id=\"p139\">Nous proposons des facilit\u00e9s de paiement en 10 ou 20 fois sans frais pour qu\u2019il soit accessible \u00e0 tout et pour tout achat sur les salons, 1 livre de recettes de saison est offert.<\/span><\/p>\n<h2><\/h2>\n<p>&nbsp;<\/p>\n<p>&nbsp;<\/p>\n<h2>Parlez-nous de votre relation avec le salon<\/h2>\n<p><span id=\"p148\">Un salon de qualit\u00e9 et une relation qui perdure depuis de longues ann\u00e9es par ce que le bien-\u00eatre se cuisine au quotidien !<\/span><span id=\"p149\">\u00a0Des aliments de bonne qualit\u00e9, un bon mode de cuisson&#8230;<\/span><span id=\"p150\">\u00a0Et tout y est !<\/span><\/p>\n<p><em><a href=\"https:\/\/www.salon-zenetbio.com\/lyon\/visiter\/liste-des-exposants\/\" target=\"_blank\" rel=\"noopener\">Consultez la liste des exposants<\/a><\/em><\/p>\n","protected":false},"excerpt":{"rendered":"<p>Pr\u00e9sentez-vous en quelques mots Depuis plus de 25 ans, l&rsquo;Omnicuiseur\u00a0Vitalit\u00e9, produit Fran\u00e7ais garanti 15 ans,\u00a0s\u00e9duit\u00a0par sa cuisson avant-gardiste \u00e0 basse temp\u00e9rature, tr\u00e8s \u00e9conomique\u00a0et totalement in\u00e9dit sur le march\u00e9.\u00a0Son incroyable capacit\u00e9 d\u2019adaptation \u00e0 toutes vos envies culinaires et son caract\u00e8re ing\u00e9nieux vous feront litt\u00e9ralement craquer ! 6 Bonnes raisons de l&rsquo;adopter au quotidien ! &#8211;\u00a0Pour manger&hellip; <\/p>\n","protected":false},"author":6,"featured_media":10256,"comment_status":"open","ping_status":"open","sticky":false,"template":"","format":"standard","meta":{"_monsterinsights_skip_tracking":false,"_monsterinsights_sitenote_active":false,"_monsterinsights_sitenote_note":"","_monsterinsights_sitenote_category":0,"footnotes":""},"categories":[358],"tags":[],"class_list":["post-10255","post","type-post","status-publish","format-standard","has-post-thumbnail","hentry","category-portraits-exposants"],"yoast_head":"<!-- This site is optimized with the Yoast SEO plugin v27.3 - https:\/\/yoast.com\/product\/yoast-seo-wordpress\/ -->\n<title>Omnicuiseur\u00a0Vitalit\u00e9 - Salon Zen&amp;Bio Lyon<\/title>\n<meta name=\"description\" content=\"Venez d\u00e9couvrir ou red\u00e9couvrir Omnicuiseur\u00a0Vitalit\u00e9 lors du salon Zen et Bio Lyon du 17 au 19 novembre 2023 !\" \/>\n<meta name=\"robots\" content=\"index, follow, max-snippet:-1, max-image-preview:large, max-video-preview:-1\" \/>\n<link rel=\"canonical\" href=\"https:\/\/www.salon-zenetbio.com\/lyon\/omnicuiseur-vitalite\/\" \/>\n<meta property=\"og:locale\" content=\"fr_FR\" \/>\n<meta property=\"og:type\" content=\"article\" \/>\n<meta property=\"og:title\" content=\"Omnicuiseur\u00a0Vitalit\u00e9 - Salon Zen&amp;Bio Lyon\" \/>\n<meta property=\"og:description\" content=\"Venez d\u00e9couvrir ou red\u00e9couvrir Omnicuiseur\u00a0Vitalit\u00e9 lors du salon Zen et Bio Lyon du 17 au 19 novembre 2023 !\" \/>\n<meta property=\"og:url\" content=\"https:\/\/www.salon-zenetbio.com\/lyon\/omnicuiseur-vitalite\/\" \/>\n<meta property=\"og:site_name\" content=\"Salon Zen&amp;Bio Lyon\" \/>\n<meta property=\"article:published_time\" content=\"2023-10-27T07:35:10+00:00\" \/>\n<meta property=\"og:image\" content=\"https:\/\/www.salon-zenetbio.com\/lyon\/wp-content\/uploads\/sites\/12\/2023\/10\/1693406897-file1-Visuel-L134-x-H98\u00a9.jpg\" \/>\n\t<meta property=\"og:image:width\" content=\"1583\" \/>\n\t<meta property=\"og:image:height\" content=\"1157\" \/>\n\t<meta property=\"og:image:type\" content=\"image\/jpeg\" \/>\n<meta name=\"author\" content=\"communication\" \/>\n<meta name=\"twitter:card\" content=\"summary_large_image\" \/>\n<meta name=\"twitter:label1\" content=\"\u00c9crit par\" \/>\n\t<meta name=\"twitter:data1\" content=\"communication\" \/>\n\t<meta name=\"twitter:label2\" content=\"Dur\u00e9e de lecture estim\u00e9e\" \/>\n\t<meta name=\"twitter:data2\" content=\"2 minutes\" \/>\n<script type=\"application\/ld+json\" class=\"yoast-schema-graph\">{\"@context\":\"https:\\\/\\\/schema.org\",\"@graph\":[{\"@type\":\"Article\",\"@id\":\"https:\\\/\\\/www.salon-zenetbio.com\\\/lyon\\\/omnicuiseur-vitalite\\\/#article\",\"isPartOf\":{\"@id\":\"https:\\\/\\\/www.salon-zenetbio.com\\\/lyon\\\/omnicuiseur-vitalite\\\/\"},\"author\":{\"name\":\"communication\",\"@id\":\"http:\\\/\\\/www.salon-zenetbio.com\\\/lyon\\\/#\\\/schema\\\/person\\\/ae137e79c551ab78ea22fb35759cb9f8\"},\"headline\":\"Omnicuiseur\u00a0Vitalit\u00e9\",\"datePublished\":\"2023-10-27T07:35:10+00:00\",\"mainEntityOfPage\":{\"@id\":\"https:\\\/\\\/www.salon-zenetbio.com\\\/lyon\\\/omnicuiseur-vitalite\\\/\"},\"wordCount\":345,\"commentCount\":0,\"publisher\":{\"@id\":\"http:\\\/\\\/www.salon-zenetbio.com\\\/lyon\\\/#organization\"},\"image\":{\"@id\":\"https:\\\/\\\/www.salon-zenetbio.com\\\/lyon\\\/omnicuiseur-vitalite\\\/#primaryimage\"},\"thumbnailUrl\":\"http:\\\/\\\/www.salon-zenetbio.com\\\/lyon\\\/wp-content\\\/uploads\\\/sites\\\/12\\\/2023\\\/10\\\/1693406897-file1-Visuel-L134-x-H98\u00a9.jpg\",\"articleSection\":[\"portraits exposants\"],\"inLanguage\":\"fr-FR\",\"potentialAction\":[{\"@type\":\"CommentAction\",\"name\":\"Comment\",\"target\":[\"https:\\\/\\\/www.salon-zenetbio.com\\\/lyon\\\/omnicuiseur-vitalite\\\/#respond\"]}]},{\"@type\":\"WebPage\",\"@id\":\"https:\\\/\\\/www.salon-zenetbio.com\\\/lyon\\\/omnicuiseur-vitalite\\\/\",\"url\":\"https:\\\/\\\/www.salon-zenetbio.com\\\/lyon\\\/omnicuiseur-vitalite\\\/\",\"name\":\"Omnicuiseur\u00a0Vitalit\u00e9 - Salon Zen&amp;Bio Lyon\",\"isPartOf\":{\"@id\":\"http:\\\/\\\/www.salon-zenetbio.com\\\/lyon\\\/#website\"},\"primaryImageOfPage\":{\"@id\":\"https:\\\/\\\/www.salon-zenetbio.com\\\/lyon\\\/omnicuiseur-vitalite\\\/#primaryimage\"},\"image\":{\"@id\":\"https:\\\/\\\/www.salon-zenetbio.com\\\/lyon\\\/omnicuiseur-vitalite\\\/#primaryimage\"},\"thumbnailUrl\":\"http:\\\/\\\/www.salon-zenetbio.com\\\/lyon\\\/wp-content\\\/uploads\\\/sites\\\/12\\\/2023\\\/10\\\/1693406897-file1-Visuel-L134-x-H98\u00a9.jpg\",\"datePublished\":\"2023-10-27T07:35:10+00:00\",\"description\":\"Venez d\u00e9couvrir ou red\u00e9couvrir Omnicuiseur\u00a0Vitalit\u00e9 lors du salon Zen et Bio Lyon du 17 au 19 novembre 2023 !\",\"breadcrumb\":{\"@id\":\"https:\\\/\\\/www.salon-zenetbio.com\\\/lyon\\\/omnicuiseur-vitalite\\\/#breadcrumb\"},\"inLanguage\":\"fr-FR\",\"potentialAction\":[{\"@type\":\"ReadAction\",\"target\":[\"https:\\\/\\\/www.salon-zenetbio.com\\\/lyon\\\/omnicuiseur-vitalite\\\/\"]}]},{\"@type\":\"ImageObject\",\"inLanguage\":\"fr-FR\",\"@id\":\"https:\\\/\\\/www.salon-zenetbio.com\\\/lyon\\\/omnicuiseur-vitalite\\\/#primaryimage\",\"url\":\"http:\\\/\\\/www.salon-zenetbio.com\\\/lyon\\\/wp-content\\\/uploads\\\/sites\\\/12\\\/2023\\\/10\\\/1693406897-file1-Visuel-L134-x-H98\u00a9.jpg\",\"contentUrl\":\"http:\\\/\\\/www.salon-zenetbio.com\\\/lyon\\\/wp-content\\\/uploads\\\/sites\\\/12\\\/2023\\\/10\\\/1693406897-file1-Visuel-L134-x-H98\u00a9.jpg\",\"width\":1583,\"height\":1157,\"caption\":\"Omnicuiseur\u00a0Vitalit\u00e9 - produit\"},{\"@type\":\"BreadcrumbList\",\"@id\":\"https:\\\/\\\/www.salon-zenetbio.com\\\/lyon\\\/omnicuiseur-vitalite\\\/#breadcrumb\",\"itemListElement\":[{\"@type\":\"ListItem\",\"position\":1,\"name\":\"Accueil\",\"item\":\"http:\\\/\\\/www.salon-zenetbio.com\\\/lyon\\\/\"},{\"@type\":\"ListItem\",\"position\":2,\"name\":\"Omnicuiseur\u00a0Vitalit\u00e9\"}]},{\"@type\":\"WebSite\",\"@id\":\"http:\\\/\\\/www.salon-zenetbio.com\\\/lyon\\\/#website\",\"url\":\"http:\\\/\\\/www.salon-zenetbio.com\\\/lyon\\\/\",\"name\":\"Salon Zen&amp;Bio Lyon\",\"description\":\"salon Zen&amp;Bio Lyon : votre salon \u00e9colo, bio, bien-\u00eatre et habitat sain\",\"publisher\":{\"@id\":\"http:\\\/\\\/www.salon-zenetbio.com\\\/lyon\\\/#organization\"},\"potentialAction\":[{\"@type\":\"SearchAction\",\"target\":{\"@type\":\"EntryPoint\",\"urlTemplate\":\"http:\\\/\\\/www.salon-zenetbio.com\\\/lyon\\\/?s={search_term_string}\"},\"query-input\":{\"@type\":\"PropertyValueSpecification\",\"valueRequired\":true,\"valueName\":\"search_term_string\"}}],\"inLanguage\":\"fr-FR\"},{\"@type\":\"Organization\",\"@id\":\"http:\\\/\\\/www.salon-zenetbio.com\\\/lyon\\\/#organization\",\"name\":\"Salon Zen&amp;Bio Lyon\",\"url\":\"http:\\\/\\\/www.salon-zenetbio.com\\\/lyon\\\/\",\"logo\":{\"@type\":\"ImageObject\",\"inLanguage\":\"fr-FR\",\"@id\":\"http:\\\/\\\/www.salon-zenetbio.com\\\/lyon\\\/#\\\/schema\\\/logo\\\/image\\\/\",\"url\":\"http:\\\/\\\/www.salon-zenetbio.com\\\/lyon\\\/wp-content\\\/uploads\\\/sites\\\/12\\\/2026\\\/03\\\/cropped-Logo-ZEN-et-BIO-lyon-2026-1.png\",\"contentUrl\":\"http:\\\/\\\/www.salon-zenetbio.com\\\/lyon\\\/wp-content\\\/uploads\\\/sites\\\/12\\\/2026\\\/03\\\/cropped-Logo-ZEN-et-BIO-lyon-2026-1.png\",\"width\":921,\"height\":255,\"caption\":\"Salon Zen&amp;Bio Lyon\"},\"image\":{\"@id\":\"http:\\\/\\\/www.salon-zenetbio.com\\\/lyon\\\/#\\\/schema\\\/logo\\\/image\\\/\"}},{\"@type\":\"Person\",\"@id\":\"http:\\\/\\\/www.salon-zenetbio.com\\\/lyon\\\/#\\\/schema\\\/person\\\/ae137e79c551ab78ea22fb35759cb9f8\",\"name\":\"communication\",\"image\":{\"@type\":\"ImageObject\",\"inLanguage\":\"fr-FR\",\"@id\":\"https:\\\/\\\/secure.gravatar.com\\\/avatar\\\/0f49d5b7ab56355ffa797b3ce25e4f2375cedf6bc9afe416fe669342c3524275?s=96&d=mm&r=g\",\"url\":\"https:\\\/\\\/secure.gravatar.com\\\/avatar\\\/0f49d5b7ab56355ffa797b3ce25e4f2375cedf6bc9afe416fe669342c3524275?s=96&d=mm&r=g\",\"contentUrl\":\"https:\\\/\\\/secure.gravatar.com\\\/avatar\\\/0f49d5b7ab56355ffa797b3ce25e4f2375cedf6bc9afe416fe669342c3524275?s=96&d=mm&r=g\",\"caption\":\"communication\"},\"url\":\"http:\\\/\\\/www.salon-zenetbio.com\\\/lyon\\\/author\\\/communication\\\/\"}]}<\/script>\n<!-- \/ Yoast SEO plugin. -->","yoast_head_json":{"title":"Omnicuiseur\u00a0Vitalit\u00e9 - Salon Zen&amp;Bio Lyon","description":"Venez d\u00e9couvrir ou red\u00e9couvrir Omnicuiseur\u00a0Vitalit\u00e9 lors du salon Zen et Bio Lyon du 17 au 19 novembre 2023 !","robots":{"index":"index","follow":"follow","max-snippet":"max-snippet:-1","max-image-preview":"max-image-preview:large","max-video-preview":"max-video-preview:-1"},"canonical":"https:\/\/www.salon-zenetbio.com\/lyon\/omnicuiseur-vitalite\/","og_locale":"fr_FR","og_type":"article","og_title":"Omnicuiseur\u00a0Vitalit\u00e9 - Salon Zen&amp;Bio Lyon","og_description":"Venez d\u00e9couvrir ou red\u00e9couvrir Omnicuiseur\u00a0Vitalit\u00e9 lors du salon Zen et Bio Lyon du 17 au 19 novembre 2023 !","og_url":"https:\/\/www.salon-zenetbio.com\/lyon\/omnicuiseur-vitalite\/","og_site_name":"Salon Zen&amp;Bio Lyon","article_published_time":"2023-10-27T07:35:10+00:00","og_image":[{"width":1583,"height":1157,"url":"https:\/\/www.salon-zenetbio.com\/lyon\/wp-content\/uploads\/sites\/12\/2023\/10\/1693406897-file1-Visuel-L134-x-H98\u00a9.jpg","type":"image\/jpeg"}],"author":"communication","twitter_card":"summary_large_image","twitter_misc":{"\u00c9crit par":"communication","Dur\u00e9e de lecture estim\u00e9e":"2 minutes"},"schema":{"@context":"https:\/\/schema.org","@graph":[{"@type":"Article","@id":"https:\/\/www.salon-zenetbio.com\/lyon\/omnicuiseur-vitalite\/#article","isPartOf":{"@id":"https:\/\/www.salon-zenetbio.com\/lyon\/omnicuiseur-vitalite\/"},"author":{"name":"communication","@id":"http:\/\/www.salon-zenetbio.com\/lyon\/#\/schema\/person\/ae137e79c551ab78ea22fb35759cb9f8"},"headline":"Omnicuiseur\u00a0Vitalit\u00e9","datePublished":"2023-10-27T07:35:10+00:00","mainEntityOfPage":{"@id":"https:\/\/www.salon-zenetbio.com\/lyon\/omnicuiseur-vitalite\/"},"wordCount":345,"commentCount":0,"publisher":{"@id":"http:\/\/www.salon-zenetbio.com\/lyon\/#organization"},"image":{"@id":"https:\/\/www.salon-zenetbio.com\/lyon\/omnicuiseur-vitalite\/#primaryimage"},"thumbnailUrl":"http:\/\/www.salon-zenetbio.com\/lyon\/wp-content\/uploads\/sites\/12\/2023\/10\/1693406897-file1-Visuel-L134-x-H98\u00a9.jpg","articleSection":["portraits exposants"],"inLanguage":"fr-FR","potentialAction":[{"@type":"CommentAction","name":"Comment","target":["https:\/\/www.salon-zenetbio.com\/lyon\/omnicuiseur-vitalite\/#respond"]}]},{"@type":"WebPage","@id":"https:\/\/www.salon-zenetbio.com\/lyon\/omnicuiseur-vitalite\/","url":"https:\/\/www.salon-zenetbio.com\/lyon\/omnicuiseur-vitalite\/","name":"Omnicuiseur\u00a0Vitalit\u00e9 - Salon Zen&amp;Bio Lyon","isPartOf":{"@id":"http:\/\/www.salon-zenetbio.com\/lyon\/#website"},"primaryImageOfPage":{"@id":"https:\/\/www.salon-zenetbio.com\/lyon\/omnicuiseur-vitalite\/#primaryimage"},"image":{"@id":"https:\/\/www.salon-zenetbio.com\/lyon\/omnicuiseur-vitalite\/#primaryimage"},"thumbnailUrl":"http:\/\/www.salon-zenetbio.com\/lyon\/wp-content\/uploads\/sites\/12\/2023\/10\/1693406897-file1-Visuel-L134-x-H98\u00a9.jpg","datePublished":"2023-10-27T07:35:10+00:00","description":"Venez d\u00e9couvrir ou red\u00e9couvrir Omnicuiseur\u00a0Vitalit\u00e9 lors du salon Zen et Bio Lyon du 17 au 19 novembre 2023 !","breadcrumb":{"@id":"https:\/\/www.salon-zenetbio.com\/lyon\/omnicuiseur-vitalite\/#breadcrumb"},"inLanguage":"fr-FR","potentialAction":[{"@type":"ReadAction","target":["https:\/\/www.salon-zenetbio.com\/lyon\/omnicuiseur-vitalite\/"]}]},{"@type":"ImageObject","inLanguage":"fr-FR","@id":"https:\/\/www.salon-zenetbio.com\/lyon\/omnicuiseur-vitalite\/#primaryimage","url":"http:\/\/www.salon-zenetbio.com\/lyon\/wp-content\/uploads\/sites\/12\/2023\/10\/1693406897-file1-Visuel-L134-x-H98\u00a9.jpg","contentUrl":"http:\/\/www.salon-zenetbio.com\/lyon\/wp-content\/uploads\/sites\/12\/2023\/10\/1693406897-file1-Visuel-L134-x-H98\u00a9.jpg","width":1583,"height":1157,"caption":"Omnicuiseur\u00a0Vitalit\u00e9 - produit"},{"@type":"BreadcrumbList","@id":"https:\/\/www.salon-zenetbio.com\/lyon\/omnicuiseur-vitalite\/#breadcrumb","itemListElement":[{"@type":"ListItem","position":1,"name":"Accueil","item":"http:\/\/www.salon-zenetbio.com\/lyon\/"},{"@type":"ListItem","position":2,"name":"Omnicuiseur\u00a0Vitalit\u00e9"}]},{"@type":"WebSite","@id":"http:\/\/www.salon-zenetbio.com\/lyon\/#website","url":"http:\/\/www.salon-zenetbio.com\/lyon\/","name":"Salon Zen&amp;Bio Lyon","description":"salon Zen&amp;Bio Lyon : votre salon \u00e9colo, bio, bien-\u00eatre et habitat sain","publisher":{"@id":"http:\/\/www.salon-zenetbio.com\/lyon\/#organization"},"potentialAction":[{"@type":"SearchAction","target":{"@type":"EntryPoint","urlTemplate":"http:\/\/www.salon-zenetbio.com\/lyon\/?s={search_term_string}"},"query-input":{"@type":"PropertyValueSpecification","valueRequired":true,"valueName":"search_term_string"}}],"inLanguage":"fr-FR"},{"@type":"Organization","@id":"http:\/\/www.salon-zenetbio.com\/lyon\/#organization","name":"Salon Zen&amp;Bio Lyon","url":"http:\/\/www.salon-zenetbio.com\/lyon\/","logo":{"@type":"ImageObject","inLanguage":"fr-FR","@id":"http:\/\/www.salon-zenetbio.com\/lyon\/#\/schema\/logo\/image\/","url":"http:\/\/www.salon-zenetbio.com\/lyon\/wp-content\/uploads\/sites\/12\/2026\/03\/cropped-Logo-ZEN-et-BIO-lyon-2026-1.png","contentUrl":"http:\/\/www.salon-zenetbio.com\/lyon\/wp-content\/uploads\/sites\/12\/2026\/03\/cropped-Logo-ZEN-et-BIO-lyon-2026-1.png","width":921,"height":255,"caption":"Salon Zen&amp;Bio Lyon"},"image":{"@id":"http:\/\/www.salon-zenetbio.com\/lyon\/#\/schema\/logo\/image\/"}},{"@type":"Person","@id":"http:\/\/www.salon-zenetbio.com\/lyon\/#\/schema\/person\/ae137e79c551ab78ea22fb35759cb9f8","name":"communication","image":{"@type":"ImageObject","inLanguage":"fr-FR","@id":"https:\/\/secure.gravatar.com\/avatar\/0f49d5b7ab56355ffa797b3ce25e4f2375cedf6bc9afe416fe669342c3524275?s=96&d=mm&r=g","url":"https:\/\/secure.gravatar.com\/avatar\/0f49d5b7ab56355ffa797b3ce25e4f2375cedf6bc9afe416fe669342c3524275?s=96&d=mm&r=g","contentUrl":"https:\/\/secure.gravatar.com\/avatar\/0f49d5b7ab56355ffa797b3ce25e4f2375cedf6bc9afe416fe669342c3524275?s=96&d=mm&r=g","caption":"communication"},"url":"http:\/\/www.salon-zenetbio.com\/lyon\/author\/communication\/"}]}},"jetpack_featured_media_url":"http:\/\/www.salon-zenetbio.com\/lyon\/wp-content\/uploads\/sites\/12\/2023\/10\/1693406897-file1-Visuel-L134-x-H98\u00a9.jpg","_links":{"self":[{"href":"http:\/\/www.salon-zenetbio.com\/lyon\/wp-json\/wp\/v2\/posts\/10255","targetHints":{"allow":["GET"]}}],"collection":[{"href":"http:\/\/www.salon-zenetbio.com\/lyon\/wp-json\/wp\/v2\/posts"}],"about":[{"href":"http:\/\/www.salon-zenetbio.com\/lyon\/wp-json\/wp\/v2\/types\/post"}],"author":[{"embeddable":true,"href":"http:\/\/www.salon-zenetbio.com\/lyon\/wp-json\/wp\/v2\/users\/6"}],"replies":[{"embeddable":true,"href":"http:\/\/www.salon-zenetbio.com\/lyon\/wp-json\/wp\/v2\/comments?post=10255"}],"version-history":[{"count":5,"href":"http:\/\/www.salon-zenetbio.com\/lyon\/wp-json\/wp\/v2\/posts\/10255\/revisions"}],"predecessor-version":[{"id":10262,"href":"http:\/\/www.salon-zenetbio.com\/lyon\/wp-json\/wp\/v2\/posts\/10255\/revisions\/10262"}],"wp:featuredmedia":[{"embeddable":true,"href":"http:\/\/www.salon-zenetbio.com\/lyon\/wp-json\/wp\/v2\/media\/10256"}],"wp:attachment":[{"href":"http:\/\/www.salon-zenetbio.com\/lyon\/wp-json\/wp\/v2\/media?parent=10255"}],"wp:term":[{"taxonomy":"category","embeddable":true,"href":"http:\/\/www.salon-zenetbio.com\/lyon\/wp-json\/wp\/v2\/categories?post=10255"},{"taxonomy":"post_tag","embeddable":true,"href":"http:\/\/www.salon-zenetbio.com\/lyon\/wp-json\/wp\/v2\/tags?post=10255"}],"curies":[{"name":"wp","href":"https:\/\/api.w.org\/{rel}","templated":true}]}}