{"id":14597,"date":"2023-10-05T11:17:25","date_gmt":"2023-10-05T09:17:25","guid":{"rendered":"https:\/\/www.salon-zenetbio.com\/nantes\/?p=14597"},"modified":"2023-10-05T11:17:43","modified_gmt":"2023-10-05T09:17:43","slug":"papate","status":"publish","type":"post","link":"http:\/\/www.salon-zenetbio.com\/nantes\/papate\/","title":{"rendered":"Papate"},"content":{"rendered":"<p><img decoding=\"async\" class=\"wp-image-14286 aligncenter\" src=\"https:\/\/www.salon-zenetbio.com\/nantes\/wp-content\/uploads\/sites\/7\/2023\/09\/logo-menu.png\" alt=\"\" width=\"151\" height=\"199\" \/><\/p>\n<p>&nbsp;<\/p>\n<p>De plus en plus de personnes font le choix des\u00a0accessoires de pu\u00e9riculture fabriqu\u00e9s en France,\u00a0afin de favoriser le d\u00e9veloppement des entreprises sur le territoire mais aussi de limiter leur empreinte carbone.<\/p>\n<p>Acheter un produit en coton BIO et Made in France, c\u2019est aujourd\u2019hui un acte citoyen et \u00e9cologique !<\/p>\n<p>Le coton utilis\u00e9 par PAPATE provient de Turquie car il n\u2019existe pas de coton bio en France. Ensuite, l\u2019int\u00e9gralit\u00e9 de la cha\u00eene de production est situ\u00e9e en France. Vos bodies et capes de bain parcourent une distance minimale avant d\u2019arriver dans vos armoires !<\/p>\n<p>Une jeune marque qui propose une petite r\u00e9volution dans l\u2019univers de la pu\u00e9riculture. Papate envisage le textile de mani\u00e8re \u00e9thique et responsable ! Des tissus BIO, des articles de Pu\u00e9riculture en Coton Bio et des v\u00eatements fabriqu\u00e9s en France. Des\u00a0designs intemporels\u00a0pour des\u00a0produits Unisexes et non genr\u00e9s !<\/p>\n<p><a href=\"https:\/\/www.papate.fr\/\" target=\"_blank\" rel=\"noopener\">Voir le site de Papate<\/a><\/p>\n","protected":false},"excerpt":{"rendered":"<p>&nbsp; De plus en plus de personnes font le choix des\u00a0accessoires de pu\u00e9riculture fabriqu\u00e9s en France,\u00a0afin de favoriser le d\u00e9veloppement des entreprises sur le territoire mais aussi de limiter leur empreinte carbone. Acheter un produit en coton BIO et Made in France, c\u2019est aujourd\u2019hui un acte citoyen et \u00e9cologique ! Le coton utilis\u00e9 par PAPATE&hellip; <\/p>\n","protected":false},"author":1,"featured_media":14310,"comment_status":"open","ping_status":"open","sticky":false,"template":"","format":"standard","meta":{"_monsterinsights_skip_tracking":false,"_monsterinsights_sitenote_active":false,"_monsterinsights_sitenote_note":"","_monsterinsights_sitenote_category":0,"footnotes":""},"categories":[348],"tags":[],"class_list":["post-14597","post","type-post","status-publish","format-standard","has-post-thumbnail","hentry","category-espace-les-ptits-nouveaux"],"yoast_head":"<!-- This site is optimized with the Yoast SEO plugin v27.3 - https:\/\/yoast.com\/product\/yoast-seo-wordpress\/ -->\n<title>Papate - Salon ZEN &amp; BIO Nantes<\/title>\n<meta name=\"description\" content=\"Venez d\u00e9couvrir Papate lors du salon Zen &amp; Bio Nantes du 13 au 15 octobre 2023 !\" \/>\n<meta name=\"robots\" content=\"index, follow, max-snippet:-1, max-image-preview:large, max-video-preview:-1\" \/>\n<link rel=\"canonical\" href=\"http:\/\/www.salon-zenetbio.com\/nantes\/papate\/\" \/>\n<meta property=\"og:locale\" content=\"fr_FR\" \/>\n<meta property=\"og:type\" content=\"article\" \/>\n<meta property=\"og:title\" content=\"Papate - Salon ZEN &amp; BIO Nantes\" \/>\n<meta property=\"og:description\" content=\"Venez d\u00e9couvrir Papate lors du salon Zen &amp; Bio Nantes du 13 au 15 octobre 2023 !\" \/>\n<meta property=\"og:url\" content=\"http:\/\/www.salon-zenetbio.com\/nantes\/papate\/\" \/>\n<meta property=\"og:site_name\" content=\"Salon ZEN &amp; BIO Nantes\" \/>\n<meta property=\"article:published_time\" content=\"2023-10-05T09:17:25+00:00\" \/>\n<meta property=\"article:modified_time\" content=\"2023-10-05T09:17:43+00:00\" \/>\n<meta property=\"og:image\" content=\"http:\/\/www.salon-zenetbio.com\/nantes\/wp-content\/uploads\/sites\/7\/2023\/09\/CDB0B9B4-9ABC-47F6-8AB3-B610C4518030_1_105_c.jpeg\" \/>\n\t<meta property=\"og:image:width\" content=\"886\" \/>\n\t<meta property=\"og:image:height\" content=\"886\" \/>\n\t<meta property=\"og:image:type\" content=\"image\/jpeg\" \/>\n<meta name=\"author\" content=\"admin\" \/>\n<meta name=\"twitter:card\" content=\"summary_large_image\" \/>\n<meta name=\"twitter:label1\" content=\"\u00c9crit par\" \/>\n\t<meta name=\"twitter:data1\" content=\"admin\" \/>\n\t<meta name=\"twitter:label2\" content=\"Dur\u00e9e de lecture estim\u00e9e\" \/>\n\t<meta name=\"twitter:data2\" content=\"1 minute\" \/>\n<script type=\"application\/ld+json\" class=\"yoast-schema-graph\">{\"@context\":\"https:\\\/\\\/schema.org\",\"@graph\":[{\"@type\":\"Article\",\"@id\":\"http:\\\/\\\/www.salon-zenetbio.com\\\/nantes\\\/papate\\\/#article\",\"isPartOf\":{\"@id\":\"http:\\\/\\\/www.salon-zenetbio.com\\\/nantes\\\/papate\\\/\"},\"author\":{\"name\":\"admin\",\"@id\":\"https:\\\/\\\/www.salon-zenetbio.com\\\/nantes\\\/#\\\/schema\\\/person\\\/fd603f85622bcbb2a2feb7394bd42eb3\"},\"headline\":\"Papate\",\"datePublished\":\"2023-10-05T09:17:25+00:00\",\"dateModified\":\"2023-10-05T09:17:43+00:00\",\"mainEntityOfPage\":{\"@id\":\"http:\\\/\\\/www.salon-zenetbio.com\\\/nantes\\\/papate\\\/\"},\"wordCount\":167,\"commentCount\":0,\"publisher\":{\"@id\":\"https:\\\/\\\/www.salon-zenetbio.com\\\/nantes\\\/#organization\"},\"image\":{\"@id\":\"http:\\\/\\\/www.salon-zenetbio.com\\\/nantes\\\/papate\\\/#primaryimage\"},\"thumbnailUrl\":\"http:\\\/\\\/www.salon-zenetbio.com\\\/nantes\\\/wp-content\\\/uploads\\\/sites\\\/7\\\/2023\\\/09\\\/CDB0B9B4-9ABC-47F6-8AB3-B610C4518030_1_105_c.jpeg\",\"articleSection\":[\"Espace Les P'tits Nouveaux\"],\"inLanguage\":\"fr-FR\",\"potentialAction\":[{\"@type\":\"CommentAction\",\"name\":\"Comment\",\"target\":[\"http:\\\/\\\/www.salon-zenetbio.com\\\/nantes\\\/papate\\\/#respond\"]}]},{\"@type\":\"WebPage\",\"@id\":\"http:\\\/\\\/www.salon-zenetbio.com\\\/nantes\\\/papate\\\/\",\"url\":\"http:\\\/\\\/www.salon-zenetbio.com\\\/nantes\\\/papate\\\/\",\"name\":\"Papate - Salon ZEN &amp; BIO Nantes\",\"isPartOf\":{\"@id\":\"https:\\\/\\\/www.salon-zenetbio.com\\\/nantes\\\/#website\"},\"primaryImageOfPage\":{\"@id\":\"http:\\\/\\\/www.salon-zenetbio.com\\\/nantes\\\/papate\\\/#primaryimage\"},\"image\":{\"@id\":\"http:\\\/\\\/www.salon-zenetbio.com\\\/nantes\\\/papate\\\/#primaryimage\"},\"thumbnailUrl\":\"http:\\\/\\\/www.salon-zenetbio.com\\\/nantes\\\/wp-content\\\/uploads\\\/sites\\\/7\\\/2023\\\/09\\\/CDB0B9B4-9ABC-47F6-8AB3-B610C4518030_1_105_c.jpeg\",\"datePublished\":\"2023-10-05T09:17:25+00:00\",\"dateModified\":\"2023-10-05T09:17:43+00:00\",\"description\":\"Venez d\u00e9couvrir Papate lors du salon Zen & Bio Nantes du 13 au 15 octobre 2023 !\",\"breadcrumb\":{\"@id\":\"http:\\\/\\\/www.salon-zenetbio.com\\\/nantes\\\/papate\\\/#breadcrumb\"},\"inLanguage\":\"fr-FR\",\"potentialAction\":[{\"@type\":\"ReadAction\",\"target\":[\"http:\\\/\\\/www.salon-zenetbio.com\\\/nantes\\\/papate\\\/\"]}]},{\"@type\":\"ImageObject\",\"inLanguage\":\"fr-FR\",\"@id\":\"http:\\\/\\\/www.salon-zenetbio.com\\\/nantes\\\/papate\\\/#primaryimage\",\"url\":\"http:\\\/\\\/www.salon-zenetbio.com\\\/nantes\\\/wp-content\\\/uploads\\\/sites\\\/7\\\/2023\\\/09\\\/CDB0B9B4-9ABC-47F6-8AB3-B610C4518030_1_105_c.jpeg\",\"contentUrl\":\"http:\\\/\\\/www.salon-zenetbio.com\\\/nantes\\\/wp-content\\\/uploads\\\/sites\\\/7\\\/2023\\\/09\\\/CDB0B9B4-9ABC-47F6-8AB3-B610C4518030_1_105_c.jpeg\",\"width\":886,\"height\":886},{\"@type\":\"BreadcrumbList\",\"@id\":\"http:\\\/\\\/www.salon-zenetbio.com\\\/nantes\\\/papate\\\/#breadcrumb\",\"itemListElement\":[{\"@type\":\"ListItem\",\"position\":1,\"name\":\"Accueil\",\"item\":\"https:\\\/\\\/www.salon-zenetbio.com\\\/nantes\\\/\"},{\"@type\":\"ListItem\",\"position\":2,\"name\":\"Papate\"}]},{\"@type\":\"WebSite\",\"@id\":\"https:\\\/\\\/www.salon-zenetbio.com\\\/nantes\\\/#website\",\"url\":\"https:\\\/\\\/www.salon-zenetbio.com\\\/nantes\\\/\",\"name\":\"Salon ZEN &amp; BIO Nantes\",\"description\":\"salon ZEN &amp; BIO Nantes : votre salon bio, bien-\u00eatre et habitat sain\",\"publisher\":{\"@id\":\"https:\\\/\\\/www.salon-zenetbio.com\\\/nantes\\\/#organization\"},\"potentialAction\":[{\"@type\":\"SearchAction\",\"target\":{\"@type\":\"EntryPoint\",\"urlTemplate\":\"https:\\\/\\\/www.salon-zenetbio.com\\\/nantes\\\/?s={search_term_string}\"},\"query-input\":{\"@type\":\"PropertyValueSpecification\",\"valueRequired\":true,\"valueName\":\"search_term_string\"}}],\"inLanguage\":\"fr-FR\"},{\"@type\":\"Organization\",\"@id\":\"https:\\\/\\\/www.salon-zenetbio.com\\\/nantes\\\/#organization\",\"name\":\"Salon ZEN &amp; BIO Nantes\",\"url\":\"https:\\\/\\\/www.salon-zenetbio.com\\\/nantes\\\/\",\"logo\":{\"@type\":\"ImageObject\",\"inLanguage\":\"fr-FR\",\"@id\":\"https:\\\/\\\/www.salon-zenetbio.com\\\/nantes\\\/#\\\/schema\\\/logo\\\/image\\\/\",\"url\":\"http:\\\/\\\/www.salon-zenetbio.com\\\/nantes\\\/wp-content\\\/uploads\\\/sites\\\/7\\\/2026\\\/03\\\/cropped-Logo-ZEN-et-BIO-nantes-2026.png\",\"contentUrl\":\"http:\\\/\\\/www.salon-zenetbio.com\\\/nantes\\\/wp-content\\\/uploads\\\/sites\\\/7\\\/2026\\\/03\\\/cropped-Logo-ZEN-et-BIO-nantes-2026.png\",\"width\":921,\"height\":255,\"caption\":\"Salon ZEN &amp; BIO Nantes\"},\"image\":{\"@id\":\"https:\\\/\\\/www.salon-zenetbio.com\\\/nantes\\\/#\\\/schema\\\/logo\\\/image\\\/\"}},{\"@type\":\"Person\",\"@id\":\"https:\\\/\\\/www.salon-zenetbio.com\\\/nantes\\\/#\\\/schema\\\/person\\\/fd603f85622bcbb2a2feb7394bd42eb3\",\"name\":\"admin\",\"image\":{\"@type\":\"ImageObject\",\"inLanguage\":\"fr-FR\",\"@id\":\"https:\\\/\\\/secure.gravatar.com\\\/avatar\\\/bdec238283f0ae74f0c0dc844c4dddd9689b95e8e5f6c5a8ee96dea3cf51061e?s=96&d=mm&r=g\",\"url\":\"https:\\\/\\\/secure.gravatar.com\\\/avatar\\\/bdec238283f0ae74f0c0dc844c4dddd9689b95e8e5f6c5a8ee96dea3cf51061e?s=96&d=mm&r=g\",\"contentUrl\":\"https:\\\/\\\/secure.gravatar.com\\\/avatar\\\/bdec238283f0ae74f0c0dc844c4dddd9689b95e8e5f6c5a8ee96dea3cf51061e?s=96&d=mm&r=g\",\"caption\":\"admin\"},\"url\":\"http:\\\/\\\/www.salon-zenetbio.com\\\/nantes\\\/author\\\/admin\\\/\"}]}<\/script>\n<!-- \/ Yoast SEO plugin. -->","yoast_head_json":{"title":"Papate - Salon ZEN &amp; BIO Nantes","description":"Venez d\u00e9couvrir Papate lors du salon Zen & Bio Nantes du 13 au 15 octobre 2023 !","robots":{"index":"index","follow":"follow","max-snippet":"max-snippet:-1","max-image-preview":"max-image-preview:large","max-video-preview":"max-video-preview:-1"},"canonical":"http:\/\/www.salon-zenetbio.com\/nantes\/papate\/","og_locale":"fr_FR","og_type":"article","og_title":"Papate - Salon ZEN &amp; BIO Nantes","og_description":"Venez d\u00e9couvrir Papate lors du salon Zen & Bio Nantes du 13 au 15 octobre 2023 !","og_url":"http:\/\/www.salon-zenetbio.com\/nantes\/papate\/","og_site_name":"Salon ZEN &amp; BIO Nantes","article_published_time":"2023-10-05T09:17:25+00:00","article_modified_time":"2023-10-05T09:17:43+00:00","og_image":[{"width":886,"height":886,"url":"http:\/\/www.salon-zenetbio.com\/nantes\/wp-content\/uploads\/sites\/7\/2023\/09\/CDB0B9B4-9ABC-47F6-8AB3-B610C4518030_1_105_c.jpeg","type":"image\/jpeg"}],"author":"admin","twitter_card":"summary_large_image","twitter_misc":{"\u00c9crit par":"admin","Dur\u00e9e de lecture estim\u00e9e":"1 minute"},"schema":{"@context":"https:\/\/schema.org","@graph":[{"@type":"Article","@id":"http:\/\/www.salon-zenetbio.com\/nantes\/papate\/#article","isPartOf":{"@id":"http:\/\/www.salon-zenetbio.com\/nantes\/papate\/"},"author":{"name":"admin","@id":"https:\/\/www.salon-zenetbio.com\/nantes\/#\/schema\/person\/fd603f85622bcbb2a2feb7394bd42eb3"},"headline":"Papate","datePublished":"2023-10-05T09:17:25+00:00","dateModified":"2023-10-05T09:17:43+00:00","mainEntityOfPage":{"@id":"http:\/\/www.salon-zenetbio.com\/nantes\/papate\/"},"wordCount":167,"commentCount":0,"publisher":{"@id":"https:\/\/www.salon-zenetbio.com\/nantes\/#organization"},"image":{"@id":"http:\/\/www.salon-zenetbio.com\/nantes\/papate\/#primaryimage"},"thumbnailUrl":"http:\/\/www.salon-zenetbio.com\/nantes\/wp-content\/uploads\/sites\/7\/2023\/09\/CDB0B9B4-9ABC-47F6-8AB3-B610C4518030_1_105_c.jpeg","articleSection":["Espace Les P'tits Nouveaux"],"inLanguage":"fr-FR","potentialAction":[{"@type":"CommentAction","name":"Comment","target":["http:\/\/www.salon-zenetbio.com\/nantes\/papate\/#respond"]}]},{"@type":"WebPage","@id":"http:\/\/www.salon-zenetbio.com\/nantes\/papate\/","url":"http:\/\/www.salon-zenetbio.com\/nantes\/papate\/","name":"Papate - Salon ZEN &amp; BIO Nantes","isPartOf":{"@id":"https:\/\/www.salon-zenetbio.com\/nantes\/#website"},"primaryImageOfPage":{"@id":"http:\/\/www.salon-zenetbio.com\/nantes\/papate\/#primaryimage"},"image":{"@id":"http:\/\/www.salon-zenetbio.com\/nantes\/papate\/#primaryimage"},"thumbnailUrl":"http:\/\/www.salon-zenetbio.com\/nantes\/wp-content\/uploads\/sites\/7\/2023\/09\/CDB0B9B4-9ABC-47F6-8AB3-B610C4518030_1_105_c.jpeg","datePublished":"2023-10-05T09:17:25+00:00","dateModified":"2023-10-05T09:17:43+00:00","description":"Venez d\u00e9couvrir Papate lors du salon Zen & Bio Nantes du 13 au 15 octobre 2023 !","breadcrumb":{"@id":"http:\/\/www.salon-zenetbio.com\/nantes\/papate\/#breadcrumb"},"inLanguage":"fr-FR","potentialAction":[{"@type":"ReadAction","target":["http:\/\/www.salon-zenetbio.com\/nantes\/papate\/"]}]},{"@type":"ImageObject","inLanguage":"fr-FR","@id":"http:\/\/www.salon-zenetbio.com\/nantes\/papate\/#primaryimage","url":"http:\/\/www.salon-zenetbio.com\/nantes\/wp-content\/uploads\/sites\/7\/2023\/09\/CDB0B9B4-9ABC-47F6-8AB3-B610C4518030_1_105_c.jpeg","contentUrl":"http:\/\/www.salon-zenetbio.com\/nantes\/wp-content\/uploads\/sites\/7\/2023\/09\/CDB0B9B4-9ABC-47F6-8AB3-B610C4518030_1_105_c.jpeg","width":886,"height":886},{"@type":"BreadcrumbList","@id":"http:\/\/www.salon-zenetbio.com\/nantes\/papate\/#breadcrumb","itemListElement":[{"@type":"ListItem","position":1,"name":"Accueil","item":"https:\/\/www.salon-zenetbio.com\/nantes\/"},{"@type":"ListItem","position":2,"name":"Papate"}]},{"@type":"WebSite","@id":"https:\/\/www.salon-zenetbio.com\/nantes\/#website","url":"https:\/\/www.salon-zenetbio.com\/nantes\/","name":"Salon ZEN &amp; BIO Nantes","description":"salon ZEN &amp; BIO Nantes : votre salon bio, bien-\u00eatre et habitat sain","publisher":{"@id":"https:\/\/www.salon-zenetbio.com\/nantes\/#organization"},"potentialAction":[{"@type":"SearchAction","target":{"@type":"EntryPoint","urlTemplate":"https:\/\/www.salon-zenetbio.com\/nantes\/?s={search_term_string}"},"query-input":{"@type":"PropertyValueSpecification","valueRequired":true,"valueName":"search_term_string"}}],"inLanguage":"fr-FR"},{"@type":"Organization","@id":"https:\/\/www.salon-zenetbio.com\/nantes\/#organization","name":"Salon ZEN &amp; BIO Nantes","url":"https:\/\/www.salon-zenetbio.com\/nantes\/","logo":{"@type":"ImageObject","inLanguage":"fr-FR","@id":"https:\/\/www.salon-zenetbio.com\/nantes\/#\/schema\/logo\/image\/","url":"http:\/\/www.salon-zenetbio.com\/nantes\/wp-content\/uploads\/sites\/7\/2026\/03\/cropped-Logo-ZEN-et-BIO-nantes-2026.png","contentUrl":"http:\/\/www.salon-zenetbio.com\/nantes\/wp-content\/uploads\/sites\/7\/2026\/03\/cropped-Logo-ZEN-et-BIO-nantes-2026.png","width":921,"height":255,"caption":"Salon ZEN &amp; BIO Nantes"},"image":{"@id":"https:\/\/www.salon-zenetbio.com\/nantes\/#\/schema\/logo\/image\/"}},{"@type":"Person","@id":"https:\/\/www.salon-zenetbio.com\/nantes\/#\/schema\/person\/fd603f85622bcbb2a2feb7394bd42eb3","name":"admin","image":{"@type":"ImageObject","inLanguage":"fr-FR","@id":"https:\/\/secure.gravatar.com\/avatar\/bdec238283f0ae74f0c0dc844c4dddd9689b95e8e5f6c5a8ee96dea3cf51061e?s=96&d=mm&r=g","url":"https:\/\/secure.gravatar.com\/avatar\/bdec238283f0ae74f0c0dc844c4dddd9689b95e8e5f6c5a8ee96dea3cf51061e?s=96&d=mm&r=g","contentUrl":"https:\/\/secure.gravatar.com\/avatar\/bdec238283f0ae74f0c0dc844c4dddd9689b95e8e5f6c5a8ee96dea3cf51061e?s=96&d=mm&r=g","caption":"admin"},"url":"http:\/\/www.salon-zenetbio.com\/nantes\/author\/admin\/"}]}},"jetpack_featured_media_url":"http:\/\/www.salon-zenetbio.com\/nantes\/wp-content\/uploads\/sites\/7\/2023\/09\/CDB0B9B4-9ABC-47F6-8AB3-B610C4518030_1_105_c.jpeg","_links":{"self":[{"href":"http:\/\/www.salon-zenetbio.com\/nantes\/wp-json\/wp\/v2\/posts\/14597","targetHints":{"allow":["GET"]}}],"collection":[{"href":"http:\/\/www.salon-zenetbio.com\/nantes\/wp-json\/wp\/v2\/posts"}],"about":[{"href":"http:\/\/www.salon-zenetbio.com\/nantes\/wp-json\/wp\/v2\/types\/post"}],"author":[{"embeddable":true,"href":"http:\/\/www.salon-zenetbio.com\/nantes\/wp-json\/wp\/v2\/users\/1"}],"replies":[{"embeddable":true,"href":"http:\/\/www.salon-zenetbio.com\/nantes\/wp-json\/wp\/v2\/comments?post=14597"}],"version-history":[{"count":1,"href":"http:\/\/www.salon-zenetbio.com\/nantes\/wp-json\/wp\/v2\/posts\/14597\/revisions"}],"predecessor-version":[{"id":14598,"href":"http:\/\/www.salon-zenetbio.com\/nantes\/wp-json\/wp\/v2\/posts\/14597\/revisions\/14598"}],"wp:featuredmedia":[{"embeddable":true,"href":"http:\/\/www.salon-zenetbio.com\/nantes\/wp-json\/wp\/v2\/media\/14310"}],"wp:attachment":[{"href":"http:\/\/www.salon-zenetbio.com\/nantes\/wp-json\/wp\/v2\/media?parent=14597"}],"wp:term":[{"taxonomy":"category","embeddable":true,"href":"http:\/\/www.salon-zenetbio.com\/nantes\/wp-json\/wp\/v2\/categories?post=14597"},{"taxonomy":"post_tag","embeddable":true,"href":"http:\/\/www.salon-zenetbio.com\/nantes\/wp-json\/wp\/v2\/tags?post=14597"}],"curies":[{"name":"wp","href":"https:\/\/api.w.org\/{rel}","templated":true}]}}