{"id":18238,"date":"2025-09-23T12:36:23","date_gmt":"2025-09-23T10:36:23","guid":{"rendered":"https:\/\/www.salon-zenetbio.com\/nantes\/?p=18238"},"modified":"2025-09-23T12:36:23","modified_gmt":"2025-09-23T10:36:23","slug":"minez-du","status":"publish","type":"post","link":"http:\/\/www.salon-zenetbio.com\/nantes\/minez-du\/","title":{"rendered":"Minez-Du"},"content":{"rendered":"<h2>Si vous pouviez avoir un super-pouvoir, lequel choisiriez-vous et pourquoi ?<\/h2>\n<p>Celui d&rsquo;arr\u00eater le temps afin de pouvoir exp\u00e9rimenter encore plus la mati\u00e8re laine car le feutrage est un processus long.<\/p>\n<h2>Si vous pouviez d\u00eener avec une personne c\u00e9l\u00e8bre, vivante ou d\u00e9c\u00e9d\u00e9e, qui serait-ce et pourquoi ?<\/h2>\n<p>Camille Claudel, pour sa passion pour l&rsquo;art et la mati\u00e8re, sa folie.<\/p>\n<h2>Si vous deviez choisir une chanson pour repr\u00e9senter votre activit\u00e9, laquelle serait-elle ?<\/h2>\n<p>\u00ab\u00a0Beds are burning\u00a0\u00bb de Midnight Oil, elle parle d&rsquo;environnement qui est au coeur de mon travail. Et elle est puissante.<\/p>\n<h2><img fetchpriority=\"high\" decoding=\"async\" class=\"alignnone size-medium wp-image-18264\" src=\"https:\/\/www.salon-zenetbio.com\/nantes\/wp-content\/uploads\/sites\/7\/2025\/09\/compressed-MINEZ-DU-99-300x200.jpg\" alt=\"Minez-Du\" width=\"300\" height=\"200\" srcset=\"http:\/\/www.salon-zenetbio.com\/nantes\/wp-content\/uploads\/sites\/7\/2025\/09\/compressed-MINEZ-DU-99-300x200.jpg 300w, http:\/\/www.salon-zenetbio.com\/nantes\/wp-content\/uploads\/sites\/7\/2025\/09\/compressed-MINEZ-DU-99-1024x683.jpg 1024w, http:\/\/www.salon-zenetbio.com\/nantes\/wp-content\/uploads\/sites\/7\/2025\/09\/compressed-MINEZ-DU-99-768x512.jpg 768w, http:\/\/www.salon-zenetbio.com\/nantes\/wp-content\/uploads\/sites\/7\/2025\/09\/compressed-MINEZ-DU-99-1536x1024.jpg 1536w, http:\/\/www.salon-zenetbio.com\/nantes\/wp-content\/uploads\/sites\/7\/2025\/09\/compressed-MINEZ-DU-99-150x100.jpg 150w, http:\/\/www.salon-zenetbio.com\/nantes\/wp-content\/uploads\/sites\/7\/2025\/09\/compressed-MINEZ-DU-99-500x333.jpg 500w, http:\/\/www.salon-zenetbio.com\/nantes\/wp-content\/uploads\/sites\/7\/2025\/09\/compressed-MINEZ-DU-99.jpg 1920w\" sizes=\"(max-width: 300px) 100vw, 300px\" \/><\/h2>\n<h2>Qui est Minez-Du ?<\/h2>\n<div>\n<div>Je suis Fran\u00e7oise Le Poul, berg\u00e8re et feutri\u00e8re. Ma ferme nich\u00e9e en Centre Bretagne est enti\u00e8rement tourn\u00e9e vers la biodiversit\u00e9. Mes brebis mangent dans les landes, tourbi\u00e8res et prairies humides o\u00f9 elles sont conduites en p\u00e2turage itin\u00e9rant, glanant ainsi le meilleur pour leur bien-\u00eatre.<\/div>\n<div><\/div>\n<div>Leur chaude <a href=\"https:\/\/minezdu-creations.com\/\" target=\"_blank\" rel=\"noopener\">laine<\/a> est enti\u00e8rement transform\u00e9e, dans mon atelier, en objets de d\u00e9coration feutr\u00e9s (luminaires, coussins, vides poches..), courtes pointes et douillets \u00e9dredons ainsi qu\u2019accessoires (bijoux, sacs et foulards aux couleurs chatoyantes). La gamme est compl\u00e9t\u00e9e par les objets pratiques qui valorisent les propri\u00e9t\u00e9s de la laine comme marmites norv\u00e9giennes, maniques, dessous de plat et lunch-box.<\/div>\n<div><\/div>\n<p><img decoding=\"async\" class=\"alignnone size-medium wp-image-18265\" style=\"font-size: 29px; font-weight: bold;\" src=\"https:\/\/www.salon-zenetbio.com\/nantes\/wp-content\/uploads\/sites\/7\/2025\/09\/coussin-bruyere-294x300.jpg\" alt=\"Minez-Du\" width=\"294\" height=\"300\" srcset=\"http:\/\/www.salon-zenetbio.com\/nantes\/wp-content\/uploads\/sites\/7\/2025\/09\/coussin-bruyere-294x300.jpg 294w, http:\/\/www.salon-zenetbio.com\/nantes\/wp-content\/uploads\/sites\/7\/2025\/09\/coussin-bruyere-1003x1024.jpg 1003w, http:\/\/www.salon-zenetbio.com\/nantes\/wp-content\/uploads\/sites\/7\/2025\/09\/coussin-bruyere-768x784.jpg 768w, http:\/\/www.salon-zenetbio.com\/nantes\/wp-content\/uploads\/sites\/7\/2025\/09\/coussin-bruyere-1505x1536.jpg 1505w, http:\/\/www.salon-zenetbio.com\/nantes\/wp-content\/uploads\/sites\/7\/2025\/09\/coussin-bruyere-2006x2048.jpg 2006w, http:\/\/www.salon-zenetbio.com\/nantes\/wp-content\/uploads\/sites\/7\/2025\/09\/coussin-bruyere-150x153.jpg 150w, http:\/\/www.salon-zenetbio.com\/nantes\/wp-content\/uploads\/sites\/7\/2025\/09\/coussin-bruyere-490x500.jpg 490w, http:\/\/www.salon-zenetbio.com\/nantes\/wp-content\/uploads\/sites\/7\/2025\/09\/coussin-bruyere-45x45.jpg 45w\" sizes=\"(max-width: 294px) 100vw, 294px\" \/><\/p>\n<\/div>\n<h2>Quel est votre \u00ab incontournable \u00bb \u00e0 trouver sur votre stand ?<\/h2>\n<div>\n<div>Marmite Norv\u00e9gienne garnie de la laine de mes brebis.<\/div>\n<div><\/div>\n<div><\/div>\n<\/div>\n<div><\/div>\n<p>&nbsp;<\/p>\n<p><a href=\"https:\/\/www.salon-zenetbio.com\/nantes\/visiter\/liste-des-exposants\/\" target=\"_blank\" rel=\"noopener\"><em>Consultez la liste des exposants<\/em><\/a><\/p>\n","protected":false},"excerpt":{"rendered":"<p>Si vous pouviez avoir un super-pouvoir, lequel choisiriez-vous et pourquoi ? Celui d&rsquo;arr\u00eater le temps afin de pouvoir exp\u00e9rimenter encore plus la mati\u00e8re laine car le feutrage est un processus long. Si vous pouviez d\u00eener avec une personne c\u00e9l\u00e8bre, vivante ou d\u00e9c\u00e9d\u00e9e, qui serait-ce et pourquoi ? Camille Claudel, pour sa passion pour l&rsquo;art et&hellip; <\/p>\n","protected":false},"author":6,"featured_media":18265,"comment_status":"open","ping_status":"open","sticky":false,"template":"","format":"standard","meta":{"_monsterinsights_skip_tracking":false,"_monsterinsights_sitenote_active":false,"_monsterinsights_sitenote_note":"","_monsterinsights_sitenote_category":0,"footnotes":""},"categories":[340],"tags":[],"class_list":["post-18238","post","type-post","status-publish","format-standard","has-post-thumbnail","hentry","category-portrait-exposant"],"yoast_head":"<!-- This site is optimized with the Yoast SEO plugin v27.3 - https:\/\/yoast.com\/product\/yoast-seo-wordpress\/ -->\n<title>Minez-Du - Salon ZEN &amp; BIO Nantes<\/title>\n<meta name=\"description\" content=\"Venez d\u00e9couvrir ou red\u00e9couvrir Minez-Du lors du salon Zen&amp;Bio Nantes du 10 au 12 octobre 2025 au parc des expositions !\" \/>\n<meta name=\"robots\" content=\"index, follow, max-snippet:-1, max-image-preview:large, max-video-preview:-1\" \/>\n<link rel=\"canonical\" href=\"http:\/\/www.salon-zenetbio.com\/nantes\/minez-du\/\" \/>\n<meta property=\"og:locale\" content=\"fr_FR\" \/>\n<meta property=\"og:type\" content=\"article\" \/>\n<meta property=\"og:title\" content=\"Minez-Du - Salon ZEN &amp; BIO Nantes\" \/>\n<meta property=\"og:description\" content=\"Venez d\u00e9couvrir ou red\u00e9couvrir Minez-Du lors du salon Zen&amp;Bio Nantes du 10 au 12 octobre 2025 au parc des expositions !\" \/>\n<meta property=\"og:url\" content=\"http:\/\/www.salon-zenetbio.com\/nantes\/minez-du\/\" \/>\n<meta property=\"og:site_name\" content=\"Salon ZEN &amp; BIO Nantes\" \/>\n<meta property=\"article:published_time\" content=\"2025-09-23T10:36:23+00:00\" \/>\n<meta property=\"og:image\" content=\"http:\/\/www.salon-zenetbio.com\/nantes\/wp-content\/uploads\/sites\/7\/2025\/09\/coussin-bruyere.jpg\" \/>\n\t<meta property=\"og:image:width\" content=\"2409\" \/>\n\t<meta property=\"og:image:height\" content=\"2459\" \/>\n\t<meta property=\"og:image:type\" content=\"image\/jpeg\" \/>\n<meta name=\"author\" content=\"communication\" \/>\n<meta name=\"twitter:card\" content=\"summary_large_image\" \/>\n<meta name=\"twitter:label1\" content=\"\u00c9crit par\" \/>\n\t<meta name=\"twitter:data1\" content=\"communication\" \/>\n\t<meta name=\"twitter:label2\" content=\"Dur\u00e9e de lecture estim\u00e9e\" \/>\n\t<meta name=\"twitter:data2\" content=\"2 minutes\" \/>\n<script type=\"application\/ld+json\" class=\"yoast-schema-graph\">{\"@context\":\"https:\\\/\\\/schema.org\",\"@graph\":[{\"@type\":\"Article\",\"@id\":\"http:\\\/\\\/www.salon-zenetbio.com\\\/nantes\\\/minez-du\\\/#article\",\"isPartOf\":{\"@id\":\"http:\\\/\\\/www.salon-zenetbio.com\\\/nantes\\\/minez-du\\\/\"},\"author\":{\"name\":\"communication\",\"@id\":\"https:\\\/\\\/www.salon-zenetbio.com\\\/nantes\\\/#\\\/schema\\\/person\\\/ae137e79c551ab78ea22fb35759cb9f8\"},\"headline\":\"Minez-Du\",\"datePublished\":\"2025-09-23T10:36:23+00:00\",\"mainEntityOfPage\":{\"@id\":\"http:\\\/\\\/www.salon-zenetbio.com\\\/nantes\\\/minez-du\\\/\"},\"wordCount\":251,\"commentCount\":0,\"publisher\":{\"@id\":\"https:\\\/\\\/www.salon-zenetbio.com\\\/nantes\\\/#organization\"},\"image\":{\"@id\":\"http:\\\/\\\/www.salon-zenetbio.com\\\/nantes\\\/minez-du\\\/#primaryimage\"},\"thumbnailUrl\":\"http:\\\/\\\/www.salon-zenetbio.com\\\/nantes\\\/wp-content\\\/uploads\\\/sites\\\/7\\\/2025\\\/09\\\/coussin-bruyere.jpg\",\"articleSection\":[\"Portrait exposant\"],\"inLanguage\":\"fr-FR\",\"potentialAction\":[{\"@type\":\"CommentAction\",\"name\":\"Comment\",\"target\":[\"http:\\\/\\\/www.salon-zenetbio.com\\\/nantes\\\/minez-du\\\/#respond\"]}]},{\"@type\":\"WebPage\",\"@id\":\"http:\\\/\\\/www.salon-zenetbio.com\\\/nantes\\\/minez-du\\\/\",\"url\":\"http:\\\/\\\/www.salon-zenetbio.com\\\/nantes\\\/minez-du\\\/\",\"name\":\"Minez-Du - Salon ZEN &amp; BIO Nantes\",\"isPartOf\":{\"@id\":\"https:\\\/\\\/www.salon-zenetbio.com\\\/nantes\\\/#website\"},\"primaryImageOfPage\":{\"@id\":\"http:\\\/\\\/www.salon-zenetbio.com\\\/nantes\\\/minez-du\\\/#primaryimage\"},\"image\":{\"@id\":\"http:\\\/\\\/www.salon-zenetbio.com\\\/nantes\\\/minez-du\\\/#primaryimage\"},\"thumbnailUrl\":\"http:\\\/\\\/www.salon-zenetbio.com\\\/nantes\\\/wp-content\\\/uploads\\\/sites\\\/7\\\/2025\\\/09\\\/coussin-bruyere.jpg\",\"datePublished\":\"2025-09-23T10:36:23+00:00\",\"description\":\"Venez d\u00e9couvrir ou red\u00e9couvrir Minez-Du lors du salon Zen&Bio Nantes du 10 au 12 octobre 2025 au parc des expositions !\",\"breadcrumb\":{\"@id\":\"http:\\\/\\\/www.salon-zenetbio.com\\\/nantes\\\/minez-du\\\/#breadcrumb\"},\"inLanguage\":\"fr-FR\",\"potentialAction\":[{\"@type\":\"ReadAction\",\"target\":[\"http:\\\/\\\/www.salon-zenetbio.com\\\/nantes\\\/minez-du\\\/\"]}]},{\"@type\":\"ImageObject\",\"inLanguage\":\"fr-FR\",\"@id\":\"http:\\\/\\\/www.salon-zenetbio.com\\\/nantes\\\/minez-du\\\/#primaryimage\",\"url\":\"http:\\\/\\\/www.salon-zenetbio.com\\\/nantes\\\/wp-content\\\/uploads\\\/sites\\\/7\\\/2025\\\/09\\\/coussin-bruyere.jpg\",\"contentUrl\":\"http:\\\/\\\/www.salon-zenetbio.com\\\/nantes\\\/wp-content\\\/uploads\\\/sites\\\/7\\\/2025\\\/09\\\/coussin-bruyere.jpg\",\"width\":2409,\"height\":2459,\"caption\":\"Minez-Du\"},{\"@type\":\"BreadcrumbList\",\"@id\":\"http:\\\/\\\/www.salon-zenetbio.com\\\/nantes\\\/minez-du\\\/#breadcrumb\",\"itemListElement\":[{\"@type\":\"ListItem\",\"position\":1,\"name\":\"Accueil\",\"item\":\"https:\\\/\\\/www.salon-zenetbio.com\\\/nantes\\\/\"},{\"@type\":\"ListItem\",\"position\":2,\"name\":\"Minez-Du\"}]},{\"@type\":\"WebSite\",\"@id\":\"https:\\\/\\\/www.salon-zenetbio.com\\\/nantes\\\/#website\",\"url\":\"https:\\\/\\\/www.salon-zenetbio.com\\\/nantes\\\/\",\"name\":\"Salon ZEN &amp; BIO Nantes\",\"description\":\"salon ZEN &amp; BIO Nantes : votre salon bio, bien-\u00eatre et habitat sain\",\"publisher\":{\"@id\":\"https:\\\/\\\/www.salon-zenetbio.com\\\/nantes\\\/#organization\"},\"potentialAction\":[{\"@type\":\"SearchAction\",\"target\":{\"@type\":\"EntryPoint\",\"urlTemplate\":\"https:\\\/\\\/www.salon-zenetbio.com\\\/nantes\\\/?s={search_term_string}\"},\"query-input\":{\"@type\":\"PropertyValueSpecification\",\"valueRequired\":true,\"valueName\":\"search_term_string\"}}],\"inLanguage\":\"fr-FR\"},{\"@type\":\"Organization\",\"@id\":\"https:\\\/\\\/www.salon-zenetbio.com\\\/nantes\\\/#organization\",\"name\":\"Salon ZEN &amp; BIO Nantes\",\"url\":\"https:\\\/\\\/www.salon-zenetbio.com\\\/nantes\\\/\",\"logo\":{\"@type\":\"ImageObject\",\"inLanguage\":\"fr-FR\",\"@id\":\"https:\\\/\\\/www.salon-zenetbio.com\\\/nantes\\\/#\\\/schema\\\/logo\\\/image\\\/\",\"url\":\"http:\\\/\\\/www.salon-zenetbio.com\\\/nantes\\\/wp-content\\\/uploads\\\/sites\\\/7\\\/2026\\\/03\\\/cropped-Logo-ZEN-et-BIO-nantes-2026.png\",\"contentUrl\":\"http:\\\/\\\/www.salon-zenetbio.com\\\/nantes\\\/wp-content\\\/uploads\\\/sites\\\/7\\\/2026\\\/03\\\/cropped-Logo-ZEN-et-BIO-nantes-2026.png\",\"width\":921,\"height\":255,\"caption\":\"Salon ZEN &amp; BIO Nantes\"},\"image\":{\"@id\":\"https:\\\/\\\/www.salon-zenetbio.com\\\/nantes\\\/#\\\/schema\\\/logo\\\/image\\\/\"}},{\"@type\":\"Person\",\"@id\":\"https:\\\/\\\/www.salon-zenetbio.com\\\/nantes\\\/#\\\/schema\\\/person\\\/ae137e79c551ab78ea22fb35759cb9f8\",\"name\":\"communication\",\"image\":{\"@type\":\"ImageObject\",\"inLanguage\":\"fr-FR\",\"@id\":\"https:\\\/\\\/secure.gravatar.com\\\/avatar\\\/0f49d5b7ab56355ffa797b3ce25e4f2375cedf6bc9afe416fe669342c3524275?s=96&d=mm&r=g\",\"url\":\"https:\\\/\\\/secure.gravatar.com\\\/avatar\\\/0f49d5b7ab56355ffa797b3ce25e4f2375cedf6bc9afe416fe669342c3524275?s=96&d=mm&r=g\",\"contentUrl\":\"https:\\\/\\\/secure.gravatar.com\\\/avatar\\\/0f49d5b7ab56355ffa797b3ce25e4f2375cedf6bc9afe416fe669342c3524275?s=96&d=mm&r=g\",\"caption\":\"communication\"},\"url\":\"http:\\\/\\\/www.salon-zenetbio.com\\\/nantes\\\/author\\\/communication\\\/\"}]}<\/script>\n<!-- \/ Yoast SEO plugin. -->","yoast_head_json":{"title":"Minez-Du - Salon ZEN &amp; BIO Nantes","description":"Venez d\u00e9couvrir ou red\u00e9couvrir Minez-Du lors du salon Zen&Bio Nantes du 10 au 12 octobre 2025 au parc des expositions !","robots":{"index":"index","follow":"follow","max-snippet":"max-snippet:-1","max-image-preview":"max-image-preview:large","max-video-preview":"max-video-preview:-1"},"canonical":"http:\/\/www.salon-zenetbio.com\/nantes\/minez-du\/","og_locale":"fr_FR","og_type":"article","og_title":"Minez-Du - Salon ZEN &amp; BIO Nantes","og_description":"Venez d\u00e9couvrir ou red\u00e9couvrir Minez-Du lors du salon Zen&Bio Nantes du 10 au 12 octobre 2025 au parc des expositions !","og_url":"http:\/\/www.salon-zenetbio.com\/nantes\/minez-du\/","og_site_name":"Salon ZEN &amp; BIO Nantes","article_published_time":"2025-09-23T10:36:23+00:00","og_image":[{"width":2409,"height":2459,"url":"http:\/\/www.salon-zenetbio.com\/nantes\/wp-content\/uploads\/sites\/7\/2025\/09\/coussin-bruyere.jpg","type":"image\/jpeg"}],"author":"communication","twitter_card":"summary_large_image","twitter_misc":{"\u00c9crit par":"communication","Dur\u00e9e de lecture estim\u00e9e":"2 minutes"},"schema":{"@context":"https:\/\/schema.org","@graph":[{"@type":"Article","@id":"http:\/\/www.salon-zenetbio.com\/nantes\/minez-du\/#article","isPartOf":{"@id":"http:\/\/www.salon-zenetbio.com\/nantes\/minez-du\/"},"author":{"name":"communication","@id":"https:\/\/www.salon-zenetbio.com\/nantes\/#\/schema\/person\/ae137e79c551ab78ea22fb35759cb9f8"},"headline":"Minez-Du","datePublished":"2025-09-23T10:36:23+00:00","mainEntityOfPage":{"@id":"http:\/\/www.salon-zenetbio.com\/nantes\/minez-du\/"},"wordCount":251,"commentCount":0,"publisher":{"@id":"https:\/\/www.salon-zenetbio.com\/nantes\/#organization"},"image":{"@id":"http:\/\/www.salon-zenetbio.com\/nantes\/minez-du\/#primaryimage"},"thumbnailUrl":"http:\/\/www.salon-zenetbio.com\/nantes\/wp-content\/uploads\/sites\/7\/2025\/09\/coussin-bruyere.jpg","articleSection":["Portrait exposant"],"inLanguage":"fr-FR","potentialAction":[{"@type":"CommentAction","name":"Comment","target":["http:\/\/www.salon-zenetbio.com\/nantes\/minez-du\/#respond"]}]},{"@type":"WebPage","@id":"http:\/\/www.salon-zenetbio.com\/nantes\/minez-du\/","url":"http:\/\/www.salon-zenetbio.com\/nantes\/minez-du\/","name":"Minez-Du - Salon ZEN &amp; BIO Nantes","isPartOf":{"@id":"https:\/\/www.salon-zenetbio.com\/nantes\/#website"},"primaryImageOfPage":{"@id":"http:\/\/www.salon-zenetbio.com\/nantes\/minez-du\/#primaryimage"},"image":{"@id":"http:\/\/www.salon-zenetbio.com\/nantes\/minez-du\/#primaryimage"},"thumbnailUrl":"http:\/\/www.salon-zenetbio.com\/nantes\/wp-content\/uploads\/sites\/7\/2025\/09\/coussin-bruyere.jpg","datePublished":"2025-09-23T10:36:23+00:00","description":"Venez d\u00e9couvrir ou red\u00e9couvrir Minez-Du lors du salon Zen&Bio Nantes du 10 au 12 octobre 2025 au parc des expositions !","breadcrumb":{"@id":"http:\/\/www.salon-zenetbio.com\/nantes\/minez-du\/#breadcrumb"},"inLanguage":"fr-FR","potentialAction":[{"@type":"ReadAction","target":["http:\/\/www.salon-zenetbio.com\/nantes\/minez-du\/"]}]},{"@type":"ImageObject","inLanguage":"fr-FR","@id":"http:\/\/www.salon-zenetbio.com\/nantes\/minez-du\/#primaryimage","url":"http:\/\/www.salon-zenetbio.com\/nantes\/wp-content\/uploads\/sites\/7\/2025\/09\/coussin-bruyere.jpg","contentUrl":"http:\/\/www.salon-zenetbio.com\/nantes\/wp-content\/uploads\/sites\/7\/2025\/09\/coussin-bruyere.jpg","width":2409,"height":2459,"caption":"Minez-Du"},{"@type":"BreadcrumbList","@id":"http:\/\/www.salon-zenetbio.com\/nantes\/minez-du\/#breadcrumb","itemListElement":[{"@type":"ListItem","position":1,"name":"Accueil","item":"https:\/\/www.salon-zenetbio.com\/nantes\/"},{"@type":"ListItem","position":2,"name":"Minez-Du"}]},{"@type":"WebSite","@id":"https:\/\/www.salon-zenetbio.com\/nantes\/#website","url":"https:\/\/www.salon-zenetbio.com\/nantes\/","name":"Salon ZEN &amp; BIO Nantes","description":"salon ZEN &amp; BIO Nantes : votre salon bio, bien-\u00eatre et habitat sain","publisher":{"@id":"https:\/\/www.salon-zenetbio.com\/nantes\/#organization"},"potentialAction":[{"@type":"SearchAction","target":{"@type":"EntryPoint","urlTemplate":"https:\/\/www.salon-zenetbio.com\/nantes\/?s={search_term_string}"},"query-input":{"@type":"PropertyValueSpecification","valueRequired":true,"valueName":"search_term_string"}}],"inLanguage":"fr-FR"},{"@type":"Organization","@id":"https:\/\/www.salon-zenetbio.com\/nantes\/#organization","name":"Salon ZEN &amp; BIO Nantes","url":"https:\/\/www.salon-zenetbio.com\/nantes\/","logo":{"@type":"ImageObject","inLanguage":"fr-FR","@id":"https:\/\/www.salon-zenetbio.com\/nantes\/#\/schema\/logo\/image\/","url":"http:\/\/www.salon-zenetbio.com\/nantes\/wp-content\/uploads\/sites\/7\/2026\/03\/cropped-Logo-ZEN-et-BIO-nantes-2026.png","contentUrl":"http:\/\/www.salon-zenetbio.com\/nantes\/wp-content\/uploads\/sites\/7\/2026\/03\/cropped-Logo-ZEN-et-BIO-nantes-2026.png","width":921,"height":255,"caption":"Salon ZEN &amp; BIO Nantes"},"image":{"@id":"https:\/\/www.salon-zenetbio.com\/nantes\/#\/schema\/logo\/image\/"}},{"@type":"Person","@id":"https:\/\/www.salon-zenetbio.com\/nantes\/#\/schema\/person\/ae137e79c551ab78ea22fb35759cb9f8","name":"communication","image":{"@type":"ImageObject","inLanguage":"fr-FR","@id":"https:\/\/secure.gravatar.com\/avatar\/0f49d5b7ab56355ffa797b3ce25e4f2375cedf6bc9afe416fe669342c3524275?s=96&d=mm&r=g","url":"https:\/\/secure.gravatar.com\/avatar\/0f49d5b7ab56355ffa797b3ce25e4f2375cedf6bc9afe416fe669342c3524275?s=96&d=mm&r=g","contentUrl":"https:\/\/secure.gravatar.com\/avatar\/0f49d5b7ab56355ffa797b3ce25e4f2375cedf6bc9afe416fe669342c3524275?s=96&d=mm&r=g","caption":"communication"},"url":"http:\/\/www.salon-zenetbio.com\/nantes\/author\/communication\/"}]}},"jetpack_featured_media_url":"http:\/\/www.salon-zenetbio.com\/nantes\/wp-content\/uploads\/sites\/7\/2025\/09\/coussin-bruyere.jpg","_links":{"self":[{"href":"http:\/\/www.salon-zenetbio.com\/nantes\/wp-json\/wp\/v2\/posts\/18238","targetHints":{"allow":["GET"]}}],"collection":[{"href":"http:\/\/www.salon-zenetbio.com\/nantes\/wp-json\/wp\/v2\/posts"}],"about":[{"href":"http:\/\/www.salon-zenetbio.com\/nantes\/wp-json\/wp\/v2\/types\/post"}],"author":[{"embeddable":true,"href":"http:\/\/www.salon-zenetbio.com\/nantes\/wp-json\/wp\/v2\/users\/6"}],"replies":[{"embeddable":true,"href":"http:\/\/www.salon-zenetbio.com\/nantes\/wp-json\/wp\/v2\/comments?post=18238"}],"version-history":[{"count":5,"href":"http:\/\/www.salon-zenetbio.com\/nantes\/wp-json\/wp\/v2\/posts\/18238\/revisions"}],"predecessor-version":[{"id":18321,"href":"http:\/\/www.salon-zenetbio.com\/nantes\/wp-json\/wp\/v2\/posts\/18238\/revisions\/18321"}],"wp:featuredmedia":[{"embeddable":true,"href":"http:\/\/www.salon-zenetbio.com\/nantes\/wp-json\/wp\/v2\/media\/18265"}],"wp:attachment":[{"href":"http:\/\/www.salon-zenetbio.com\/nantes\/wp-json\/wp\/v2\/media?parent=18238"}],"wp:term":[{"taxonomy":"category","embeddable":true,"href":"http:\/\/www.salon-zenetbio.com\/nantes\/wp-json\/wp\/v2\/categories?post=18238"},{"taxonomy":"post_tag","embeddable":true,"href":"http:\/\/www.salon-zenetbio.com\/nantes\/wp-json\/wp\/v2\/tags?post=18238"}],"curies":[{"name":"wp","href":"https:\/\/api.w.org\/{rel}","templated":true}]}}