{"id":18278,"date":"2025-09-23T12:48:06","date_gmt":"2025-09-23T10:48:06","guid":{"rendered":"https:\/\/www.salon-zenetbio.com\/nantes\/?p=18278"},"modified":"2025-09-23T12:48:06","modified_gmt":"2025-09-23T10:48:06","slug":"chateau-de-monfaucon","status":"publish","type":"post","link":"http:\/\/www.salon-zenetbio.com\/nantes\/chateau-de-monfaucon\/","title":{"rendered":"Ch\u00e2teau de Monfaucon"},"content":{"rendered":"<h2>Si vous pouviez avoir un super-pouvoir, lequel choisiriez-vous et pourquoi ?<\/h2>\n<p>Je choisirais le super-h\u00e9ros Storm des X-Men, car je serais capable de repousser tous les mauvais temps qui se pr\u00e9senteraient \u00e0 moi.<\/p>\n<h2>Si vous pouviez d\u00eener avec une personne c\u00e9l\u00e8bre, vivante ou d\u00e9c\u00e9d\u00e9e, qui serait-ce et pourquoi ?<\/h2>\n<p>Sheldon Cooper de la s\u00e9rie The Big Bang Theory, car il est trop dr\u00f4le pour \u00eatre d\u00e9crit avec des mots.<\/p>\n<h2>Si vous deviez choisir une chanson pour repr\u00e9senter votre activit\u00e9, laquelle serait-elle ?<\/h2>\n<p>You ain&rsquo;t Seen Nothing Yet ! par Bachman-Turner Overdrive, parce que je m&rsquo;efforce continuellement de m&rsquo;am\u00e9liorer.<\/p>\n<p><img fetchpriority=\"high\" decoding=\"async\" class=\"alignnone wp-image-18287\" src=\"https:\/\/www.salon-zenetbio.com\/nantes\/wp-content\/uploads\/sites\/7\/2025\/09\/IMG_4982-300x225.jpeg\" alt=\"CHATEAU DE MONFAUCON\" width=\"367\" height=\"275\" srcset=\"http:\/\/www.salon-zenetbio.com\/nantes\/wp-content\/uploads\/sites\/7\/2025\/09\/IMG_4982-300x225.jpeg 300w, http:\/\/www.salon-zenetbio.com\/nantes\/wp-content\/uploads\/sites\/7\/2025\/09\/IMG_4982-1024x769.jpeg 1024w, http:\/\/www.salon-zenetbio.com\/nantes\/wp-content\/uploads\/sites\/7\/2025\/09\/IMG_4982-768x577.jpeg 768w, http:\/\/www.salon-zenetbio.com\/nantes\/wp-content\/uploads\/sites\/7\/2025\/09\/IMG_4982-1536x1153.jpeg 1536w, http:\/\/www.salon-zenetbio.com\/nantes\/wp-content\/uploads\/sites\/7\/2025\/09\/IMG_4982-2048x1538.jpeg 2048w, http:\/\/www.salon-zenetbio.com\/nantes\/wp-content\/uploads\/sites\/7\/2025\/09\/IMG_4982-150x113.jpeg 150w, http:\/\/www.salon-zenetbio.com\/nantes\/wp-content\/uploads\/sites\/7\/2025\/09\/IMG_4982-500x375.jpeg 500w\" sizes=\"(max-width: 367px) 100vw, 367px\" \/><\/p>\n<h2>Qui est Ch\u00e2teau de Monfaucon ?<\/h2>\n<div>\n<div>Nous sommes producteur ind\u00e9pendant de vins blancs bio dans la r\u00e9gion de Bordeaux, \u00e0 10 minutes au sud de Saint-\u00c9milion, o\u00f9 notre vignoble s\u2019\u00e9tend paisiblement le long des berges de la Dordogne.<\/div>\n<div>Tous nos vins sont produits \u00e0 partir de nos propres raisins cueillis \u00e0 la main \u00e0 Monfaucon, \u00e0 savoir la muscadelle, le sauvignon blanc, le s\u00e9millon et le chardonnay, nous sommes minutieux dans notre s\u00e9lection des raisins, car seuls les meilleurs raisins de chaque ann\u00e9e deviennent nos vins en bouteille.<\/div>\n<div><\/div>\n<\/div>\n<div>\n<div>Notre jus de raisin biologique est \u00e9labor\u00e9 selon les m\u00eames normes rigoureuses que nos vins prim\u00e9s. Ainsi, les processus utilis\u00e9s dans notre cave pour cr\u00e9er le jus pr\u00e9servent les essences naturelles du raisin.<\/div>\n<div>Les raisins sont s\u00e9lectionn\u00e9s par notre vigneron dans notre vignoble, r\u00e9colt\u00e9s \u00e0 la main, puis press\u00e9s pour en extraire le jus. Rien n&rsquo;est ajout\u00e9 ni retir\u00e9. Le jus est clarifi\u00e9 et filtr\u00e9 pour emp\u00eacher la formation d&rsquo;alcool, puis pasteuris\u00e9 et conditionn\u00e9 dans des emballages durables.<\/div>\n<\/div>\n<h2><img decoding=\"async\" class=\"alignnone wp-image-18286\" src=\"https:\/\/www.salon-zenetbio.com\/nantes\/wp-content\/uploads\/sites\/7\/2025\/09\/IMG_1332-225x300.jpeg\" alt=\"CHATEAU DE MONFAUCON\" width=\"276\" height=\"368\" srcset=\"http:\/\/www.salon-zenetbio.com\/nantes\/wp-content\/uploads\/sites\/7\/2025\/09\/IMG_1332-225x300.jpeg 225w, http:\/\/www.salon-zenetbio.com\/nantes\/wp-content\/uploads\/sites\/7\/2025\/09\/IMG_1332-768x1024.jpeg 768w, http:\/\/www.salon-zenetbio.com\/nantes\/wp-content\/uploads\/sites\/7\/2025\/09\/IMG_1332-1152x1536.jpeg 1152w, http:\/\/www.salon-zenetbio.com\/nantes\/wp-content\/uploads\/sites\/7\/2025\/09\/IMG_1332-1536x2048.jpeg 1536w, http:\/\/www.salon-zenetbio.com\/nantes\/wp-content\/uploads\/sites\/7\/2025\/09\/IMG_1332-150x200.jpeg 150w, http:\/\/www.salon-zenetbio.com\/nantes\/wp-content\/uploads\/sites\/7\/2025\/09\/IMG_1332-375x500.jpeg 375w, http:\/\/www.salon-zenetbio.com\/nantes\/wp-content\/uploads\/sites\/7\/2025\/09\/IMG_1332-scaled.jpeg 1920w\" sizes=\"(max-width: 276px) 100vw, 276px\" \/><\/h2>\n<h2>Quel est votre \u00ab incontournable \u00bb \u00e0 trouver sur votre stand ?<\/h2>\n<div>\n<div>L&rsquo;incontournable s&rsquo;est d&rsquo;avoir cr\u00e9er mes mono c\u00e9pages en jus de raisin, tu te fonds dans un d\u00e9cor en prenant un verre de jus \u00e0 la place d&rsquo;un verre de vin. Le ressenti de ses jus expriment autant les m\u00eames notes aromatiques qu&rsquo;un vin blanc au verre. Rien n&rsquo;est ajouter ou manipuler, le pur jus de raisin [muscadelle, sauvignon blanc, s\u00e9millon].<\/div>\n<div><\/div>\n<\/div>\n<div><\/div>\n<p><a href=\"https:\/\/www.salon-zenetbio.com\/nantes\/visiter\/liste-des-exposants\/\" target=\"_blank\" rel=\"noopener\"><em>Consultez la liste des exposants<\/em><\/a><\/p>\n","protected":false},"excerpt":{"rendered":"<p>Si vous pouviez avoir un super-pouvoir, lequel choisiriez-vous et pourquoi ? Je choisirais le super-h\u00e9ros Storm des X-Men, car je serais capable de repousser tous les mauvais temps qui se pr\u00e9senteraient \u00e0 moi. Si vous pouviez d\u00eener avec une personne c\u00e9l\u00e8bre, vivante ou d\u00e9c\u00e9d\u00e9e, qui serait-ce et pourquoi ? Sheldon Cooper de la s\u00e9rie The&hellip; <\/p>\n","protected":false},"author":6,"featured_media":18287,"comment_status":"open","ping_status":"open","sticky":false,"template":"","format":"standard","meta":{"_monsterinsights_skip_tracking":false,"_monsterinsights_sitenote_active":false,"_monsterinsights_sitenote_note":"","_monsterinsights_sitenote_category":0,"footnotes":""},"categories":[340],"tags":[],"class_list":["post-18278","post","type-post","status-publish","format-standard","has-post-thumbnail","hentry","category-portrait-exposant"],"yoast_head":"<!-- This site is optimized with the Yoast SEO plugin v27.3 - https:\/\/yoast.com\/product\/yoast-seo-wordpress\/ -->\n<title>Ch\u00e2teau de Monfaucon - Salon ZEN &amp; BIO Nantes<\/title>\n<meta name=\"description\" content=\"Venez d\u00e9couvrir ou red\u00e9couvrir Ch\u00e2teau de Monfaucon lors du salon Zen&amp;Bio Nantes du 10 au 12 octobre 2025 au parc des expositions !\" \/>\n<meta name=\"robots\" content=\"index, follow, max-snippet:-1, max-image-preview:large, max-video-preview:-1\" \/>\n<link rel=\"canonical\" href=\"http:\/\/www.salon-zenetbio.com\/nantes\/chateau-de-monfaucon\/\" \/>\n<meta property=\"og:locale\" content=\"fr_FR\" \/>\n<meta property=\"og:type\" content=\"article\" \/>\n<meta property=\"og:title\" content=\"Ch\u00e2teau de Monfaucon - Salon ZEN &amp; BIO Nantes\" \/>\n<meta property=\"og:description\" content=\"Venez d\u00e9couvrir ou red\u00e9couvrir Ch\u00e2teau de Monfaucon lors du salon Zen&amp;Bio Nantes du 10 au 12 octobre 2025 au parc des expositions !\" \/>\n<meta property=\"og:url\" content=\"http:\/\/www.salon-zenetbio.com\/nantes\/chateau-de-monfaucon\/\" \/>\n<meta property=\"og:site_name\" content=\"Salon ZEN &amp; BIO Nantes\" \/>\n<meta property=\"article:published_time\" content=\"2025-09-23T10:48:06+00:00\" \/>\n<meta property=\"og:image\" content=\"http:\/\/www.salon-zenetbio.com\/nantes\/wp-content\/uploads\/sites\/7\/2025\/09\/IMG_4982.jpeg\" \/>\n\t<meta property=\"og:image:width\" content=\"2373\" \/>\n\t<meta property=\"og:image:height\" content=\"1782\" \/>\n\t<meta property=\"og:image:type\" content=\"image\/jpeg\" \/>\n<meta name=\"author\" content=\"communication\" \/>\n<meta name=\"twitter:card\" content=\"summary_large_image\" \/>\n<meta name=\"twitter:label1\" content=\"\u00c9crit par\" \/>\n\t<meta name=\"twitter:data1\" content=\"communication\" \/>\n\t<meta name=\"twitter:label2\" content=\"Dur\u00e9e de lecture estim\u00e9e\" \/>\n\t<meta name=\"twitter:data2\" content=\"3 minutes\" \/>\n<script type=\"application\/ld+json\" class=\"yoast-schema-graph\">{\"@context\":\"https:\\\/\\\/schema.org\",\"@graph\":[{\"@type\":\"Article\",\"@id\":\"http:\\\/\\\/www.salon-zenetbio.com\\\/nantes\\\/chateau-de-monfaucon\\\/#article\",\"isPartOf\":{\"@id\":\"http:\\\/\\\/www.salon-zenetbio.com\\\/nantes\\\/chateau-de-monfaucon\\\/\"},\"author\":{\"name\":\"communication\",\"@id\":\"https:\\\/\\\/www.salon-zenetbio.com\\\/nantes\\\/#\\\/schema\\\/person\\\/ae137e79c551ab78ea22fb35759cb9f8\"},\"headline\":\"Ch\u00e2teau de Monfaucon\",\"datePublished\":\"2025-09-23T10:48:06+00:00\",\"mainEntityOfPage\":{\"@id\":\"http:\\\/\\\/www.salon-zenetbio.com\\\/nantes\\\/chateau-de-monfaucon\\\/\"},\"wordCount\":375,\"commentCount\":0,\"publisher\":{\"@id\":\"https:\\\/\\\/www.salon-zenetbio.com\\\/nantes\\\/#organization\"},\"image\":{\"@id\":\"http:\\\/\\\/www.salon-zenetbio.com\\\/nantes\\\/chateau-de-monfaucon\\\/#primaryimage\"},\"thumbnailUrl\":\"http:\\\/\\\/www.salon-zenetbio.com\\\/nantes\\\/wp-content\\\/uploads\\\/sites\\\/7\\\/2025\\\/09\\\/IMG_4982.jpeg\",\"articleSection\":[\"Portrait exposant\"],\"inLanguage\":\"fr-FR\",\"potentialAction\":[{\"@type\":\"CommentAction\",\"name\":\"Comment\",\"target\":[\"http:\\\/\\\/www.salon-zenetbio.com\\\/nantes\\\/chateau-de-monfaucon\\\/#respond\"]}]},{\"@type\":\"WebPage\",\"@id\":\"http:\\\/\\\/www.salon-zenetbio.com\\\/nantes\\\/chateau-de-monfaucon\\\/\",\"url\":\"http:\\\/\\\/www.salon-zenetbio.com\\\/nantes\\\/chateau-de-monfaucon\\\/\",\"name\":\"Ch\u00e2teau de Monfaucon - Salon ZEN &amp; BIO Nantes\",\"isPartOf\":{\"@id\":\"https:\\\/\\\/www.salon-zenetbio.com\\\/nantes\\\/#website\"},\"primaryImageOfPage\":{\"@id\":\"http:\\\/\\\/www.salon-zenetbio.com\\\/nantes\\\/chateau-de-monfaucon\\\/#primaryimage\"},\"image\":{\"@id\":\"http:\\\/\\\/www.salon-zenetbio.com\\\/nantes\\\/chateau-de-monfaucon\\\/#primaryimage\"},\"thumbnailUrl\":\"http:\\\/\\\/www.salon-zenetbio.com\\\/nantes\\\/wp-content\\\/uploads\\\/sites\\\/7\\\/2025\\\/09\\\/IMG_4982.jpeg\",\"datePublished\":\"2025-09-23T10:48:06+00:00\",\"description\":\"Venez d\u00e9couvrir ou red\u00e9couvrir Ch\u00e2teau de Monfaucon lors du salon Zen&Bio Nantes du 10 au 12 octobre 2025 au parc des expositions !\",\"breadcrumb\":{\"@id\":\"http:\\\/\\\/www.salon-zenetbio.com\\\/nantes\\\/chateau-de-monfaucon\\\/#breadcrumb\"},\"inLanguage\":\"fr-FR\",\"potentialAction\":[{\"@type\":\"ReadAction\",\"target\":[\"http:\\\/\\\/www.salon-zenetbio.com\\\/nantes\\\/chateau-de-monfaucon\\\/\"]}]},{\"@type\":\"ImageObject\",\"inLanguage\":\"fr-FR\",\"@id\":\"http:\\\/\\\/www.salon-zenetbio.com\\\/nantes\\\/chateau-de-monfaucon\\\/#primaryimage\",\"url\":\"http:\\\/\\\/www.salon-zenetbio.com\\\/nantes\\\/wp-content\\\/uploads\\\/sites\\\/7\\\/2025\\\/09\\\/IMG_4982.jpeg\",\"contentUrl\":\"http:\\\/\\\/www.salon-zenetbio.com\\\/nantes\\\/wp-content\\\/uploads\\\/sites\\\/7\\\/2025\\\/09\\\/IMG_4982.jpeg\",\"width\":2373,\"height\":1782,\"caption\":\"CHATEAU DE MONFAUCON\"},{\"@type\":\"BreadcrumbList\",\"@id\":\"http:\\\/\\\/www.salon-zenetbio.com\\\/nantes\\\/chateau-de-monfaucon\\\/#breadcrumb\",\"itemListElement\":[{\"@type\":\"ListItem\",\"position\":1,\"name\":\"Accueil\",\"item\":\"https:\\\/\\\/www.salon-zenetbio.com\\\/nantes\\\/\"},{\"@type\":\"ListItem\",\"position\":2,\"name\":\"Ch\u00e2teau de Monfaucon\"}]},{\"@type\":\"WebSite\",\"@id\":\"https:\\\/\\\/www.salon-zenetbio.com\\\/nantes\\\/#website\",\"url\":\"https:\\\/\\\/www.salon-zenetbio.com\\\/nantes\\\/\",\"name\":\"Salon ZEN &amp; BIO Nantes\",\"description\":\"salon ZEN &amp; BIO Nantes : votre salon bio, bien-\u00eatre et habitat sain\",\"publisher\":{\"@id\":\"https:\\\/\\\/www.salon-zenetbio.com\\\/nantes\\\/#organization\"},\"potentialAction\":[{\"@type\":\"SearchAction\",\"target\":{\"@type\":\"EntryPoint\",\"urlTemplate\":\"https:\\\/\\\/www.salon-zenetbio.com\\\/nantes\\\/?s={search_term_string}\"},\"query-input\":{\"@type\":\"PropertyValueSpecification\",\"valueRequired\":true,\"valueName\":\"search_term_string\"}}],\"inLanguage\":\"fr-FR\"},{\"@type\":\"Organization\",\"@id\":\"https:\\\/\\\/www.salon-zenetbio.com\\\/nantes\\\/#organization\",\"name\":\"Salon ZEN &amp; BIO Nantes\",\"url\":\"https:\\\/\\\/www.salon-zenetbio.com\\\/nantes\\\/\",\"logo\":{\"@type\":\"ImageObject\",\"inLanguage\":\"fr-FR\",\"@id\":\"https:\\\/\\\/www.salon-zenetbio.com\\\/nantes\\\/#\\\/schema\\\/logo\\\/image\\\/\",\"url\":\"http:\\\/\\\/www.salon-zenetbio.com\\\/nantes\\\/wp-content\\\/uploads\\\/sites\\\/7\\\/2026\\\/03\\\/cropped-Logo-ZEN-et-BIO-nantes-2026.png\",\"contentUrl\":\"http:\\\/\\\/www.salon-zenetbio.com\\\/nantes\\\/wp-content\\\/uploads\\\/sites\\\/7\\\/2026\\\/03\\\/cropped-Logo-ZEN-et-BIO-nantes-2026.png\",\"width\":921,\"height\":255,\"caption\":\"Salon ZEN &amp; BIO Nantes\"},\"image\":{\"@id\":\"https:\\\/\\\/www.salon-zenetbio.com\\\/nantes\\\/#\\\/schema\\\/logo\\\/image\\\/\"}},{\"@type\":\"Person\",\"@id\":\"https:\\\/\\\/www.salon-zenetbio.com\\\/nantes\\\/#\\\/schema\\\/person\\\/ae137e79c551ab78ea22fb35759cb9f8\",\"name\":\"communication\",\"image\":{\"@type\":\"ImageObject\",\"inLanguage\":\"fr-FR\",\"@id\":\"https:\\\/\\\/secure.gravatar.com\\\/avatar\\\/0f49d5b7ab56355ffa797b3ce25e4f2375cedf6bc9afe416fe669342c3524275?s=96&d=mm&r=g\",\"url\":\"https:\\\/\\\/secure.gravatar.com\\\/avatar\\\/0f49d5b7ab56355ffa797b3ce25e4f2375cedf6bc9afe416fe669342c3524275?s=96&d=mm&r=g\",\"contentUrl\":\"https:\\\/\\\/secure.gravatar.com\\\/avatar\\\/0f49d5b7ab56355ffa797b3ce25e4f2375cedf6bc9afe416fe669342c3524275?s=96&d=mm&r=g\",\"caption\":\"communication\"},\"url\":\"http:\\\/\\\/www.salon-zenetbio.com\\\/nantes\\\/author\\\/communication\\\/\"}]}<\/script>\n<!-- \/ Yoast SEO plugin. -->","yoast_head_json":{"title":"Ch\u00e2teau de Monfaucon - Salon ZEN &amp; BIO Nantes","description":"Venez d\u00e9couvrir ou red\u00e9couvrir Ch\u00e2teau de Monfaucon lors du salon Zen&Bio Nantes du 10 au 12 octobre 2025 au parc des expositions !","robots":{"index":"index","follow":"follow","max-snippet":"max-snippet:-1","max-image-preview":"max-image-preview:large","max-video-preview":"max-video-preview:-1"},"canonical":"http:\/\/www.salon-zenetbio.com\/nantes\/chateau-de-monfaucon\/","og_locale":"fr_FR","og_type":"article","og_title":"Ch\u00e2teau de Monfaucon - Salon ZEN &amp; BIO Nantes","og_description":"Venez d\u00e9couvrir ou red\u00e9couvrir Ch\u00e2teau de Monfaucon lors du salon Zen&Bio Nantes du 10 au 12 octobre 2025 au parc des expositions !","og_url":"http:\/\/www.salon-zenetbio.com\/nantes\/chateau-de-monfaucon\/","og_site_name":"Salon ZEN &amp; BIO Nantes","article_published_time":"2025-09-23T10:48:06+00:00","og_image":[{"width":2373,"height":1782,"url":"http:\/\/www.salon-zenetbio.com\/nantes\/wp-content\/uploads\/sites\/7\/2025\/09\/IMG_4982.jpeg","type":"image\/jpeg"}],"author":"communication","twitter_card":"summary_large_image","twitter_misc":{"\u00c9crit par":"communication","Dur\u00e9e de lecture estim\u00e9e":"3 minutes"},"schema":{"@context":"https:\/\/schema.org","@graph":[{"@type":"Article","@id":"http:\/\/www.salon-zenetbio.com\/nantes\/chateau-de-monfaucon\/#article","isPartOf":{"@id":"http:\/\/www.salon-zenetbio.com\/nantes\/chateau-de-monfaucon\/"},"author":{"name":"communication","@id":"https:\/\/www.salon-zenetbio.com\/nantes\/#\/schema\/person\/ae137e79c551ab78ea22fb35759cb9f8"},"headline":"Ch\u00e2teau de Monfaucon","datePublished":"2025-09-23T10:48:06+00:00","mainEntityOfPage":{"@id":"http:\/\/www.salon-zenetbio.com\/nantes\/chateau-de-monfaucon\/"},"wordCount":375,"commentCount":0,"publisher":{"@id":"https:\/\/www.salon-zenetbio.com\/nantes\/#organization"},"image":{"@id":"http:\/\/www.salon-zenetbio.com\/nantes\/chateau-de-monfaucon\/#primaryimage"},"thumbnailUrl":"http:\/\/www.salon-zenetbio.com\/nantes\/wp-content\/uploads\/sites\/7\/2025\/09\/IMG_4982.jpeg","articleSection":["Portrait exposant"],"inLanguage":"fr-FR","potentialAction":[{"@type":"CommentAction","name":"Comment","target":["http:\/\/www.salon-zenetbio.com\/nantes\/chateau-de-monfaucon\/#respond"]}]},{"@type":"WebPage","@id":"http:\/\/www.salon-zenetbio.com\/nantes\/chateau-de-monfaucon\/","url":"http:\/\/www.salon-zenetbio.com\/nantes\/chateau-de-monfaucon\/","name":"Ch\u00e2teau de Monfaucon - Salon ZEN &amp; BIO Nantes","isPartOf":{"@id":"https:\/\/www.salon-zenetbio.com\/nantes\/#website"},"primaryImageOfPage":{"@id":"http:\/\/www.salon-zenetbio.com\/nantes\/chateau-de-monfaucon\/#primaryimage"},"image":{"@id":"http:\/\/www.salon-zenetbio.com\/nantes\/chateau-de-monfaucon\/#primaryimage"},"thumbnailUrl":"http:\/\/www.salon-zenetbio.com\/nantes\/wp-content\/uploads\/sites\/7\/2025\/09\/IMG_4982.jpeg","datePublished":"2025-09-23T10:48:06+00:00","description":"Venez d\u00e9couvrir ou red\u00e9couvrir Ch\u00e2teau de Monfaucon lors du salon Zen&Bio Nantes du 10 au 12 octobre 2025 au parc des expositions !","breadcrumb":{"@id":"http:\/\/www.salon-zenetbio.com\/nantes\/chateau-de-monfaucon\/#breadcrumb"},"inLanguage":"fr-FR","potentialAction":[{"@type":"ReadAction","target":["http:\/\/www.salon-zenetbio.com\/nantes\/chateau-de-monfaucon\/"]}]},{"@type":"ImageObject","inLanguage":"fr-FR","@id":"http:\/\/www.salon-zenetbio.com\/nantes\/chateau-de-monfaucon\/#primaryimage","url":"http:\/\/www.salon-zenetbio.com\/nantes\/wp-content\/uploads\/sites\/7\/2025\/09\/IMG_4982.jpeg","contentUrl":"http:\/\/www.salon-zenetbio.com\/nantes\/wp-content\/uploads\/sites\/7\/2025\/09\/IMG_4982.jpeg","width":2373,"height":1782,"caption":"CHATEAU DE MONFAUCON"},{"@type":"BreadcrumbList","@id":"http:\/\/www.salon-zenetbio.com\/nantes\/chateau-de-monfaucon\/#breadcrumb","itemListElement":[{"@type":"ListItem","position":1,"name":"Accueil","item":"https:\/\/www.salon-zenetbio.com\/nantes\/"},{"@type":"ListItem","position":2,"name":"Ch\u00e2teau de Monfaucon"}]},{"@type":"WebSite","@id":"https:\/\/www.salon-zenetbio.com\/nantes\/#website","url":"https:\/\/www.salon-zenetbio.com\/nantes\/","name":"Salon ZEN &amp; BIO Nantes","description":"salon ZEN &amp; BIO Nantes : votre salon bio, bien-\u00eatre et habitat sain","publisher":{"@id":"https:\/\/www.salon-zenetbio.com\/nantes\/#organization"},"potentialAction":[{"@type":"SearchAction","target":{"@type":"EntryPoint","urlTemplate":"https:\/\/www.salon-zenetbio.com\/nantes\/?s={search_term_string}"},"query-input":{"@type":"PropertyValueSpecification","valueRequired":true,"valueName":"search_term_string"}}],"inLanguage":"fr-FR"},{"@type":"Organization","@id":"https:\/\/www.salon-zenetbio.com\/nantes\/#organization","name":"Salon ZEN &amp; BIO Nantes","url":"https:\/\/www.salon-zenetbio.com\/nantes\/","logo":{"@type":"ImageObject","inLanguage":"fr-FR","@id":"https:\/\/www.salon-zenetbio.com\/nantes\/#\/schema\/logo\/image\/","url":"http:\/\/www.salon-zenetbio.com\/nantes\/wp-content\/uploads\/sites\/7\/2026\/03\/cropped-Logo-ZEN-et-BIO-nantes-2026.png","contentUrl":"http:\/\/www.salon-zenetbio.com\/nantes\/wp-content\/uploads\/sites\/7\/2026\/03\/cropped-Logo-ZEN-et-BIO-nantes-2026.png","width":921,"height":255,"caption":"Salon ZEN &amp; BIO Nantes"},"image":{"@id":"https:\/\/www.salon-zenetbio.com\/nantes\/#\/schema\/logo\/image\/"}},{"@type":"Person","@id":"https:\/\/www.salon-zenetbio.com\/nantes\/#\/schema\/person\/ae137e79c551ab78ea22fb35759cb9f8","name":"communication","image":{"@type":"ImageObject","inLanguage":"fr-FR","@id":"https:\/\/secure.gravatar.com\/avatar\/0f49d5b7ab56355ffa797b3ce25e4f2375cedf6bc9afe416fe669342c3524275?s=96&d=mm&r=g","url":"https:\/\/secure.gravatar.com\/avatar\/0f49d5b7ab56355ffa797b3ce25e4f2375cedf6bc9afe416fe669342c3524275?s=96&d=mm&r=g","contentUrl":"https:\/\/secure.gravatar.com\/avatar\/0f49d5b7ab56355ffa797b3ce25e4f2375cedf6bc9afe416fe669342c3524275?s=96&d=mm&r=g","caption":"communication"},"url":"http:\/\/www.salon-zenetbio.com\/nantes\/author\/communication\/"}]}},"jetpack_featured_media_url":"http:\/\/www.salon-zenetbio.com\/nantes\/wp-content\/uploads\/sites\/7\/2025\/09\/IMG_4982.jpeg","_links":{"self":[{"href":"http:\/\/www.salon-zenetbio.com\/nantes\/wp-json\/wp\/v2\/posts\/18278","targetHints":{"allow":["GET"]}}],"collection":[{"href":"http:\/\/www.salon-zenetbio.com\/nantes\/wp-json\/wp\/v2\/posts"}],"about":[{"href":"http:\/\/www.salon-zenetbio.com\/nantes\/wp-json\/wp\/v2\/types\/post"}],"author":[{"embeddable":true,"href":"http:\/\/www.salon-zenetbio.com\/nantes\/wp-json\/wp\/v2\/users\/6"}],"replies":[{"embeddable":true,"href":"http:\/\/www.salon-zenetbio.com\/nantes\/wp-json\/wp\/v2\/comments?post=18278"}],"version-history":[{"count":4,"href":"http:\/\/www.salon-zenetbio.com\/nantes\/wp-json\/wp\/v2\/posts\/18278\/revisions"}],"predecessor-version":[{"id":18328,"href":"http:\/\/www.salon-zenetbio.com\/nantes\/wp-json\/wp\/v2\/posts\/18278\/revisions\/18328"}],"wp:featuredmedia":[{"embeddable":true,"href":"http:\/\/www.salon-zenetbio.com\/nantes\/wp-json\/wp\/v2\/media\/18287"}],"wp:attachment":[{"href":"http:\/\/www.salon-zenetbio.com\/nantes\/wp-json\/wp\/v2\/media?parent=18278"}],"wp:term":[{"taxonomy":"category","embeddable":true,"href":"http:\/\/www.salon-zenetbio.com\/nantes\/wp-json\/wp\/v2\/categories?post=18278"},{"taxonomy":"post_tag","embeddable":true,"href":"http:\/\/www.salon-zenetbio.com\/nantes\/wp-json\/wp\/v2\/tags?post=18278"}],"curies":[{"name":"wp","href":"https:\/\/api.w.org\/{rel}","templated":true}]}}