{"id":18299,"date":"2025-09-23T12:50:42","date_gmt":"2025-09-23T10:50:42","guid":{"rendered":"https:\/\/www.salon-zenetbio.com\/nantes\/?p=18299"},"modified":"2025-09-23T12:50:42","modified_gmt":"2025-09-23T10:50:42","slug":"mga-accompagnement","status":"publish","type":"post","link":"http:\/\/www.salon-zenetbio.com\/nantes\/mga-accompagnement\/","title":{"rendered":"MGA Accompagnement"},"content":{"rendered":"<h2>Si vous pouviez avoir un super-pouvoir, lequel choisiriez-vous et pourquoi ?<\/h2>\n<p>Communiquer avec les animaux ! Encore mieux les comprendre pour collaborer avec eux avec encore plus de finesse !<\/p>\n<h2>Si vous pouviez d\u00eener avec une personne c\u00e9l\u00e8bre, vivante ou d\u00e9c\u00e9d\u00e9e, qui serait-ce et pourquoi ?<\/h2>\n<p>Florent Pagny car je pense que je passerai un bon moment avec lui. J&rsquo;aime l&rsquo;homme qu&rsquo;il est, sa simplicit\u00e9, son humour, &#8230;<\/p>\n<h2>Si vous deviez choisir une chanson pour repr\u00e9senter votre activit\u00e9, laquelle serait-elle ?<\/h2>\n<p>\u00ab\u00a0Bird&rsquo;s teardrops\u00a0\u00bb d&rsquo;Estas Tonne : douceur et puissance \u00e0 la fois !<\/p>\n<h2>Qui est MGA Accompagnement\u00a0?<\/h2>\n<div>\n<div>J&rsquo;accompagne aux changements et aux transitions professionnels les personnes qui souhaitent aller vers une vie libre &amp; align\u00e9e.<\/div>\n<div>Je suis <a href=\"https:\/\/mga-accompagnement.fr\/\" target=\"_blank\" rel=\"noopener\">coach<\/a>, equicoach, consultante en bilan de comp\u00e9tences et praticienne en th\u00e9rapie br\u00e8ve.<\/div>\n<div>Les chevaux sont tr\u00e8s pr\u00e9sents dans mes accompagnements car ils permettent de mieux se comprendre, d\u2019oser l\u00e2cher ce qui bloque et de s\u2019aligner avec ce qui compte vraiment. Ils nous tendent un miroir sinc\u00e8re de ce que nous vivons int\u00e9rieurement. Les prises de consciences sont plus rapides et le changement qui en d\u00e9coule aussi.<\/div>\n<\/div>\n<div><\/div>\n<p><img fetchpriority=\"high\" decoding=\"async\" class=\"alignnone size-medium wp-image-18303\" src=\"https:\/\/www.salon-zenetbio.com\/nantes\/wp-content\/uploads\/sites\/7\/2025\/09\/PHOTO-2025-09-16-10-12-20-169x300.jpg\" alt=\"MGA ACCOMPAGNEMENT\" width=\"169\" height=\"300\" srcset=\"http:\/\/www.salon-zenetbio.com\/nantes\/wp-content\/uploads\/sites\/7\/2025\/09\/PHOTO-2025-09-16-10-12-20-169x300.jpg 169w, http:\/\/www.salon-zenetbio.com\/nantes\/wp-content\/uploads\/sites\/7\/2025\/09\/PHOTO-2025-09-16-10-12-20-576x1024.jpg 576w, http:\/\/www.salon-zenetbio.com\/nantes\/wp-content\/uploads\/sites\/7\/2025\/09\/PHOTO-2025-09-16-10-12-20-768x1365.jpg 768w, http:\/\/www.salon-zenetbio.com\/nantes\/wp-content\/uploads\/sites\/7\/2025\/09\/PHOTO-2025-09-16-10-12-20-864x1536.jpg 864w, http:\/\/www.salon-zenetbio.com\/nantes\/wp-content\/uploads\/sites\/7\/2025\/09\/PHOTO-2025-09-16-10-12-20-150x267.jpg 150w, http:\/\/www.salon-zenetbio.com\/nantes\/wp-content\/uploads\/sites\/7\/2025\/09\/PHOTO-2025-09-16-10-12-20-281x500.jpg 281w, http:\/\/www.salon-zenetbio.com\/nantes\/wp-content\/uploads\/sites\/7\/2025\/09\/PHOTO-2025-09-16-10-12-20.jpg 900w\" sizes=\"(max-width: 169px) 100vw, 169px\" \/><\/p>\n<h2>Quel est votre \u00ab incontournable \u00bb \u00e0 trouver sur votre stand ?<\/h2>\n<div>\n<div>\n<div>Le cheval (sur des images, pas en vrai. Ils resteront dans leur pr\u00e9 le temps du salon \ud83d\ude0a).<\/div>\n<div><\/div>\n<div>Et mes 2 \u00ab\u00a0coll\u00e8gues\u00a0\u00bb, S\u00e9verine et Myl\u00e8ne avec qui je collabore sur divers projets. Nous avons de nombreux points communs et notamment celui d&rsquo;accompagner les personnes lors des p\u00e9riodes de transition, sujet qui nous passionne.<\/div>\n<\/div>\n<div><\/div>\n<\/div>\n<div>\n<p><img decoding=\"async\" class=\"size-medium wp-image-18304\" src=\"https:\/\/www.salon-zenetbio.com\/nantes\/wp-content\/uploads\/sites\/7\/2025\/09\/Photo-MGA-300x256.jpg\" alt=\"MGA ACCOMPAGNEMENT\" width=\"300\" height=\"256\" srcset=\"http:\/\/www.salon-zenetbio.com\/nantes\/wp-content\/uploads\/sites\/7\/2025\/09\/Photo-MGA-300x256.jpg 300w, http:\/\/www.salon-zenetbio.com\/nantes\/wp-content\/uploads\/sites\/7\/2025\/09\/Photo-MGA-1024x872.jpg 1024w, http:\/\/www.salon-zenetbio.com\/nantes\/wp-content\/uploads\/sites\/7\/2025\/09\/Photo-MGA-768x654.jpg 768w, http:\/\/www.salon-zenetbio.com\/nantes\/wp-content\/uploads\/sites\/7\/2025\/09\/Photo-MGA-150x128.jpg 150w, http:\/\/www.salon-zenetbio.com\/nantes\/wp-content\/uploads\/sites\/7\/2025\/09\/Photo-MGA-500x426.jpg 500w, http:\/\/www.salon-zenetbio.com\/nantes\/wp-content\/uploads\/sites\/7\/2025\/09\/Photo-MGA.jpg 1202w\" sizes=\"(max-width: 300px) 100vw, 300px\" \/><\/p>\n<\/div>\n<div><\/div>\n<p>&nbsp;<\/p>\n<p><a href=\"https:\/\/www.salon-zenetbio.com\/nantes\/visiter\/liste-des-exposants\/\" target=\"_blank\" rel=\"noopener\"><em>Consultez la liste des exposants<\/em><\/a><\/p>\n","protected":false},"excerpt":{"rendered":"<p>Si vous pouviez avoir un super-pouvoir, lequel choisiriez-vous et pourquoi ? Communiquer avec les animaux ! Encore mieux les comprendre pour collaborer avec eux avec encore plus de finesse ! Si vous pouviez d\u00eener avec une personne c\u00e9l\u00e8bre, vivante ou d\u00e9c\u00e9d\u00e9e, qui serait-ce et pourquoi ? Florent Pagny car je pense que je passerai un&hellip; <\/p>\n","protected":false},"author":6,"featured_media":18304,"comment_status":"open","ping_status":"open","sticky":false,"template":"","format":"standard","meta":{"_monsterinsights_skip_tracking":false,"_monsterinsights_sitenote_active":false,"_monsterinsights_sitenote_note":"","_monsterinsights_sitenote_category":0,"footnotes":""},"categories":[340],"tags":[],"class_list":["post-18299","post","type-post","status-publish","format-standard","has-post-thumbnail","hentry","category-portrait-exposant"],"yoast_head":"<!-- This site is optimized with the Yoast SEO plugin v27.3 - https:\/\/yoast.com\/product\/yoast-seo-wordpress\/ -->\n<title>MGA Accompagnement - Salon ZEN &amp; BIO Nantes<\/title>\n<meta name=\"description\" content=\"Venez d\u00e9couvrir ou red\u00e9couvrir MGA Accompagnement lors du salon Zen&amp;Bio Nantes du 10 au 12 octobre 2025 au parc des expositions !\" \/>\n<meta name=\"robots\" content=\"index, follow, max-snippet:-1, max-image-preview:large, max-video-preview:-1\" \/>\n<link rel=\"canonical\" href=\"http:\/\/www.salon-zenetbio.com\/nantes\/mga-accompagnement\/\" \/>\n<meta property=\"og:locale\" content=\"fr_FR\" \/>\n<meta property=\"og:type\" content=\"article\" \/>\n<meta property=\"og:title\" content=\"MGA Accompagnement - Salon ZEN &amp; BIO Nantes\" \/>\n<meta property=\"og:description\" content=\"Venez d\u00e9couvrir ou red\u00e9couvrir MGA Accompagnement lors du salon Zen&amp;Bio Nantes du 10 au 12 octobre 2025 au parc des expositions !\" \/>\n<meta property=\"og:url\" content=\"http:\/\/www.salon-zenetbio.com\/nantes\/mga-accompagnement\/\" \/>\n<meta property=\"og:site_name\" content=\"Salon ZEN &amp; BIO Nantes\" \/>\n<meta property=\"article:published_time\" content=\"2025-09-23T10:50:42+00:00\" \/>\n<meta property=\"og:image\" content=\"http:\/\/www.salon-zenetbio.com\/nantes\/wp-content\/uploads\/sites\/7\/2025\/09\/Photo-MGA.jpg\" \/>\n\t<meta property=\"og:image:width\" content=\"1202\" \/>\n\t<meta property=\"og:image:height\" content=\"1024\" \/>\n\t<meta property=\"og:image:type\" content=\"image\/jpeg\" \/>\n<meta name=\"author\" content=\"communication\" \/>\n<meta name=\"twitter:card\" content=\"summary_large_image\" \/>\n<meta name=\"twitter:label1\" content=\"\u00c9crit par\" \/>\n\t<meta name=\"twitter:data1\" content=\"communication\" \/>\n\t<meta name=\"twitter:label2\" content=\"Dur\u00e9e de lecture estim\u00e9e\" \/>\n\t<meta name=\"twitter:data2\" content=\"2 minutes\" \/>\n<script type=\"application\/ld+json\" class=\"yoast-schema-graph\">{\"@context\":\"https:\\\/\\\/schema.org\",\"@graph\":[{\"@type\":\"Article\",\"@id\":\"http:\\\/\\\/www.salon-zenetbio.com\\\/nantes\\\/mga-accompagnement\\\/#article\",\"isPartOf\":{\"@id\":\"http:\\\/\\\/www.salon-zenetbio.com\\\/nantes\\\/mga-accompagnement\\\/\"},\"author\":{\"name\":\"communication\",\"@id\":\"https:\\\/\\\/www.salon-zenetbio.com\\\/nantes\\\/#\\\/schema\\\/person\\\/ae137e79c551ab78ea22fb35759cb9f8\"},\"headline\":\"MGA Accompagnement\",\"datePublished\":\"2025-09-23T10:50:42+00:00\",\"mainEntityOfPage\":{\"@id\":\"http:\\\/\\\/www.salon-zenetbio.com\\\/nantes\\\/mga-accompagnement\\\/\"},\"wordCount\":271,\"commentCount\":0,\"publisher\":{\"@id\":\"https:\\\/\\\/www.salon-zenetbio.com\\\/nantes\\\/#organization\"},\"image\":{\"@id\":\"http:\\\/\\\/www.salon-zenetbio.com\\\/nantes\\\/mga-accompagnement\\\/#primaryimage\"},\"thumbnailUrl\":\"http:\\\/\\\/www.salon-zenetbio.com\\\/nantes\\\/wp-content\\\/uploads\\\/sites\\\/7\\\/2025\\\/09\\\/Photo-MGA.jpg\",\"articleSection\":[\"Portrait exposant\"],\"inLanguage\":\"fr-FR\",\"potentialAction\":[{\"@type\":\"CommentAction\",\"name\":\"Comment\",\"target\":[\"http:\\\/\\\/www.salon-zenetbio.com\\\/nantes\\\/mga-accompagnement\\\/#respond\"]}]},{\"@type\":\"WebPage\",\"@id\":\"http:\\\/\\\/www.salon-zenetbio.com\\\/nantes\\\/mga-accompagnement\\\/\",\"url\":\"http:\\\/\\\/www.salon-zenetbio.com\\\/nantes\\\/mga-accompagnement\\\/\",\"name\":\"MGA Accompagnement - Salon ZEN &amp; BIO Nantes\",\"isPartOf\":{\"@id\":\"https:\\\/\\\/www.salon-zenetbio.com\\\/nantes\\\/#website\"},\"primaryImageOfPage\":{\"@id\":\"http:\\\/\\\/www.salon-zenetbio.com\\\/nantes\\\/mga-accompagnement\\\/#primaryimage\"},\"image\":{\"@id\":\"http:\\\/\\\/www.salon-zenetbio.com\\\/nantes\\\/mga-accompagnement\\\/#primaryimage\"},\"thumbnailUrl\":\"http:\\\/\\\/www.salon-zenetbio.com\\\/nantes\\\/wp-content\\\/uploads\\\/sites\\\/7\\\/2025\\\/09\\\/Photo-MGA.jpg\",\"datePublished\":\"2025-09-23T10:50:42+00:00\",\"description\":\"Venez d\u00e9couvrir ou red\u00e9couvrir MGA Accompagnement lors du salon Zen&Bio Nantes du 10 au 12 octobre 2025 au parc des expositions !\",\"breadcrumb\":{\"@id\":\"http:\\\/\\\/www.salon-zenetbio.com\\\/nantes\\\/mga-accompagnement\\\/#breadcrumb\"},\"inLanguage\":\"fr-FR\",\"potentialAction\":[{\"@type\":\"ReadAction\",\"target\":[\"http:\\\/\\\/www.salon-zenetbio.com\\\/nantes\\\/mga-accompagnement\\\/\"]}]},{\"@type\":\"ImageObject\",\"inLanguage\":\"fr-FR\",\"@id\":\"http:\\\/\\\/www.salon-zenetbio.com\\\/nantes\\\/mga-accompagnement\\\/#primaryimage\",\"url\":\"http:\\\/\\\/www.salon-zenetbio.com\\\/nantes\\\/wp-content\\\/uploads\\\/sites\\\/7\\\/2025\\\/09\\\/Photo-MGA.jpg\",\"contentUrl\":\"http:\\\/\\\/www.salon-zenetbio.com\\\/nantes\\\/wp-content\\\/uploads\\\/sites\\\/7\\\/2025\\\/09\\\/Photo-MGA.jpg\",\"width\":1202,\"height\":1024,\"caption\":\"Screenshot\"},{\"@type\":\"BreadcrumbList\",\"@id\":\"http:\\\/\\\/www.salon-zenetbio.com\\\/nantes\\\/mga-accompagnement\\\/#breadcrumb\",\"itemListElement\":[{\"@type\":\"ListItem\",\"position\":1,\"name\":\"Accueil\",\"item\":\"https:\\\/\\\/www.salon-zenetbio.com\\\/nantes\\\/\"},{\"@type\":\"ListItem\",\"position\":2,\"name\":\"MGA Accompagnement\"}]},{\"@type\":\"WebSite\",\"@id\":\"https:\\\/\\\/www.salon-zenetbio.com\\\/nantes\\\/#website\",\"url\":\"https:\\\/\\\/www.salon-zenetbio.com\\\/nantes\\\/\",\"name\":\"Salon ZEN &amp; BIO Nantes\",\"description\":\"salon ZEN &amp; BIO Nantes : votre salon bio, bien-\u00eatre et habitat sain\",\"publisher\":{\"@id\":\"https:\\\/\\\/www.salon-zenetbio.com\\\/nantes\\\/#organization\"},\"potentialAction\":[{\"@type\":\"SearchAction\",\"target\":{\"@type\":\"EntryPoint\",\"urlTemplate\":\"https:\\\/\\\/www.salon-zenetbio.com\\\/nantes\\\/?s={search_term_string}\"},\"query-input\":{\"@type\":\"PropertyValueSpecification\",\"valueRequired\":true,\"valueName\":\"search_term_string\"}}],\"inLanguage\":\"fr-FR\"},{\"@type\":\"Organization\",\"@id\":\"https:\\\/\\\/www.salon-zenetbio.com\\\/nantes\\\/#organization\",\"name\":\"Salon ZEN &amp; BIO Nantes\",\"url\":\"https:\\\/\\\/www.salon-zenetbio.com\\\/nantes\\\/\",\"logo\":{\"@type\":\"ImageObject\",\"inLanguage\":\"fr-FR\",\"@id\":\"https:\\\/\\\/www.salon-zenetbio.com\\\/nantes\\\/#\\\/schema\\\/logo\\\/image\\\/\",\"url\":\"http:\\\/\\\/www.salon-zenetbio.com\\\/nantes\\\/wp-content\\\/uploads\\\/sites\\\/7\\\/2026\\\/03\\\/cropped-Logo-ZEN-et-BIO-nantes-2026.png\",\"contentUrl\":\"http:\\\/\\\/www.salon-zenetbio.com\\\/nantes\\\/wp-content\\\/uploads\\\/sites\\\/7\\\/2026\\\/03\\\/cropped-Logo-ZEN-et-BIO-nantes-2026.png\",\"width\":921,\"height\":255,\"caption\":\"Salon ZEN &amp; BIO Nantes\"},\"image\":{\"@id\":\"https:\\\/\\\/www.salon-zenetbio.com\\\/nantes\\\/#\\\/schema\\\/logo\\\/image\\\/\"}},{\"@type\":\"Person\",\"@id\":\"https:\\\/\\\/www.salon-zenetbio.com\\\/nantes\\\/#\\\/schema\\\/person\\\/ae137e79c551ab78ea22fb35759cb9f8\",\"name\":\"communication\",\"image\":{\"@type\":\"ImageObject\",\"inLanguage\":\"fr-FR\",\"@id\":\"https:\\\/\\\/secure.gravatar.com\\\/avatar\\\/0f49d5b7ab56355ffa797b3ce25e4f2375cedf6bc9afe416fe669342c3524275?s=96&d=mm&r=g\",\"url\":\"https:\\\/\\\/secure.gravatar.com\\\/avatar\\\/0f49d5b7ab56355ffa797b3ce25e4f2375cedf6bc9afe416fe669342c3524275?s=96&d=mm&r=g\",\"contentUrl\":\"https:\\\/\\\/secure.gravatar.com\\\/avatar\\\/0f49d5b7ab56355ffa797b3ce25e4f2375cedf6bc9afe416fe669342c3524275?s=96&d=mm&r=g\",\"caption\":\"communication\"},\"url\":\"http:\\\/\\\/www.salon-zenetbio.com\\\/nantes\\\/author\\\/communication\\\/\"}]}<\/script>\n<!-- \/ Yoast SEO plugin. -->","yoast_head_json":{"title":"MGA Accompagnement - Salon ZEN &amp; BIO Nantes","description":"Venez d\u00e9couvrir ou red\u00e9couvrir MGA Accompagnement lors du salon Zen&Bio Nantes du 10 au 12 octobre 2025 au parc des expositions !","robots":{"index":"index","follow":"follow","max-snippet":"max-snippet:-1","max-image-preview":"max-image-preview:large","max-video-preview":"max-video-preview:-1"},"canonical":"http:\/\/www.salon-zenetbio.com\/nantes\/mga-accompagnement\/","og_locale":"fr_FR","og_type":"article","og_title":"MGA Accompagnement - Salon ZEN &amp; BIO Nantes","og_description":"Venez d\u00e9couvrir ou red\u00e9couvrir MGA Accompagnement lors du salon Zen&Bio Nantes du 10 au 12 octobre 2025 au parc des expositions !","og_url":"http:\/\/www.salon-zenetbio.com\/nantes\/mga-accompagnement\/","og_site_name":"Salon ZEN &amp; BIO Nantes","article_published_time":"2025-09-23T10:50:42+00:00","og_image":[{"width":1202,"height":1024,"url":"http:\/\/www.salon-zenetbio.com\/nantes\/wp-content\/uploads\/sites\/7\/2025\/09\/Photo-MGA.jpg","type":"image\/jpeg"}],"author":"communication","twitter_card":"summary_large_image","twitter_misc":{"\u00c9crit par":"communication","Dur\u00e9e de lecture estim\u00e9e":"2 minutes"},"schema":{"@context":"https:\/\/schema.org","@graph":[{"@type":"Article","@id":"http:\/\/www.salon-zenetbio.com\/nantes\/mga-accompagnement\/#article","isPartOf":{"@id":"http:\/\/www.salon-zenetbio.com\/nantes\/mga-accompagnement\/"},"author":{"name":"communication","@id":"https:\/\/www.salon-zenetbio.com\/nantes\/#\/schema\/person\/ae137e79c551ab78ea22fb35759cb9f8"},"headline":"MGA Accompagnement","datePublished":"2025-09-23T10:50:42+00:00","mainEntityOfPage":{"@id":"http:\/\/www.salon-zenetbio.com\/nantes\/mga-accompagnement\/"},"wordCount":271,"commentCount":0,"publisher":{"@id":"https:\/\/www.salon-zenetbio.com\/nantes\/#organization"},"image":{"@id":"http:\/\/www.salon-zenetbio.com\/nantes\/mga-accompagnement\/#primaryimage"},"thumbnailUrl":"http:\/\/www.salon-zenetbio.com\/nantes\/wp-content\/uploads\/sites\/7\/2025\/09\/Photo-MGA.jpg","articleSection":["Portrait exposant"],"inLanguage":"fr-FR","potentialAction":[{"@type":"CommentAction","name":"Comment","target":["http:\/\/www.salon-zenetbio.com\/nantes\/mga-accompagnement\/#respond"]}]},{"@type":"WebPage","@id":"http:\/\/www.salon-zenetbio.com\/nantes\/mga-accompagnement\/","url":"http:\/\/www.salon-zenetbio.com\/nantes\/mga-accompagnement\/","name":"MGA Accompagnement - Salon ZEN &amp; BIO Nantes","isPartOf":{"@id":"https:\/\/www.salon-zenetbio.com\/nantes\/#website"},"primaryImageOfPage":{"@id":"http:\/\/www.salon-zenetbio.com\/nantes\/mga-accompagnement\/#primaryimage"},"image":{"@id":"http:\/\/www.salon-zenetbio.com\/nantes\/mga-accompagnement\/#primaryimage"},"thumbnailUrl":"http:\/\/www.salon-zenetbio.com\/nantes\/wp-content\/uploads\/sites\/7\/2025\/09\/Photo-MGA.jpg","datePublished":"2025-09-23T10:50:42+00:00","description":"Venez d\u00e9couvrir ou red\u00e9couvrir MGA Accompagnement lors du salon Zen&Bio Nantes du 10 au 12 octobre 2025 au parc des expositions !","breadcrumb":{"@id":"http:\/\/www.salon-zenetbio.com\/nantes\/mga-accompagnement\/#breadcrumb"},"inLanguage":"fr-FR","potentialAction":[{"@type":"ReadAction","target":["http:\/\/www.salon-zenetbio.com\/nantes\/mga-accompagnement\/"]}]},{"@type":"ImageObject","inLanguage":"fr-FR","@id":"http:\/\/www.salon-zenetbio.com\/nantes\/mga-accompagnement\/#primaryimage","url":"http:\/\/www.salon-zenetbio.com\/nantes\/wp-content\/uploads\/sites\/7\/2025\/09\/Photo-MGA.jpg","contentUrl":"http:\/\/www.salon-zenetbio.com\/nantes\/wp-content\/uploads\/sites\/7\/2025\/09\/Photo-MGA.jpg","width":1202,"height":1024,"caption":"Screenshot"},{"@type":"BreadcrumbList","@id":"http:\/\/www.salon-zenetbio.com\/nantes\/mga-accompagnement\/#breadcrumb","itemListElement":[{"@type":"ListItem","position":1,"name":"Accueil","item":"https:\/\/www.salon-zenetbio.com\/nantes\/"},{"@type":"ListItem","position":2,"name":"MGA Accompagnement"}]},{"@type":"WebSite","@id":"https:\/\/www.salon-zenetbio.com\/nantes\/#website","url":"https:\/\/www.salon-zenetbio.com\/nantes\/","name":"Salon ZEN &amp; BIO Nantes","description":"salon ZEN &amp; BIO Nantes : votre salon bio, bien-\u00eatre et habitat sain","publisher":{"@id":"https:\/\/www.salon-zenetbio.com\/nantes\/#organization"},"potentialAction":[{"@type":"SearchAction","target":{"@type":"EntryPoint","urlTemplate":"https:\/\/www.salon-zenetbio.com\/nantes\/?s={search_term_string}"},"query-input":{"@type":"PropertyValueSpecification","valueRequired":true,"valueName":"search_term_string"}}],"inLanguage":"fr-FR"},{"@type":"Organization","@id":"https:\/\/www.salon-zenetbio.com\/nantes\/#organization","name":"Salon ZEN &amp; BIO Nantes","url":"https:\/\/www.salon-zenetbio.com\/nantes\/","logo":{"@type":"ImageObject","inLanguage":"fr-FR","@id":"https:\/\/www.salon-zenetbio.com\/nantes\/#\/schema\/logo\/image\/","url":"http:\/\/www.salon-zenetbio.com\/nantes\/wp-content\/uploads\/sites\/7\/2026\/03\/cropped-Logo-ZEN-et-BIO-nantes-2026.png","contentUrl":"http:\/\/www.salon-zenetbio.com\/nantes\/wp-content\/uploads\/sites\/7\/2026\/03\/cropped-Logo-ZEN-et-BIO-nantes-2026.png","width":921,"height":255,"caption":"Salon ZEN &amp; BIO Nantes"},"image":{"@id":"https:\/\/www.salon-zenetbio.com\/nantes\/#\/schema\/logo\/image\/"}},{"@type":"Person","@id":"https:\/\/www.salon-zenetbio.com\/nantes\/#\/schema\/person\/ae137e79c551ab78ea22fb35759cb9f8","name":"communication","image":{"@type":"ImageObject","inLanguage":"fr-FR","@id":"https:\/\/secure.gravatar.com\/avatar\/0f49d5b7ab56355ffa797b3ce25e4f2375cedf6bc9afe416fe669342c3524275?s=96&d=mm&r=g","url":"https:\/\/secure.gravatar.com\/avatar\/0f49d5b7ab56355ffa797b3ce25e4f2375cedf6bc9afe416fe669342c3524275?s=96&d=mm&r=g","contentUrl":"https:\/\/secure.gravatar.com\/avatar\/0f49d5b7ab56355ffa797b3ce25e4f2375cedf6bc9afe416fe669342c3524275?s=96&d=mm&r=g","caption":"communication"},"url":"http:\/\/www.salon-zenetbio.com\/nantes\/author\/communication\/"}]}},"jetpack_featured_media_url":"http:\/\/www.salon-zenetbio.com\/nantes\/wp-content\/uploads\/sites\/7\/2025\/09\/Photo-MGA.jpg","_links":{"self":[{"href":"http:\/\/www.salon-zenetbio.com\/nantes\/wp-json\/wp\/v2\/posts\/18299","targetHints":{"allow":["GET"]}}],"collection":[{"href":"http:\/\/www.salon-zenetbio.com\/nantes\/wp-json\/wp\/v2\/posts"}],"about":[{"href":"http:\/\/www.salon-zenetbio.com\/nantes\/wp-json\/wp\/v2\/types\/post"}],"author":[{"embeddable":true,"href":"http:\/\/www.salon-zenetbio.com\/nantes\/wp-json\/wp\/v2\/users\/6"}],"replies":[{"embeddable":true,"href":"http:\/\/www.salon-zenetbio.com\/nantes\/wp-json\/wp\/v2\/comments?post=18299"}],"version-history":[{"count":4,"href":"http:\/\/www.salon-zenetbio.com\/nantes\/wp-json\/wp\/v2\/posts\/18299\/revisions"}],"predecessor-version":[{"id":18330,"href":"http:\/\/www.salon-zenetbio.com\/nantes\/wp-json\/wp\/v2\/posts\/18299\/revisions\/18330"}],"wp:featuredmedia":[{"embeddable":true,"href":"http:\/\/www.salon-zenetbio.com\/nantes\/wp-json\/wp\/v2\/media\/18304"}],"wp:attachment":[{"href":"http:\/\/www.salon-zenetbio.com\/nantes\/wp-json\/wp\/v2\/media?parent=18299"}],"wp:term":[{"taxonomy":"category","embeddable":true,"href":"http:\/\/www.salon-zenetbio.com\/nantes\/wp-json\/wp\/v2\/categories?post=18299"},{"taxonomy":"post_tag","embeddable":true,"href":"http:\/\/www.salon-zenetbio.com\/nantes\/wp-json\/wp\/v2\/tags?post=18299"}],"curies":[{"name":"wp","href":"https:\/\/api.w.org\/{rel}","templated":true}]}}