{"id":18300,"date":"2025-09-23T12:53:42","date_gmt":"2025-09-23T10:53:42","guid":{"rendered":"https:\/\/www.salon-zenetbio.com\/nantes\/?p=18300"},"modified":"2025-09-23T12:53:42","modified_gmt":"2025-09-23T10:53:42","slug":"biopaumera","status":"publish","type":"post","link":"http:\/\/www.salon-zenetbio.com\/nantes\/biopaumera\/","title":{"rendered":"Biopaumer\u00e0"},"content":{"rendered":"<h2>Si vous pouviez avoir un super-pouvoir, lequel choisiriez-vous et pourquoi ?<\/h2>\n<p>Je ne veux pas avoir de super pouvoirs&#8230;<\/p>\n<h2>Si vous pouviez d\u00eener avec une personne c\u00e9l\u00e8bre, vivante ou d\u00e9c\u00e9d\u00e9e, qui serait-ce et pourquoi ?<\/h2>\n<p>Mahatma Gandhi. Il a atteint la paix int\u00e9rieure en aidant les autres.<\/p>\n<h2>Si vous deviez choisir une chanson pour repr\u00e9senter votre activit\u00e9, laquelle serait-elle ?<\/h2>\n<p>My way !<\/p>\n<h2>Qui est Biopaumer\u00e0\u00a0?<\/h2>\n<div>\n<div>Nous sommes un petit domaine viticole produisant du <a href=\"https:\/\/www.biopaumera.com\/fr\/\" target=\"_blank\" rel=\"noopener\">vin<\/a> et de l&rsquo;huile d&rsquo;olive biologiques, situ\u00e9 dans la ville de Rasquera (R\u00e9serve de biosph\u00e8re), au sud de la Catalogne, \u00e0 cheval entre les prestigieuses appellations d&rsquo;origine de Montsant, Priorat et Terra Alta.<\/div>\n<div><\/div>\n<div>Notre philosophie est de produire peu et bien. Autrement dit, privil\u00e9gier la qualit\u00e9 \u00e0 la quantit\u00e9.<\/div>\n<div><\/div>\n<div>Nous avons toujours envisag\u00e9 la possibilit\u00e9 de planter des cultures traditionnelles de cette r\u00e9gion, disparues dans les ann\u00e9es 1970, 1980 et 1990. Ces cultures ont toujours \u00e9t\u00e9 la vigne et l&rsquo;olivier. C&rsquo;est pourquoi nous avons conserv\u00e9 tous les grands oliviers centenaires et certains mill\u00e9naires du domaine. Lorsque nous avons d\u00e9cid\u00e9 de les cultiver, nous nous sommes dit que, puisque nous revenions aux cultures traditionnelles, pourquoi ne pas travailler la terre comme avant, sans herbicides, insecticides ni engrais chimiques ? Nous voulons produire et vendre des produits de qualit\u00e9 et sains.<\/div>\n<\/div>\n<div><\/div>\n<p><img fetchpriority=\"high\" decoding=\"async\" class=\"alignnone size-medium wp-image-18308\" src=\"https:\/\/www.salon-zenetbio.com\/nantes\/wp-content\/uploads\/sites\/7\/2025\/09\/Helga-1-300x200.jpg\" alt=\"BIOPAUMER\u00c0\" width=\"300\" height=\"200\" srcset=\"http:\/\/www.salon-zenetbio.com\/nantes\/wp-content\/uploads\/sites\/7\/2025\/09\/Helga-1-300x200.jpg 300w, http:\/\/www.salon-zenetbio.com\/nantes\/wp-content\/uploads\/sites\/7\/2025\/09\/Helga-1-768x511.jpg 768w, http:\/\/www.salon-zenetbio.com\/nantes\/wp-content\/uploads\/sites\/7\/2025\/09\/Helga-1-150x100.jpg 150w, http:\/\/www.salon-zenetbio.com\/nantes\/wp-content\/uploads\/sites\/7\/2025\/09\/Helga-1-500x333.jpg 500w, http:\/\/www.salon-zenetbio.com\/nantes\/wp-content\/uploads\/sites\/7\/2025\/09\/Helga-1.jpg 1000w\" sizes=\"(max-width: 300px) 100vw, 300px\" \/><\/p>\n<h2>Quel est votre \u00ab incontournable \u00bb \u00e0 trouver sur votre stand ?<\/h2>\n<div>\n<div>Nos vins naturels, sans aucun ajout, et nos huiles d&rsquo;olive issues d&rsquo;oliviers centenaires.<\/div>\n<\/div>\n<div><\/div>\n<div>\n<div><\/div>\n<\/div>\n<div><\/div>\n<p>&nbsp;<\/p>\n<p>&nbsp;<\/p>\n<p><a href=\"https:\/\/www.salon-zenetbio.com\/nantes\/visiter\/liste-des-exposants\/\" target=\"_blank\" rel=\"noopener\"><em>Consultez la liste des exposants<\/em><\/a><\/p>\n","protected":false},"excerpt":{"rendered":"<p>Si vous pouviez avoir un super-pouvoir, lequel choisiriez-vous et pourquoi ? Je ne veux pas avoir de super pouvoirs&#8230; Si vous pouviez d\u00eener avec une personne c\u00e9l\u00e8bre, vivante ou d\u00e9c\u00e9d\u00e9e, qui serait-ce et pourquoi ? Mahatma Gandhi. Il a atteint la paix int\u00e9rieure en aidant les autres. Si vous deviez choisir une chanson pour repr\u00e9senter&hellip; <\/p>\n","protected":false},"author":6,"featured_media":18308,"comment_status":"open","ping_status":"open","sticky":false,"template":"","format":"standard","meta":{"_monsterinsights_skip_tracking":false,"_monsterinsights_sitenote_active":false,"_monsterinsights_sitenote_note":"","_monsterinsights_sitenote_category":0,"footnotes":""},"categories":[340],"tags":[],"class_list":["post-18300","post","type-post","status-publish","format-standard","has-post-thumbnail","hentry","category-portrait-exposant"],"yoast_head":"<!-- This site is optimized with the Yoast SEO plugin v27.3 - https:\/\/yoast.com\/product\/yoast-seo-wordpress\/ -->\n<title>Biopaumer\u00e0 - Salon ZEN &amp; BIO Nantes<\/title>\n<meta name=\"description\" content=\"Venez d\u00e9couvrir ou red\u00e9couvrir Biopaumer\u00e0 lors du salon Zen&amp;Bio Nantes du 10 au 12 octobre 2025 au parc des expositions !\" \/>\n<meta name=\"robots\" content=\"index, follow, max-snippet:-1, max-image-preview:large, max-video-preview:-1\" \/>\n<link rel=\"canonical\" href=\"http:\/\/www.salon-zenetbio.com\/nantes\/biopaumera\/\" \/>\n<meta property=\"og:locale\" content=\"fr_FR\" \/>\n<meta property=\"og:type\" content=\"article\" \/>\n<meta property=\"og:title\" content=\"Biopaumer\u00e0 - Salon ZEN &amp; BIO Nantes\" \/>\n<meta property=\"og:description\" content=\"Venez d\u00e9couvrir ou red\u00e9couvrir Biopaumer\u00e0 lors du salon Zen&amp;Bio Nantes du 10 au 12 octobre 2025 au parc des expositions !\" \/>\n<meta property=\"og:url\" content=\"http:\/\/www.salon-zenetbio.com\/nantes\/biopaumera\/\" \/>\n<meta property=\"og:site_name\" content=\"Salon ZEN &amp; BIO Nantes\" \/>\n<meta property=\"article:published_time\" content=\"2025-09-23T10:53:42+00:00\" \/>\n<meta property=\"og:image\" content=\"http:\/\/www.salon-zenetbio.com\/nantes\/wp-content\/uploads\/sites\/7\/2025\/09\/Helga-1.jpg\" \/>\n\t<meta property=\"og:image:width\" content=\"1000\" \/>\n\t<meta property=\"og:image:height\" content=\"666\" \/>\n\t<meta property=\"og:image:type\" content=\"image\/jpeg\" \/>\n<meta name=\"author\" content=\"communication\" \/>\n<meta name=\"twitter:card\" content=\"summary_large_image\" \/>\n<meta name=\"twitter:label1\" content=\"\u00c9crit par\" \/>\n\t<meta name=\"twitter:data1\" content=\"communication\" \/>\n\t<meta name=\"twitter:label2\" content=\"Dur\u00e9e de lecture estim\u00e9e\" \/>\n\t<meta name=\"twitter:data2\" content=\"2 minutes\" \/>\n<script type=\"application\/ld+json\" class=\"yoast-schema-graph\">{\"@context\":\"https:\\\/\\\/schema.org\",\"@graph\":[{\"@type\":\"Article\",\"@id\":\"http:\\\/\\\/www.salon-zenetbio.com\\\/nantes\\\/biopaumera\\\/#article\",\"isPartOf\":{\"@id\":\"http:\\\/\\\/www.salon-zenetbio.com\\\/nantes\\\/biopaumera\\\/\"},\"author\":{\"name\":\"communication\",\"@id\":\"https:\\\/\\\/www.salon-zenetbio.com\\\/nantes\\\/#\\\/schema\\\/person\\\/ae137e79c551ab78ea22fb35759cb9f8\"},\"headline\":\"Biopaumer\u00e0\",\"datePublished\":\"2025-09-23T10:53:42+00:00\",\"mainEntityOfPage\":{\"@id\":\"http:\\\/\\\/www.salon-zenetbio.com\\\/nantes\\\/biopaumera\\\/\"},\"wordCount\":254,\"commentCount\":0,\"publisher\":{\"@id\":\"https:\\\/\\\/www.salon-zenetbio.com\\\/nantes\\\/#organization\"},\"image\":{\"@id\":\"http:\\\/\\\/www.salon-zenetbio.com\\\/nantes\\\/biopaumera\\\/#primaryimage\"},\"thumbnailUrl\":\"http:\\\/\\\/www.salon-zenetbio.com\\\/nantes\\\/wp-content\\\/uploads\\\/sites\\\/7\\\/2025\\\/09\\\/Helga-1.jpg\",\"articleSection\":[\"Portrait exposant\"],\"inLanguage\":\"fr-FR\",\"potentialAction\":[{\"@type\":\"CommentAction\",\"name\":\"Comment\",\"target\":[\"http:\\\/\\\/www.salon-zenetbio.com\\\/nantes\\\/biopaumera\\\/#respond\"]}]},{\"@type\":\"WebPage\",\"@id\":\"http:\\\/\\\/www.salon-zenetbio.com\\\/nantes\\\/biopaumera\\\/\",\"url\":\"http:\\\/\\\/www.salon-zenetbio.com\\\/nantes\\\/biopaumera\\\/\",\"name\":\"Biopaumer\u00e0 - Salon ZEN &amp; BIO Nantes\",\"isPartOf\":{\"@id\":\"https:\\\/\\\/www.salon-zenetbio.com\\\/nantes\\\/#website\"},\"primaryImageOfPage\":{\"@id\":\"http:\\\/\\\/www.salon-zenetbio.com\\\/nantes\\\/biopaumera\\\/#primaryimage\"},\"image\":{\"@id\":\"http:\\\/\\\/www.salon-zenetbio.com\\\/nantes\\\/biopaumera\\\/#primaryimage\"},\"thumbnailUrl\":\"http:\\\/\\\/www.salon-zenetbio.com\\\/nantes\\\/wp-content\\\/uploads\\\/sites\\\/7\\\/2025\\\/09\\\/Helga-1.jpg\",\"datePublished\":\"2025-09-23T10:53:42+00:00\",\"description\":\"Venez d\u00e9couvrir ou red\u00e9couvrir Biopaumer\u00e0 lors du salon Zen&Bio Nantes du 10 au 12 octobre 2025 au parc des expositions !\",\"breadcrumb\":{\"@id\":\"http:\\\/\\\/www.salon-zenetbio.com\\\/nantes\\\/biopaumera\\\/#breadcrumb\"},\"inLanguage\":\"fr-FR\",\"potentialAction\":[{\"@type\":\"ReadAction\",\"target\":[\"http:\\\/\\\/www.salon-zenetbio.com\\\/nantes\\\/biopaumera\\\/\"]}]},{\"@type\":\"ImageObject\",\"inLanguage\":\"fr-FR\",\"@id\":\"http:\\\/\\\/www.salon-zenetbio.com\\\/nantes\\\/biopaumera\\\/#primaryimage\",\"url\":\"http:\\\/\\\/www.salon-zenetbio.com\\\/nantes\\\/wp-content\\\/uploads\\\/sites\\\/7\\\/2025\\\/09\\\/Helga-1.jpg\",\"contentUrl\":\"http:\\\/\\\/www.salon-zenetbio.com\\\/nantes\\\/wp-content\\\/uploads\\\/sites\\\/7\\\/2025\\\/09\\\/Helga-1.jpg\",\"width\":1000,\"height\":666,\"caption\":\"BIOPAUMER\u00c0\"},{\"@type\":\"BreadcrumbList\",\"@id\":\"http:\\\/\\\/www.salon-zenetbio.com\\\/nantes\\\/biopaumera\\\/#breadcrumb\",\"itemListElement\":[{\"@type\":\"ListItem\",\"position\":1,\"name\":\"Accueil\",\"item\":\"https:\\\/\\\/www.salon-zenetbio.com\\\/nantes\\\/\"},{\"@type\":\"ListItem\",\"position\":2,\"name\":\"Biopaumer\u00e0\"}]},{\"@type\":\"WebSite\",\"@id\":\"https:\\\/\\\/www.salon-zenetbio.com\\\/nantes\\\/#website\",\"url\":\"https:\\\/\\\/www.salon-zenetbio.com\\\/nantes\\\/\",\"name\":\"Salon ZEN &amp; BIO Nantes\",\"description\":\"salon ZEN &amp; BIO Nantes : votre salon bio, bien-\u00eatre et habitat sain\",\"publisher\":{\"@id\":\"https:\\\/\\\/www.salon-zenetbio.com\\\/nantes\\\/#organization\"},\"potentialAction\":[{\"@type\":\"SearchAction\",\"target\":{\"@type\":\"EntryPoint\",\"urlTemplate\":\"https:\\\/\\\/www.salon-zenetbio.com\\\/nantes\\\/?s={search_term_string}\"},\"query-input\":{\"@type\":\"PropertyValueSpecification\",\"valueRequired\":true,\"valueName\":\"search_term_string\"}}],\"inLanguage\":\"fr-FR\"},{\"@type\":\"Organization\",\"@id\":\"https:\\\/\\\/www.salon-zenetbio.com\\\/nantes\\\/#organization\",\"name\":\"Salon ZEN &amp; BIO Nantes\",\"url\":\"https:\\\/\\\/www.salon-zenetbio.com\\\/nantes\\\/\",\"logo\":{\"@type\":\"ImageObject\",\"inLanguage\":\"fr-FR\",\"@id\":\"https:\\\/\\\/www.salon-zenetbio.com\\\/nantes\\\/#\\\/schema\\\/logo\\\/image\\\/\",\"url\":\"http:\\\/\\\/www.salon-zenetbio.com\\\/nantes\\\/wp-content\\\/uploads\\\/sites\\\/7\\\/2026\\\/03\\\/cropped-Logo-ZEN-et-BIO-nantes-2026.png\",\"contentUrl\":\"http:\\\/\\\/www.salon-zenetbio.com\\\/nantes\\\/wp-content\\\/uploads\\\/sites\\\/7\\\/2026\\\/03\\\/cropped-Logo-ZEN-et-BIO-nantes-2026.png\",\"width\":921,\"height\":255,\"caption\":\"Salon ZEN &amp; BIO Nantes\"},\"image\":{\"@id\":\"https:\\\/\\\/www.salon-zenetbio.com\\\/nantes\\\/#\\\/schema\\\/logo\\\/image\\\/\"}},{\"@type\":\"Person\",\"@id\":\"https:\\\/\\\/www.salon-zenetbio.com\\\/nantes\\\/#\\\/schema\\\/person\\\/ae137e79c551ab78ea22fb35759cb9f8\",\"name\":\"communication\",\"image\":{\"@type\":\"ImageObject\",\"inLanguage\":\"fr-FR\",\"@id\":\"https:\\\/\\\/secure.gravatar.com\\\/avatar\\\/0f49d5b7ab56355ffa797b3ce25e4f2375cedf6bc9afe416fe669342c3524275?s=96&d=mm&r=g\",\"url\":\"https:\\\/\\\/secure.gravatar.com\\\/avatar\\\/0f49d5b7ab56355ffa797b3ce25e4f2375cedf6bc9afe416fe669342c3524275?s=96&d=mm&r=g\",\"contentUrl\":\"https:\\\/\\\/secure.gravatar.com\\\/avatar\\\/0f49d5b7ab56355ffa797b3ce25e4f2375cedf6bc9afe416fe669342c3524275?s=96&d=mm&r=g\",\"caption\":\"communication\"},\"url\":\"http:\\\/\\\/www.salon-zenetbio.com\\\/nantes\\\/author\\\/communication\\\/\"}]}<\/script>\n<!-- \/ Yoast SEO plugin. -->","yoast_head_json":{"title":"Biopaumer\u00e0 - Salon ZEN &amp; BIO Nantes","description":"Venez d\u00e9couvrir ou red\u00e9couvrir Biopaumer\u00e0 lors du salon Zen&Bio Nantes du 10 au 12 octobre 2025 au parc des expositions !","robots":{"index":"index","follow":"follow","max-snippet":"max-snippet:-1","max-image-preview":"max-image-preview:large","max-video-preview":"max-video-preview:-1"},"canonical":"http:\/\/www.salon-zenetbio.com\/nantes\/biopaumera\/","og_locale":"fr_FR","og_type":"article","og_title":"Biopaumer\u00e0 - Salon ZEN &amp; BIO Nantes","og_description":"Venez d\u00e9couvrir ou red\u00e9couvrir Biopaumer\u00e0 lors du salon Zen&Bio Nantes du 10 au 12 octobre 2025 au parc des expositions !","og_url":"http:\/\/www.salon-zenetbio.com\/nantes\/biopaumera\/","og_site_name":"Salon ZEN &amp; BIO Nantes","article_published_time":"2025-09-23T10:53:42+00:00","og_image":[{"width":1000,"height":666,"url":"http:\/\/www.salon-zenetbio.com\/nantes\/wp-content\/uploads\/sites\/7\/2025\/09\/Helga-1.jpg","type":"image\/jpeg"}],"author":"communication","twitter_card":"summary_large_image","twitter_misc":{"\u00c9crit par":"communication","Dur\u00e9e de lecture estim\u00e9e":"2 minutes"},"schema":{"@context":"https:\/\/schema.org","@graph":[{"@type":"Article","@id":"http:\/\/www.salon-zenetbio.com\/nantes\/biopaumera\/#article","isPartOf":{"@id":"http:\/\/www.salon-zenetbio.com\/nantes\/biopaumera\/"},"author":{"name":"communication","@id":"https:\/\/www.salon-zenetbio.com\/nantes\/#\/schema\/person\/ae137e79c551ab78ea22fb35759cb9f8"},"headline":"Biopaumer\u00e0","datePublished":"2025-09-23T10:53:42+00:00","mainEntityOfPage":{"@id":"http:\/\/www.salon-zenetbio.com\/nantes\/biopaumera\/"},"wordCount":254,"commentCount":0,"publisher":{"@id":"https:\/\/www.salon-zenetbio.com\/nantes\/#organization"},"image":{"@id":"http:\/\/www.salon-zenetbio.com\/nantes\/biopaumera\/#primaryimage"},"thumbnailUrl":"http:\/\/www.salon-zenetbio.com\/nantes\/wp-content\/uploads\/sites\/7\/2025\/09\/Helga-1.jpg","articleSection":["Portrait exposant"],"inLanguage":"fr-FR","potentialAction":[{"@type":"CommentAction","name":"Comment","target":["http:\/\/www.salon-zenetbio.com\/nantes\/biopaumera\/#respond"]}]},{"@type":"WebPage","@id":"http:\/\/www.salon-zenetbio.com\/nantes\/biopaumera\/","url":"http:\/\/www.salon-zenetbio.com\/nantes\/biopaumera\/","name":"Biopaumer\u00e0 - Salon ZEN &amp; BIO Nantes","isPartOf":{"@id":"https:\/\/www.salon-zenetbio.com\/nantes\/#website"},"primaryImageOfPage":{"@id":"http:\/\/www.salon-zenetbio.com\/nantes\/biopaumera\/#primaryimage"},"image":{"@id":"http:\/\/www.salon-zenetbio.com\/nantes\/biopaumera\/#primaryimage"},"thumbnailUrl":"http:\/\/www.salon-zenetbio.com\/nantes\/wp-content\/uploads\/sites\/7\/2025\/09\/Helga-1.jpg","datePublished":"2025-09-23T10:53:42+00:00","description":"Venez d\u00e9couvrir ou red\u00e9couvrir Biopaumer\u00e0 lors du salon Zen&Bio Nantes du 10 au 12 octobre 2025 au parc des expositions !","breadcrumb":{"@id":"http:\/\/www.salon-zenetbio.com\/nantes\/biopaumera\/#breadcrumb"},"inLanguage":"fr-FR","potentialAction":[{"@type":"ReadAction","target":["http:\/\/www.salon-zenetbio.com\/nantes\/biopaumera\/"]}]},{"@type":"ImageObject","inLanguage":"fr-FR","@id":"http:\/\/www.salon-zenetbio.com\/nantes\/biopaumera\/#primaryimage","url":"http:\/\/www.salon-zenetbio.com\/nantes\/wp-content\/uploads\/sites\/7\/2025\/09\/Helga-1.jpg","contentUrl":"http:\/\/www.salon-zenetbio.com\/nantes\/wp-content\/uploads\/sites\/7\/2025\/09\/Helga-1.jpg","width":1000,"height":666,"caption":"BIOPAUMER\u00c0"},{"@type":"BreadcrumbList","@id":"http:\/\/www.salon-zenetbio.com\/nantes\/biopaumera\/#breadcrumb","itemListElement":[{"@type":"ListItem","position":1,"name":"Accueil","item":"https:\/\/www.salon-zenetbio.com\/nantes\/"},{"@type":"ListItem","position":2,"name":"Biopaumer\u00e0"}]},{"@type":"WebSite","@id":"https:\/\/www.salon-zenetbio.com\/nantes\/#website","url":"https:\/\/www.salon-zenetbio.com\/nantes\/","name":"Salon ZEN &amp; BIO Nantes","description":"salon ZEN &amp; BIO Nantes : votre salon bio, bien-\u00eatre et habitat sain","publisher":{"@id":"https:\/\/www.salon-zenetbio.com\/nantes\/#organization"},"potentialAction":[{"@type":"SearchAction","target":{"@type":"EntryPoint","urlTemplate":"https:\/\/www.salon-zenetbio.com\/nantes\/?s={search_term_string}"},"query-input":{"@type":"PropertyValueSpecification","valueRequired":true,"valueName":"search_term_string"}}],"inLanguage":"fr-FR"},{"@type":"Organization","@id":"https:\/\/www.salon-zenetbio.com\/nantes\/#organization","name":"Salon ZEN &amp; BIO Nantes","url":"https:\/\/www.salon-zenetbio.com\/nantes\/","logo":{"@type":"ImageObject","inLanguage":"fr-FR","@id":"https:\/\/www.salon-zenetbio.com\/nantes\/#\/schema\/logo\/image\/","url":"http:\/\/www.salon-zenetbio.com\/nantes\/wp-content\/uploads\/sites\/7\/2026\/03\/cropped-Logo-ZEN-et-BIO-nantes-2026.png","contentUrl":"http:\/\/www.salon-zenetbio.com\/nantes\/wp-content\/uploads\/sites\/7\/2026\/03\/cropped-Logo-ZEN-et-BIO-nantes-2026.png","width":921,"height":255,"caption":"Salon ZEN &amp; BIO Nantes"},"image":{"@id":"https:\/\/www.salon-zenetbio.com\/nantes\/#\/schema\/logo\/image\/"}},{"@type":"Person","@id":"https:\/\/www.salon-zenetbio.com\/nantes\/#\/schema\/person\/ae137e79c551ab78ea22fb35759cb9f8","name":"communication","image":{"@type":"ImageObject","inLanguage":"fr-FR","@id":"https:\/\/secure.gravatar.com\/avatar\/0f49d5b7ab56355ffa797b3ce25e4f2375cedf6bc9afe416fe669342c3524275?s=96&d=mm&r=g","url":"https:\/\/secure.gravatar.com\/avatar\/0f49d5b7ab56355ffa797b3ce25e4f2375cedf6bc9afe416fe669342c3524275?s=96&d=mm&r=g","contentUrl":"https:\/\/secure.gravatar.com\/avatar\/0f49d5b7ab56355ffa797b3ce25e4f2375cedf6bc9afe416fe669342c3524275?s=96&d=mm&r=g","caption":"communication"},"url":"http:\/\/www.salon-zenetbio.com\/nantes\/author\/communication\/"}]}},"jetpack_featured_media_url":"http:\/\/www.salon-zenetbio.com\/nantes\/wp-content\/uploads\/sites\/7\/2025\/09\/Helga-1.jpg","_links":{"self":[{"href":"http:\/\/www.salon-zenetbio.com\/nantes\/wp-json\/wp\/v2\/posts\/18300","targetHints":{"allow":["GET"]}}],"collection":[{"href":"http:\/\/www.salon-zenetbio.com\/nantes\/wp-json\/wp\/v2\/posts"}],"about":[{"href":"http:\/\/www.salon-zenetbio.com\/nantes\/wp-json\/wp\/v2\/types\/post"}],"author":[{"embeddable":true,"href":"http:\/\/www.salon-zenetbio.com\/nantes\/wp-json\/wp\/v2\/users\/6"}],"replies":[{"embeddable":true,"href":"http:\/\/www.salon-zenetbio.com\/nantes\/wp-json\/wp\/v2\/comments?post=18300"}],"version-history":[{"count":5,"href":"http:\/\/www.salon-zenetbio.com\/nantes\/wp-json\/wp\/v2\/posts\/18300\/revisions"}],"predecessor-version":[{"id":18332,"href":"http:\/\/www.salon-zenetbio.com\/nantes\/wp-json\/wp\/v2\/posts\/18300\/revisions\/18332"}],"wp:featuredmedia":[{"embeddable":true,"href":"http:\/\/www.salon-zenetbio.com\/nantes\/wp-json\/wp\/v2\/media\/18308"}],"wp:attachment":[{"href":"http:\/\/www.salon-zenetbio.com\/nantes\/wp-json\/wp\/v2\/media?parent=18300"}],"wp:term":[{"taxonomy":"category","embeddable":true,"href":"http:\/\/www.salon-zenetbio.com\/nantes\/wp-json\/wp\/v2\/categories?post=18300"},{"taxonomy":"post_tag","embeddable":true,"href":"http:\/\/www.salon-zenetbio.com\/nantes\/wp-json\/wp\/v2\/tags?post=18300"}],"curies":[{"name":"wp","href":"https:\/\/api.w.org\/{rel}","templated":true}]}}