{"id":11545,"date":"2025-03-26T12:02:27","date_gmt":"2025-03-26T11:02:27","guid":{"rendered":"https:\/\/www.salon-zenetbio.com\/angers\/?p=11545"},"modified":"2025-03-26T12:02:27","modified_gmt":"2025-03-26T11:02:27","slug":"letoffe-du-lieu","status":"publish","type":"post","link":"https:\/\/www.salon-zenetbio.com\/angers\/blog\/2025\/03\/26\/letoffe-du-lieu\/","title":{"rendered":"L&rsquo;\u00e9toffe du lieu"},"content":{"rendered":"<h2>Si vous pouviez avoir un super-pouvoir, lequel choisiriez-vous et pourquoi ?<\/h2>\n<p>Le pouvoir de l&rsquo;Alchimiste qui transforme ce qui est sombre en lumi\u00e8re.<\/p>\n<h2>Si vous pouviez d\u00eener avec une personne c\u00e9l\u00e8bre, vivante ou d\u00e9c\u00e9d\u00e9e, qui serait-ce et pourquoi ?<\/h2>\n<p>Nelson Mandela, pour sa r\u00e9silience et son humanit\u00e9. Il \u00e9tait pour la paix et non contre la guerre.<\/p>\n<h2>Si vous deviez choisir une chanson pour repr\u00e9senter votre activit\u00e9, laquelle serait-elle ?<\/h2>\n<p>\u00ab\u00a0Stand by me \u00a0\u00bb de Ben E. King.<\/p>\n<h2>Qui est L&rsquo;\u00e9toffe du lieu ?<\/h2>\n<p><img fetchpriority=\"high\" decoding=\"async\" class=\"alignleft wp-image-11549\" src=\"https:\/\/www.salon-zenetbio.com\/angers\/wp-content\/uploads\/sites\/8\/2025\/03\/letoffedulieu.jpg\" alt=\"pr\u00e9sentation L'\u00e9toffe du lieu _ photo\" width=\"325\" height=\"216\" srcset=\"https:\/\/www.salon-zenetbio.com\/angers\/wp-content\/uploads\/sites\/8\/2025\/03\/letoffedulieu.jpg 1920w, https:\/\/www.salon-zenetbio.com\/angers\/wp-content\/uploads\/sites\/8\/2025\/03\/letoffedulieu-300x200.jpg 300w, https:\/\/www.salon-zenetbio.com\/angers\/wp-content\/uploads\/sites\/8\/2025\/03\/letoffedulieu-1024x683.jpg 1024w, https:\/\/www.salon-zenetbio.com\/angers\/wp-content\/uploads\/sites\/8\/2025\/03\/letoffedulieu-768x512.jpg 768w, https:\/\/www.salon-zenetbio.com\/angers\/wp-content\/uploads\/sites\/8\/2025\/03\/letoffedulieu-1536x1024.jpg 1536w, https:\/\/www.salon-zenetbio.com\/angers\/wp-content\/uploads\/sites\/8\/2025\/03\/letoffedulieu-150x100.jpg 150w, https:\/\/www.salon-zenetbio.com\/angers\/wp-content\/uploads\/sites\/8\/2025\/03\/letoffedulieu-500x333.jpg 500w\" sizes=\"(max-width: 325px) 100vw, 325px\" \/><\/p>\n<p>Agence conseil pour <a href=\"https:\/\/www.letoffedulieu.com\/\" target=\"_blank\" rel=\"noopener\">un habitat alchimiste<\/a> pour s\u2019\u00e9panouir avec ses espaces de vie !<br \/>\nD\u00e9couvrez le pouvoir des espaces optimis\u00e9s avec l&rsquo;influence de l&rsquo;\u00e9clairage, des couleurs, du Feng Shui, de la g\u00e9obiologie et des mat\u00e9riaux \u00e9co-responsables.<\/p>\n<p>Nous serons ravis d&rsquo;\u00e9changer avec vous \u00e0 propos du bien-\u00eatre dans votre habitat, qu&rsquo;il soit r\u00e9sidentiel ou professionnel et de pr\u00e9senter le livre \u00a0\u00bb La Maison Alchimiste \u00ab\u00a0.<\/p>\n<h2>Quel est votre \u00ab incontournable \u00bb \u00e0 trouver sur votre stand ?<\/h2>\n<p>Le livre \u00a0\u00bb La Maison Alchimiste \u00a0\u00bb !<\/p>\n<p><em><a href=\"https:\/\/www.salon-zenetbio.com\/angers\/les-salons-zen-bio\/liste-des-exposants\/\" target=\"_blank\" rel=\"noopener\">Consultez la liste des exposants 2025<\/a><\/em><\/p>\n","protected":false},"excerpt":{"rendered":"<p>Si vous pouviez avoir un super-pouvoir, lequel choisiriez-vous et pourquoi ? Le pouvoir de l&rsquo;Alchimiste qui transforme ce qui est sombre en lumi\u00e8re. Si vous pouviez d\u00eener avec une personne c\u00e9l\u00e8bre, vivante ou d\u00e9c\u00e9d\u00e9e, qui serait-ce et pourquoi ? Nelson Mandela, pour sa r\u00e9silience et son humanit\u00e9. Il \u00e9tait pour la paix et non contre&hellip; <\/p>\n","protected":false},"author":6,"featured_media":11549,"comment_status":"closed","ping_status":"open","sticky":false,"template":"","format":"standard","meta":{"_monsterinsights_skip_tracking":false,"_monsterinsights_sitenote_active":false,"_monsterinsights_sitenote_note":"","_monsterinsights_sitenote_category":0,"footnotes":""},"categories":[341],"tags":[],"class_list":["post-11545","post","type-post","status-publish","format-standard","has-post-thumbnail","hentry","category-portraits-epxposants"],"yoast_head":"<!-- This site is optimized with the Yoast SEO plugin v27.3 - https:\/\/yoast.com\/product\/yoast-seo-wordpress\/ -->\n<title>L&#039;\u00e9toffe du lieu - Z&amp;B Angers<\/title>\n<meta name=\"description\" content=\"Venez d\u00e9couvrir ou red\u00e9couvrir L&#039;\u00e9toffe du lieu au Parc des Expositions du salon Zen&amp;Bio Angers du 28 au 30 mars 2025 !\" \/>\n<meta name=\"robots\" content=\"index, follow, max-snippet:-1, max-image-preview:large, max-video-preview:-1\" \/>\n<link rel=\"canonical\" href=\"https:\/\/www.salon-zenetbio.com\/angers\/blog\/2025\/03\/26\/letoffe-du-lieu\/\" \/>\n<meta property=\"og:locale\" content=\"fr_FR\" \/>\n<meta property=\"og:type\" content=\"article\" \/>\n<meta property=\"og:title\" content=\"L&#039;\u00e9toffe du lieu - Z&amp;B Angers\" \/>\n<meta property=\"og:description\" content=\"Venez d\u00e9couvrir ou red\u00e9couvrir L&#039;\u00e9toffe du lieu au Parc des Expositions du salon Zen&amp;Bio Angers du 28 au 30 mars 2025 !\" \/>\n<meta property=\"og:url\" content=\"https:\/\/www.salon-zenetbio.com\/angers\/blog\/2025\/03\/26\/letoffe-du-lieu\/\" \/>\n<meta property=\"og:site_name\" content=\"Z&amp;B Angers\" \/>\n<meta property=\"article:published_time\" content=\"2025-03-26T11:02:27+00:00\" \/>\n<meta property=\"og:image\" content=\"https:\/\/www.salon-zenetbio.com\/angers\/wp-content\/uploads\/sites\/8\/2025\/03\/letoffedulieu.jpg\" \/>\n\t<meta property=\"og:image:width\" content=\"1920\" \/>\n\t<meta property=\"og:image:height\" content=\"1280\" \/>\n\t<meta property=\"og:image:type\" content=\"image\/jpeg\" \/>\n<meta name=\"author\" content=\"communication\" \/>\n<meta name=\"twitter:card\" content=\"summary_large_image\" \/>\n<meta name=\"twitter:label1\" content=\"\u00c9crit par\" \/>\n\t<meta name=\"twitter:data1\" content=\"communication\" \/>\n\t<meta name=\"twitter:label2\" content=\"Dur\u00e9e de lecture estim\u00e9e\" \/>\n\t<meta name=\"twitter:data2\" content=\"2 minutes\" \/>\n<script type=\"application\/ld+json\" class=\"yoast-schema-graph\">{\"@context\":\"https:\\\/\\\/schema.org\",\"@graph\":[{\"@type\":\"Article\",\"@id\":\"https:\\\/\\\/www.salon-zenetbio.com\\\/angers\\\/blog\\\/2025\\\/03\\\/26\\\/letoffe-du-lieu\\\/#article\",\"isPartOf\":{\"@id\":\"https:\\\/\\\/www.salon-zenetbio.com\\\/angers\\\/blog\\\/2025\\\/03\\\/26\\\/letoffe-du-lieu\\\/\"},\"author\":{\"name\":\"communication\",\"@id\":\"https:\\\/\\\/www.salon-zenetbio.com\\\/angers\\\/#\\\/schema\\\/person\\\/ae137e79c551ab78ea22fb35759cb9f8\"},\"headline\":\"L&rsquo;\u00e9toffe du lieu\",\"datePublished\":\"2025-03-26T11:02:27+00:00\",\"mainEntityOfPage\":{\"@id\":\"https:\\\/\\\/www.salon-zenetbio.com\\\/angers\\\/blog\\\/2025\\\/03\\\/26\\\/letoffe-du-lieu\\\/\"},\"wordCount\":184,\"publisher\":{\"@id\":\"https:\\\/\\\/www.salon-zenetbio.com\\\/angers\\\/#organization\"},\"image\":{\"@id\":\"https:\\\/\\\/www.salon-zenetbio.com\\\/angers\\\/blog\\\/2025\\\/03\\\/26\\\/letoffe-du-lieu\\\/#primaryimage\"},\"thumbnailUrl\":\"https:\\\/\\\/www.salon-zenetbio.com\\\/angers\\\/wp-content\\\/uploads\\\/sites\\\/8\\\/2025\\\/03\\\/letoffedulieu.jpg\",\"articleSection\":[\"Portraits d'exposants\"],\"inLanguage\":\"fr-FR\"},{\"@type\":\"WebPage\",\"@id\":\"https:\\\/\\\/www.salon-zenetbio.com\\\/angers\\\/blog\\\/2025\\\/03\\\/26\\\/letoffe-du-lieu\\\/\",\"url\":\"https:\\\/\\\/www.salon-zenetbio.com\\\/angers\\\/blog\\\/2025\\\/03\\\/26\\\/letoffe-du-lieu\\\/\",\"name\":\"L'\u00e9toffe du lieu - Z&amp;B Angers\",\"isPartOf\":{\"@id\":\"https:\\\/\\\/www.salon-zenetbio.com\\\/angers\\\/#website\"},\"primaryImageOfPage\":{\"@id\":\"https:\\\/\\\/www.salon-zenetbio.com\\\/angers\\\/blog\\\/2025\\\/03\\\/26\\\/letoffe-du-lieu\\\/#primaryimage\"},\"image\":{\"@id\":\"https:\\\/\\\/www.salon-zenetbio.com\\\/angers\\\/blog\\\/2025\\\/03\\\/26\\\/letoffe-du-lieu\\\/#primaryimage\"},\"thumbnailUrl\":\"https:\\\/\\\/www.salon-zenetbio.com\\\/angers\\\/wp-content\\\/uploads\\\/sites\\\/8\\\/2025\\\/03\\\/letoffedulieu.jpg\",\"datePublished\":\"2025-03-26T11:02:27+00:00\",\"description\":\"Venez d\u00e9couvrir ou red\u00e9couvrir L'\u00e9toffe du lieu au Parc des Expositions du salon Zen&Bio Angers du 28 au 30 mars 2025 !\",\"breadcrumb\":{\"@id\":\"https:\\\/\\\/www.salon-zenetbio.com\\\/angers\\\/blog\\\/2025\\\/03\\\/26\\\/letoffe-du-lieu\\\/#breadcrumb\"},\"inLanguage\":\"fr-FR\",\"potentialAction\":[{\"@type\":\"ReadAction\",\"target\":[\"https:\\\/\\\/www.salon-zenetbio.com\\\/angers\\\/blog\\\/2025\\\/03\\\/26\\\/letoffe-du-lieu\\\/\"]}]},{\"@type\":\"ImageObject\",\"inLanguage\":\"fr-FR\",\"@id\":\"https:\\\/\\\/www.salon-zenetbio.com\\\/angers\\\/blog\\\/2025\\\/03\\\/26\\\/letoffe-du-lieu\\\/#primaryimage\",\"url\":\"https:\\\/\\\/www.salon-zenetbio.com\\\/angers\\\/wp-content\\\/uploads\\\/sites\\\/8\\\/2025\\\/03\\\/letoffedulieu.jpg\",\"contentUrl\":\"https:\\\/\\\/www.salon-zenetbio.com\\\/angers\\\/wp-content\\\/uploads\\\/sites\\\/8\\\/2025\\\/03\\\/letoffedulieu.jpg\",\"width\":1920,\"height\":1280},{\"@type\":\"BreadcrumbList\",\"@id\":\"https:\\\/\\\/www.salon-zenetbio.com\\\/angers\\\/blog\\\/2025\\\/03\\\/26\\\/letoffe-du-lieu\\\/#breadcrumb\",\"itemListElement\":[{\"@type\":\"ListItem\",\"position\":1,\"name\":\"Accueil\",\"item\":\"https:\\\/\\\/www.salon-zenetbio.com\\\/angers\\\/\"},{\"@type\":\"ListItem\",\"position\":2,\"name\":\"L&rsquo;\u00e9toffe du lieu\"}]},{\"@type\":\"WebSite\",\"@id\":\"https:\\\/\\\/www.salon-zenetbio.com\\\/angers\\\/#website\",\"url\":\"https:\\\/\\\/www.salon-zenetbio.com\\\/angers\\\/\",\"name\":\"Z&amp;B Angers\",\"description\":\"Zen&amp;Bio Angers : votre salon \u00e9colo, bio, bien-\u00eatre et habitat sain\",\"publisher\":{\"@id\":\"https:\\\/\\\/www.salon-zenetbio.com\\\/angers\\\/#organization\"},\"potentialAction\":[{\"@type\":\"SearchAction\",\"target\":{\"@type\":\"EntryPoint\",\"urlTemplate\":\"https:\\\/\\\/www.salon-zenetbio.com\\\/angers\\\/?s={search_term_string}\"},\"query-input\":{\"@type\":\"PropertyValueSpecification\",\"valueRequired\":true,\"valueName\":\"search_term_string\"}}],\"inLanguage\":\"fr-FR\"},{\"@type\":\"Organization\",\"@id\":\"https:\\\/\\\/www.salon-zenetbio.com\\\/angers\\\/#organization\",\"name\":\"Z&amp;B Angers\",\"url\":\"https:\\\/\\\/www.salon-zenetbio.com\\\/angers\\\/\",\"logo\":{\"@type\":\"ImageObject\",\"inLanguage\":\"fr-FR\",\"@id\":\"https:\\\/\\\/www.salon-zenetbio.com\\\/angers\\\/#\\\/schema\\\/logo\\\/image\\\/\",\"url\":\"https:\\\/\\\/www.salon-zenetbio.com\\\/angers\\\/wp-content\\\/uploads\\\/sites\\\/8\\\/2025\\\/11\\\/cropped-Logo-ZEN-et-BIO-angers-2026.png\",\"contentUrl\":\"https:\\\/\\\/www.salon-zenetbio.com\\\/angers\\\/wp-content\\\/uploads\\\/sites\\\/8\\\/2025\\\/11\\\/cropped-Logo-ZEN-et-BIO-angers-2026.png\",\"width\":921,\"height\":255,\"caption\":\"Z&amp;B Angers\"},\"image\":{\"@id\":\"https:\\\/\\\/www.salon-zenetbio.com\\\/angers\\\/#\\\/schema\\\/logo\\\/image\\\/\"}},{\"@type\":\"Person\",\"@id\":\"https:\\\/\\\/www.salon-zenetbio.com\\\/angers\\\/#\\\/schema\\\/person\\\/ae137e79c551ab78ea22fb35759cb9f8\",\"name\":\"communication\",\"image\":{\"@type\":\"ImageObject\",\"inLanguage\":\"fr-FR\",\"@id\":\"https:\\\/\\\/secure.gravatar.com\\\/avatar\\\/0f49d5b7ab56355ffa797b3ce25e4f2375cedf6bc9afe416fe669342c3524275?s=96&d=mm&r=g\",\"url\":\"https:\\\/\\\/secure.gravatar.com\\\/avatar\\\/0f49d5b7ab56355ffa797b3ce25e4f2375cedf6bc9afe416fe669342c3524275?s=96&d=mm&r=g\",\"contentUrl\":\"https:\\\/\\\/secure.gravatar.com\\\/avatar\\\/0f49d5b7ab56355ffa797b3ce25e4f2375cedf6bc9afe416fe669342c3524275?s=96&d=mm&r=g\",\"caption\":\"communication\"},\"url\":\"https:\\\/\\\/www.salon-zenetbio.com\\\/angers\\\/blog\\\/author\\\/communication\\\/\"}]}<\/script>\n<!-- \/ Yoast SEO plugin. -->","yoast_head_json":{"title":"L'\u00e9toffe du lieu - Z&amp;B Angers","description":"Venez d\u00e9couvrir ou red\u00e9couvrir L'\u00e9toffe du lieu au Parc des Expositions du salon Zen&Bio Angers du 28 au 30 mars 2025 !","robots":{"index":"index","follow":"follow","max-snippet":"max-snippet:-1","max-image-preview":"max-image-preview:large","max-video-preview":"max-video-preview:-1"},"canonical":"https:\/\/www.salon-zenetbio.com\/angers\/blog\/2025\/03\/26\/letoffe-du-lieu\/","og_locale":"fr_FR","og_type":"article","og_title":"L'\u00e9toffe du lieu - Z&amp;B Angers","og_description":"Venez d\u00e9couvrir ou red\u00e9couvrir L'\u00e9toffe du lieu au Parc des Expositions du salon Zen&Bio Angers du 28 au 30 mars 2025 !","og_url":"https:\/\/www.salon-zenetbio.com\/angers\/blog\/2025\/03\/26\/letoffe-du-lieu\/","og_site_name":"Z&amp;B Angers","article_published_time":"2025-03-26T11:02:27+00:00","og_image":[{"width":1920,"height":1280,"url":"https:\/\/www.salon-zenetbio.com\/angers\/wp-content\/uploads\/sites\/8\/2025\/03\/letoffedulieu.jpg","type":"image\/jpeg"}],"author":"communication","twitter_card":"summary_large_image","twitter_misc":{"\u00c9crit par":"communication","Dur\u00e9e de lecture estim\u00e9e":"2 minutes"},"schema":{"@context":"https:\/\/schema.org","@graph":[{"@type":"Article","@id":"https:\/\/www.salon-zenetbio.com\/angers\/blog\/2025\/03\/26\/letoffe-du-lieu\/#article","isPartOf":{"@id":"https:\/\/www.salon-zenetbio.com\/angers\/blog\/2025\/03\/26\/letoffe-du-lieu\/"},"author":{"name":"communication","@id":"https:\/\/www.salon-zenetbio.com\/angers\/#\/schema\/person\/ae137e79c551ab78ea22fb35759cb9f8"},"headline":"L&rsquo;\u00e9toffe du lieu","datePublished":"2025-03-26T11:02:27+00:00","mainEntityOfPage":{"@id":"https:\/\/www.salon-zenetbio.com\/angers\/blog\/2025\/03\/26\/letoffe-du-lieu\/"},"wordCount":184,"publisher":{"@id":"https:\/\/www.salon-zenetbio.com\/angers\/#organization"},"image":{"@id":"https:\/\/www.salon-zenetbio.com\/angers\/blog\/2025\/03\/26\/letoffe-du-lieu\/#primaryimage"},"thumbnailUrl":"https:\/\/www.salon-zenetbio.com\/angers\/wp-content\/uploads\/sites\/8\/2025\/03\/letoffedulieu.jpg","articleSection":["Portraits d'exposants"],"inLanguage":"fr-FR"},{"@type":"WebPage","@id":"https:\/\/www.salon-zenetbio.com\/angers\/blog\/2025\/03\/26\/letoffe-du-lieu\/","url":"https:\/\/www.salon-zenetbio.com\/angers\/blog\/2025\/03\/26\/letoffe-du-lieu\/","name":"L'\u00e9toffe du lieu - Z&amp;B Angers","isPartOf":{"@id":"https:\/\/www.salon-zenetbio.com\/angers\/#website"},"primaryImageOfPage":{"@id":"https:\/\/www.salon-zenetbio.com\/angers\/blog\/2025\/03\/26\/letoffe-du-lieu\/#primaryimage"},"image":{"@id":"https:\/\/www.salon-zenetbio.com\/angers\/blog\/2025\/03\/26\/letoffe-du-lieu\/#primaryimage"},"thumbnailUrl":"https:\/\/www.salon-zenetbio.com\/angers\/wp-content\/uploads\/sites\/8\/2025\/03\/letoffedulieu.jpg","datePublished":"2025-03-26T11:02:27+00:00","description":"Venez d\u00e9couvrir ou red\u00e9couvrir L'\u00e9toffe du lieu au Parc des Expositions du salon Zen&Bio Angers du 28 au 30 mars 2025 !","breadcrumb":{"@id":"https:\/\/www.salon-zenetbio.com\/angers\/blog\/2025\/03\/26\/letoffe-du-lieu\/#breadcrumb"},"inLanguage":"fr-FR","potentialAction":[{"@type":"ReadAction","target":["https:\/\/www.salon-zenetbio.com\/angers\/blog\/2025\/03\/26\/letoffe-du-lieu\/"]}]},{"@type":"ImageObject","inLanguage":"fr-FR","@id":"https:\/\/www.salon-zenetbio.com\/angers\/blog\/2025\/03\/26\/letoffe-du-lieu\/#primaryimage","url":"https:\/\/www.salon-zenetbio.com\/angers\/wp-content\/uploads\/sites\/8\/2025\/03\/letoffedulieu.jpg","contentUrl":"https:\/\/www.salon-zenetbio.com\/angers\/wp-content\/uploads\/sites\/8\/2025\/03\/letoffedulieu.jpg","width":1920,"height":1280},{"@type":"BreadcrumbList","@id":"https:\/\/www.salon-zenetbio.com\/angers\/blog\/2025\/03\/26\/letoffe-du-lieu\/#breadcrumb","itemListElement":[{"@type":"ListItem","position":1,"name":"Accueil","item":"https:\/\/www.salon-zenetbio.com\/angers\/"},{"@type":"ListItem","position":2,"name":"L&rsquo;\u00e9toffe du lieu"}]},{"@type":"WebSite","@id":"https:\/\/www.salon-zenetbio.com\/angers\/#website","url":"https:\/\/www.salon-zenetbio.com\/angers\/","name":"Z&amp;B Angers","description":"Zen&amp;Bio Angers : votre salon \u00e9colo, bio, bien-\u00eatre et habitat sain","publisher":{"@id":"https:\/\/www.salon-zenetbio.com\/angers\/#organization"},"potentialAction":[{"@type":"SearchAction","target":{"@type":"EntryPoint","urlTemplate":"https:\/\/www.salon-zenetbio.com\/angers\/?s={search_term_string}"},"query-input":{"@type":"PropertyValueSpecification","valueRequired":true,"valueName":"search_term_string"}}],"inLanguage":"fr-FR"},{"@type":"Organization","@id":"https:\/\/www.salon-zenetbio.com\/angers\/#organization","name":"Z&amp;B Angers","url":"https:\/\/www.salon-zenetbio.com\/angers\/","logo":{"@type":"ImageObject","inLanguage":"fr-FR","@id":"https:\/\/www.salon-zenetbio.com\/angers\/#\/schema\/logo\/image\/","url":"https:\/\/www.salon-zenetbio.com\/angers\/wp-content\/uploads\/sites\/8\/2025\/11\/cropped-Logo-ZEN-et-BIO-angers-2026.png","contentUrl":"https:\/\/www.salon-zenetbio.com\/angers\/wp-content\/uploads\/sites\/8\/2025\/11\/cropped-Logo-ZEN-et-BIO-angers-2026.png","width":921,"height":255,"caption":"Z&amp;B Angers"},"image":{"@id":"https:\/\/www.salon-zenetbio.com\/angers\/#\/schema\/logo\/image\/"}},{"@type":"Person","@id":"https:\/\/www.salon-zenetbio.com\/angers\/#\/schema\/person\/ae137e79c551ab78ea22fb35759cb9f8","name":"communication","image":{"@type":"ImageObject","inLanguage":"fr-FR","@id":"https:\/\/secure.gravatar.com\/avatar\/0f49d5b7ab56355ffa797b3ce25e4f2375cedf6bc9afe416fe669342c3524275?s=96&d=mm&r=g","url":"https:\/\/secure.gravatar.com\/avatar\/0f49d5b7ab56355ffa797b3ce25e4f2375cedf6bc9afe416fe669342c3524275?s=96&d=mm&r=g","contentUrl":"https:\/\/secure.gravatar.com\/avatar\/0f49d5b7ab56355ffa797b3ce25e4f2375cedf6bc9afe416fe669342c3524275?s=96&d=mm&r=g","caption":"communication"},"url":"https:\/\/www.salon-zenetbio.com\/angers\/blog\/author\/communication\/"}]}},"jetpack_featured_media_url":"https:\/\/www.salon-zenetbio.com\/angers\/wp-content\/uploads\/sites\/8\/2025\/03\/letoffedulieu.jpg","_links":{"self":[{"href":"https:\/\/www.salon-zenetbio.com\/angers\/wp-json\/wp\/v2\/posts\/11545","targetHints":{"allow":["GET"]}}],"collection":[{"href":"https:\/\/www.salon-zenetbio.com\/angers\/wp-json\/wp\/v2\/posts"}],"about":[{"href":"https:\/\/www.salon-zenetbio.com\/angers\/wp-json\/wp\/v2\/types\/post"}],"author":[{"embeddable":true,"href":"https:\/\/www.salon-zenetbio.com\/angers\/wp-json\/wp\/v2\/users\/6"}],"replies":[{"embeddable":true,"href":"https:\/\/www.salon-zenetbio.com\/angers\/wp-json\/wp\/v2\/comments?post=11545"}],"version-history":[{"count":5,"href":"https:\/\/www.salon-zenetbio.com\/angers\/wp-json\/wp\/v2\/posts\/11545\/revisions"}],"predecessor-version":[{"id":11856,"href":"https:\/\/www.salon-zenetbio.com\/angers\/wp-json\/wp\/v2\/posts\/11545\/revisions\/11856"}],"wp:featuredmedia":[{"embeddable":true,"href":"https:\/\/www.salon-zenetbio.com\/angers\/wp-json\/wp\/v2\/media\/11549"}],"wp:attachment":[{"href":"https:\/\/www.salon-zenetbio.com\/angers\/wp-json\/wp\/v2\/media?parent=11545"}],"wp:term":[{"taxonomy":"category","embeddable":true,"href":"https:\/\/www.salon-zenetbio.com\/angers\/wp-json\/wp\/v2\/categories?post=11545"},{"taxonomy":"post_tag","embeddable":true,"href":"https:\/\/www.salon-zenetbio.com\/angers\/wp-json\/wp\/v2\/tags?post=11545"}],"curies":[{"name":"wp","href":"https:\/\/api.w.org\/{rel}","templated":true}]}}