{"id":9912,"date":"2024-02-13T17:38:32","date_gmt":"2024-02-13T16:38:32","guid":{"rendered":"https:\/\/www.salon-zenetbio.com\/angers\/?p=9912"},"modified":"2024-02-13T17:38:32","modified_gmt":"2024-02-13T16:38:32","slug":"vincent-delannoy","status":"publish","type":"post","link":"https:\/\/www.salon-zenetbio.com\/angers\/blog\/2024\/02\/13\/vincent-delannoy\/","title":{"rendered":"Vincent Delannoy"},"content":{"rendered":"<h2>Pr\u00e9sentez-vous en quelques mots<\/h2>\n<p><span id=\"p0\">Je me suis sorti du cercle infernal de la fatigue gr\u00e2ce \u00e0 cette <a href=\"https:\/\/c-vitale.com\/\" target=\"_blank\" rel=\"noopener\">Vitamine C\u00a0<span id=\"9\">Liposomale<\/span><\/a>\u00a0que j&rsquo;ai d\u00e9velopp\u00e9e et que je pr\u00e9sente au cours de mes conf\u00e9rences.<\/span><span id=\"p1\"> Elle m&rsquo;a permis de sentir 20 ans de gain sur ma vie, et des transformations telles que l&rsquo;\u00e9paisseur de ma peau&#8230;<\/span><\/p>\n<p><span id=\"p18\">J&rsquo;ai d\u00e9velopp\u00e9 ce produit car je ne trouvais pas sur le march\u00e9 de produit qui r\u00e9pondait \u00e0 mes aspirations les plus \u00e9lev\u00e9es.<\/span><span id=\"p3\">\u00a0Pour\u00a0<span id=\"11\">moi il<\/span>\u00a0\u00e9tait tr\u00e8s important d&rsquo;avoir une tr\u00e8s Haute Qualit\u00e9, une Haute\u00a0Absorption car\u00a0c&rsquo;est d\u00e9terminant pour la vision que j&rsquo;ai d\u00e9velopp\u00e9e et que j&rsquo;applique depuis plus de 6 ans.<\/span><span id=\"p4\">\u00a0Je ne voulais pas non plus qu&rsquo;il y ait de conservateur et nous avons une solution\u00a0<span id=\"13\" class=\"s-rg\">airless<\/span>\u00a0pour la conservation qui fait la diff\u00e9rence.<\/span><span id=\"p5\">\u00a0Mais je suis all\u00e9 plus loin en lui procurant une dynamique vibratoire \u00e9lev\u00e9e et une dimension quantique \u00e0 travers son eau sacr\u00e9e.<\/span><\/p>\n<p><img decoding=\"async\" class=\"wp-image-9914 alignleft\" src=\"https:\/\/www.salon-zenetbio.com\/angers\/wp-content\/uploads\/sites\/8\/2024\/01\/Capture-decran-2024-01-08-a-12.45.33-300x255.png\" alt=\"Vincent Delannoy - docteur\" width=\"182\" height=\"155\" srcset=\"https:\/\/www.salon-zenetbio.com\/angers\/wp-content\/uploads\/sites\/8\/2024\/01\/Capture-decran-2024-01-08-a-12.45.33-300x255.png 300w, https:\/\/www.salon-zenetbio.com\/angers\/wp-content\/uploads\/sites\/8\/2024\/01\/Capture-decran-2024-01-08-a-12.45.33-1024x871.png 1024w, https:\/\/www.salon-zenetbio.com\/angers\/wp-content\/uploads\/sites\/8\/2024\/01\/Capture-decran-2024-01-08-a-12.45.33-768x653.png 768w, https:\/\/www.salon-zenetbio.com\/angers\/wp-content\/uploads\/sites\/8\/2024\/01\/Capture-decran-2024-01-08-a-12.45.33-150x128.png 150w, https:\/\/www.salon-zenetbio.com\/angers\/wp-content\/uploads\/sites\/8\/2024\/01\/Capture-decran-2024-01-08-a-12.45.33-500x425.png 500w, https:\/\/www.salon-zenetbio.com\/angers\/wp-content\/uploads\/sites\/8\/2024\/01\/Capture-decran-2024-01-08-a-12.45.33.png 1122w\" sizes=\"(max-width: 182px) 100vw, 182px\" \/><\/p>\n<p><span id=\"p7\">J&rsquo;ai un dipl\u00f4me de Docteur en pharmacie, et j&rsquo;ai fond\u00e9 le laboratoire Orthovitale\u00a0avec cette vision forte qui vient soutenir cette Vitamine C\u00a0<span id=\"16\">Liposomale<\/span>\u00a0<span id=\"p6\">(<span id=\"14\">95%<\/span>\u00a0de notre activit\u00e9)<\/span>\u00a0&#8230;<\/span><span id=\"p19\">\u00a0Car c&rsquo;est la mol\u00e9cule la plus importante \u00e0 prendre en compte pour l&rsquo;\u00eatre humain.<\/span><\/p>\n<p>&nbsp;<\/p>\n<p>&nbsp;<\/p>\n<h2>Que propose Vincent Delannoy sur le salon ?<\/h2>\n<p><span id=\"p23\">J&rsquo;organise des\u00a0<span id=\"29\">conf\u00e9rences car<\/span>\u00a0c&rsquo;est le moyen au cours de ces salons d&rsquo;\u00eatre en contact avec des gens qui prennent soin de leur corps et qui cherchent une dynamique pour aller plus loin en restant proche de la nature, et de leur expliquer ce que m\u00eame les m\u00e9decins me confirment ne pas savoir.<\/span><span id=\"p31\">\u00a0C&rsquo;est d&rsquo;ailleurs toute la dynamique qui m&rsquo;anime \u00e0 titre personnel et qui a \u00e9t\u00e9 le guide pour la vision que j&rsquo;ai d\u00e9velopp\u00e9e pour le produit et dont je fais part dans mes conf\u00e9rences, car la seule r\u00e9f\u00e9rence vraie est pour moi la nature.<\/span><br \/>\n<span id=\"p25\">Comme je ne suis pas pr\u00e9sent sur un stand, je propose de b\u00e9n\u00e9ficier d&rsquo;une remise qui permet de tester le produit, d&rsquo;en faire l&rsquo;exp\u00e9rience dans votre propre chair.<\/span><span id=\"p26\"><\/span><br \/>\n<span id=\"p27\">Et la plupart des gens qui testent sont ravis de voir le changement :<\/span><span id=\"p28\">\u00a0il y a l&rsquo;avant et il y a l&rsquo;apr\u00e8s !!!<\/span><\/p>\n<h2>Parlez-nous de votre relation avec le salon<\/h2>\n<p><span id=\"p34\">Ces salons restent \u00e0 taille humaine, et proposent une multitude de choses nouvelles.<\/span><span id=\"p35\"><\/span><br \/>\n<span id=\"p36\">Je suis ravi de contribuer \u00e0 la connaissance de la Vitamine C pour permettre \u00e0 tous ceux qui le souhaitent de retrouver leur \u00e9lan de Vie &#8230;<\/span><span id=\"p39\"> Car c&rsquo;est bien cela qu&rsquo;on recherche en final \u00e0 travers ces salons.<\/span><\/p>\n<h2>Quelle est votre devise ?<\/h2>\n<p><span id=\"p42\">Il y a l&rsquo;avant et il y a l&rsquo;apr\u00e8s !<\/span><br \/>\n<span id=\"p43\">Aller le plus loin possible dans les meilleures conditions possibles&#8230;<\/span><span id=\"p46\">\u00a0\u00c0 travers un nouvel \u00e9lan de Vie !<\/span><\/p>\n<p><em><a href=\"https:\/\/www.salon-zenetbio.com\/angers\/les-salons-zen-bio\/liste-des-exposants\/\" target=\"_blank\" rel=\"noopener\">Consultez la liste des exposants<\/a><\/em><\/p>\n","protected":false},"excerpt":{"rendered":"<p>Pr\u00e9sentez-vous en quelques mots Je me suis sorti du cercle infernal de la fatigue gr\u00e2ce \u00e0 cette Vitamine C\u00a0Liposomale\u00a0que j&rsquo;ai d\u00e9velopp\u00e9e et que je pr\u00e9sente au cours de mes conf\u00e9rences. Elle m&rsquo;a permis de sentir 20 ans de gain sur ma vie, et des transformations telles que l&rsquo;\u00e9paisseur de ma peau&#8230; J&rsquo;ai d\u00e9velopp\u00e9 ce produit&hellip; <\/p>\n","protected":false},"author":6,"featured_media":9914,"comment_status":"closed","ping_status":"open","sticky":false,"template":"","format":"standard","meta":{"_monsterinsights_skip_tracking":false,"_monsterinsights_sitenote_active":false,"_monsterinsights_sitenote_note":"","_monsterinsights_sitenote_category":0,"footnotes":""},"categories":[341],"tags":[],"class_list":["post-9912","post","type-post","status-publish","format-standard","has-post-thumbnail","hentry","category-portraits-epxposants"],"yoast_head":"<!-- This site is optimized with the Yoast SEO plugin v27.3 - https:\/\/yoast.com\/product\/yoast-seo-wordpress\/ -->\n<title>Vincent Delannoy - Z&amp;B Angers<\/title>\n<meta name=\"description\" content=\"Venez d\u00e9couvrir ou red\u00e9couvrir Vincent Delannoy lors du salon Zen&amp;Bio Angers du 8 au 10 mars 2024 !\" \/>\n<meta name=\"robots\" content=\"index, follow, max-snippet:-1, max-image-preview:large, max-video-preview:-1\" \/>\n<link rel=\"canonical\" href=\"https:\/\/www.salon-zenetbio.com\/angers\/blog\/2024\/02\/13\/vincent-delannoy\/\" \/>\n<meta property=\"og:locale\" content=\"fr_FR\" \/>\n<meta property=\"og:type\" content=\"article\" \/>\n<meta property=\"og:title\" content=\"Vincent Delannoy - Z&amp;B Angers\" \/>\n<meta property=\"og:description\" content=\"Venez d\u00e9couvrir ou red\u00e9couvrir Vincent Delannoy lors du salon Zen&amp;Bio Angers du 8 au 10 mars 2024 !\" \/>\n<meta property=\"og:url\" content=\"https:\/\/www.salon-zenetbio.com\/angers\/blog\/2024\/02\/13\/vincent-delannoy\/\" \/>\n<meta property=\"og:site_name\" content=\"Z&amp;B Angers\" \/>\n<meta property=\"article:published_time\" content=\"2024-02-13T16:38:32+00:00\" \/>\n<meta property=\"og:image\" content=\"https:\/\/www.salon-zenetbio.com\/angers\/wp-content\/uploads\/sites\/8\/2024\/01\/Capture-decran-2024-01-08-a-12.45.33.png\" \/>\n\t<meta property=\"og:image:width\" content=\"1122\" \/>\n\t<meta property=\"og:image:height\" content=\"954\" \/>\n\t<meta property=\"og:image:type\" content=\"image\/png\" \/>\n<meta name=\"author\" content=\"communication\" \/>\n<meta name=\"twitter:card\" content=\"summary_large_image\" \/>\n<meta name=\"twitter:label1\" content=\"\u00c9crit par\" \/>\n\t<meta name=\"twitter:data1\" content=\"communication\" \/>\n\t<meta name=\"twitter:label2\" content=\"Dur\u00e9e de lecture estim\u00e9e\" \/>\n\t<meta name=\"twitter:data2\" content=\"3 minutes\" \/>\n<script type=\"application\/ld+json\" class=\"yoast-schema-graph\">{\"@context\":\"https:\\\/\\\/schema.org\",\"@graph\":[{\"@type\":\"Article\",\"@id\":\"https:\\\/\\\/www.salon-zenetbio.com\\\/angers\\\/blog\\\/2024\\\/02\\\/13\\\/vincent-delannoy\\\/#article\",\"isPartOf\":{\"@id\":\"https:\\\/\\\/www.salon-zenetbio.com\\\/angers\\\/blog\\\/2024\\\/02\\\/13\\\/vincent-delannoy\\\/\"},\"author\":{\"name\":\"communication\",\"@id\":\"https:\\\/\\\/www.salon-zenetbio.com\\\/angers\\\/#\\\/schema\\\/person\\\/ae137e79c551ab78ea22fb35759cb9f8\"},\"headline\":\"Vincent Delannoy\",\"datePublished\":\"2024-02-13T16:38:32+00:00\",\"mainEntityOfPage\":{\"@id\":\"https:\\\/\\\/www.salon-zenetbio.com\\\/angers\\\/blog\\\/2024\\\/02\\\/13\\\/vincent-delannoy\\\/\"},\"wordCount\":493,\"publisher\":{\"@id\":\"https:\\\/\\\/www.salon-zenetbio.com\\\/angers\\\/#organization\"},\"image\":{\"@id\":\"https:\\\/\\\/www.salon-zenetbio.com\\\/angers\\\/blog\\\/2024\\\/02\\\/13\\\/vincent-delannoy\\\/#primaryimage\"},\"thumbnailUrl\":\"https:\\\/\\\/www.salon-zenetbio.com\\\/angers\\\/wp-content\\\/uploads\\\/sites\\\/8\\\/2024\\\/01\\\/Capture-decran-2024-01-08-a-12.45.33.png\",\"articleSection\":[\"Portraits d'exposants\"],\"inLanguage\":\"fr-FR\"},{\"@type\":\"WebPage\",\"@id\":\"https:\\\/\\\/www.salon-zenetbio.com\\\/angers\\\/blog\\\/2024\\\/02\\\/13\\\/vincent-delannoy\\\/\",\"url\":\"https:\\\/\\\/www.salon-zenetbio.com\\\/angers\\\/blog\\\/2024\\\/02\\\/13\\\/vincent-delannoy\\\/\",\"name\":\"Vincent Delannoy - Z&amp;B Angers\",\"isPartOf\":{\"@id\":\"https:\\\/\\\/www.salon-zenetbio.com\\\/angers\\\/#website\"},\"primaryImageOfPage\":{\"@id\":\"https:\\\/\\\/www.salon-zenetbio.com\\\/angers\\\/blog\\\/2024\\\/02\\\/13\\\/vincent-delannoy\\\/#primaryimage\"},\"image\":{\"@id\":\"https:\\\/\\\/www.salon-zenetbio.com\\\/angers\\\/blog\\\/2024\\\/02\\\/13\\\/vincent-delannoy\\\/#primaryimage\"},\"thumbnailUrl\":\"https:\\\/\\\/www.salon-zenetbio.com\\\/angers\\\/wp-content\\\/uploads\\\/sites\\\/8\\\/2024\\\/01\\\/Capture-decran-2024-01-08-a-12.45.33.png\",\"datePublished\":\"2024-02-13T16:38:32+00:00\",\"description\":\"Venez d\u00e9couvrir ou red\u00e9couvrir Vincent Delannoy lors du salon Zen&Bio Angers du 8 au 10 mars 2024 !\",\"breadcrumb\":{\"@id\":\"https:\\\/\\\/www.salon-zenetbio.com\\\/angers\\\/blog\\\/2024\\\/02\\\/13\\\/vincent-delannoy\\\/#breadcrumb\"},\"inLanguage\":\"fr-FR\",\"potentialAction\":[{\"@type\":\"ReadAction\",\"target\":[\"https:\\\/\\\/www.salon-zenetbio.com\\\/angers\\\/blog\\\/2024\\\/02\\\/13\\\/vincent-delannoy\\\/\"]}]},{\"@type\":\"ImageObject\",\"inLanguage\":\"fr-FR\",\"@id\":\"https:\\\/\\\/www.salon-zenetbio.com\\\/angers\\\/blog\\\/2024\\\/02\\\/13\\\/vincent-delannoy\\\/#primaryimage\",\"url\":\"https:\\\/\\\/www.salon-zenetbio.com\\\/angers\\\/wp-content\\\/uploads\\\/sites\\\/8\\\/2024\\\/01\\\/Capture-decran-2024-01-08-a-12.45.33.png\",\"contentUrl\":\"https:\\\/\\\/www.salon-zenetbio.com\\\/angers\\\/wp-content\\\/uploads\\\/sites\\\/8\\\/2024\\\/01\\\/Capture-decran-2024-01-08-a-12.45.33.png\",\"width\":1122,\"height\":954,\"caption\":\"Vincent Delannoy -\"},{\"@type\":\"BreadcrumbList\",\"@id\":\"https:\\\/\\\/www.salon-zenetbio.com\\\/angers\\\/blog\\\/2024\\\/02\\\/13\\\/vincent-delannoy\\\/#breadcrumb\",\"itemListElement\":[{\"@type\":\"ListItem\",\"position\":1,\"name\":\"Accueil\",\"item\":\"https:\\\/\\\/www.salon-zenetbio.com\\\/angers\\\/\"},{\"@type\":\"ListItem\",\"position\":2,\"name\":\"Vincent Delannoy\"}]},{\"@type\":\"WebSite\",\"@id\":\"https:\\\/\\\/www.salon-zenetbio.com\\\/angers\\\/#website\",\"url\":\"https:\\\/\\\/www.salon-zenetbio.com\\\/angers\\\/\",\"name\":\"Z&amp;B Angers\",\"description\":\"Zen&amp;Bio Angers : votre salon \u00e9colo, bio, bien-\u00eatre et habitat sain\",\"publisher\":{\"@id\":\"https:\\\/\\\/www.salon-zenetbio.com\\\/angers\\\/#organization\"},\"potentialAction\":[{\"@type\":\"SearchAction\",\"target\":{\"@type\":\"EntryPoint\",\"urlTemplate\":\"https:\\\/\\\/www.salon-zenetbio.com\\\/angers\\\/?s={search_term_string}\"},\"query-input\":{\"@type\":\"PropertyValueSpecification\",\"valueRequired\":true,\"valueName\":\"search_term_string\"}}],\"inLanguage\":\"fr-FR\"},{\"@type\":\"Organization\",\"@id\":\"https:\\\/\\\/www.salon-zenetbio.com\\\/angers\\\/#organization\",\"name\":\"Z&amp;B Angers\",\"url\":\"https:\\\/\\\/www.salon-zenetbio.com\\\/angers\\\/\",\"logo\":{\"@type\":\"ImageObject\",\"inLanguage\":\"fr-FR\",\"@id\":\"https:\\\/\\\/www.salon-zenetbio.com\\\/angers\\\/#\\\/schema\\\/logo\\\/image\\\/\",\"url\":\"https:\\\/\\\/www.salon-zenetbio.com\\\/angers\\\/wp-content\\\/uploads\\\/sites\\\/8\\\/2025\\\/11\\\/cropped-Logo-ZEN-et-BIO-angers-2026.png\",\"contentUrl\":\"https:\\\/\\\/www.salon-zenetbio.com\\\/angers\\\/wp-content\\\/uploads\\\/sites\\\/8\\\/2025\\\/11\\\/cropped-Logo-ZEN-et-BIO-angers-2026.png\",\"width\":921,\"height\":255,\"caption\":\"Z&amp;B Angers\"},\"image\":{\"@id\":\"https:\\\/\\\/www.salon-zenetbio.com\\\/angers\\\/#\\\/schema\\\/logo\\\/image\\\/\"}},{\"@type\":\"Person\",\"@id\":\"https:\\\/\\\/www.salon-zenetbio.com\\\/angers\\\/#\\\/schema\\\/person\\\/ae137e79c551ab78ea22fb35759cb9f8\",\"name\":\"communication\",\"image\":{\"@type\":\"ImageObject\",\"inLanguage\":\"fr-FR\",\"@id\":\"https:\\\/\\\/secure.gravatar.com\\\/avatar\\\/0f49d5b7ab56355ffa797b3ce25e4f2375cedf6bc9afe416fe669342c3524275?s=96&d=mm&r=g\",\"url\":\"https:\\\/\\\/secure.gravatar.com\\\/avatar\\\/0f49d5b7ab56355ffa797b3ce25e4f2375cedf6bc9afe416fe669342c3524275?s=96&d=mm&r=g\",\"contentUrl\":\"https:\\\/\\\/secure.gravatar.com\\\/avatar\\\/0f49d5b7ab56355ffa797b3ce25e4f2375cedf6bc9afe416fe669342c3524275?s=96&d=mm&r=g\",\"caption\":\"communication\"},\"url\":\"https:\\\/\\\/www.salon-zenetbio.com\\\/angers\\\/blog\\\/author\\\/communication\\\/\"}]}<\/script>\n<!-- \/ Yoast SEO plugin. -->","yoast_head_json":{"title":"Vincent Delannoy - Z&amp;B Angers","description":"Venez d\u00e9couvrir ou red\u00e9couvrir Vincent Delannoy lors du salon Zen&Bio Angers du 8 au 10 mars 2024 !","robots":{"index":"index","follow":"follow","max-snippet":"max-snippet:-1","max-image-preview":"max-image-preview:large","max-video-preview":"max-video-preview:-1"},"canonical":"https:\/\/www.salon-zenetbio.com\/angers\/blog\/2024\/02\/13\/vincent-delannoy\/","og_locale":"fr_FR","og_type":"article","og_title":"Vincent Delannoy - Z&amp;B Angers","og_description":"Venez d\u00e9couvrir ou red\u00e9couvrir Vincent Delannoy lors du salon Zen&Bio Angers du 8 au 10 mars 2024 !","og_url":"https:\/\/www.salon-zenetbio.com\/angers\/blog\/2024\/02\/13\/vincent-delannoy\/","og_site_name":"Z&amp;B Angers","article_published_time":"2024-02-13T16:38:32+00:00","og_image":[{"width":1122,"height":954,"url":"https:\/\/www.salon-zenetbio.com\/angers\/wp-content\/uploads\/sites\/8\/2024\/01\/Capture-decran-2024-01-08-a-12.45.33.png","type":"image\/png"}],"author":"communication","twitter_card":"summary_large_image","twitter_misc":{"\u00c9crit par":"communication","Dur\u00e9e de lecture estim\u00e9e":"3 minutes"},"schema":{"@context":"https:\/\/schema.org","@graph":[{"@type":"Article","@id":"https:\/\/www.salon-zenetbio.com\/angers\/blog\/2024\/02\/13\/vincent-delannoy\/#article","isPartOf":{"@id":"https:\/\/www.salon-zenetbio.com\/angers\/blog\/2024\/02\/13\/vincent-delannoy\/"},"author":{"name":"communication","@id":"https:\/\/www.salon-zenetbio.com\/angers\/#\/schema\/person\/ae137e79c551ab78ea22fb35759cb9f8"},"headline":"Vincent Delannoy","datePublished":"2024-02-13T16:38:32+00:00","mainEntityOfPage":{"@id":"https:\/\/www.salon-zenetbio.com\/angers\/blog\/2024\/02\/13\/vincent-delannoy\/"},"wordCount":493,"publisher":{"@id":"https:\/\/www.salon-zenetbio.com\/angers\/#organization"},"image":{"@id":"https:\/\/www.salon-zenetbio.com\/angers\/blog\/2024\/02\/13\/vincent-delannoy\/#primaryimage"},"thumbnailUrl":"https:\/\/www.salon-zenetbio.com\/angers\/wp-content\/uploads\/sites\/8\/2024\/01\/Capture-decran-2024-01-08-a-12.45.33.png","articleSection":["Portraits d'exposants"],"inLanguage":"fr-FR"},{"@type":"WebPage","@id":"https:\/\/www.salon-zenetbio.com\/angers\/blog\/2024\/02\/13\/vincent-delannoy\/","url":"https:\/\/www.salon-zenetbio.com\/angers\/blog\/2024\/02\/13\/vincent-delannoy\/","name":"Vincent Delannoy - Z&amp;B Angers","isPartOf":{"@id":"https:\/\/www.salon-zenetbio.com\/angers\/#website"},"primaryImageOfPage":{"@id":"https:\/\/www.salon-zenetbio.com\/angers\/blog\/2024\/02\/13\/vincent-delannoy\/#primaryimage"},"image":{"@id":"https:\/\/www.salon-zenetbio.com\/angers\/blog\/2024\/02\/13\/vincent-delannoy\/#primaryimage"},"thumbnailUrl":"https:\/\/www.salon-zenetbio.com\/angers\/wp-content\/uploads\/sites\/8\/2024\/01\/Capture-decran-2024-01-08-a-12.45.33.png","datePublished":"2024-02-13T16:38:32+00:00","description":"Venez d\u00e9couvrir ou red\u00e9couvrir Vincent Delannoy lors du salon Zen&Bio Angers du 8 au 10 mars 2024 !","breadcrumb":{"@id":"https:\/\/www.salon-zenetbio.com\/angers\/blog\/2024\/02\/13\/vincent-delannoy\/#breadcrumb"},"inLanguage":"fr-FR","potentialAction":[{"@type":"ReadAction","target":["https:\/\/www.salon-zenetbio.com\/angers\/blog\/2024\/02\/13\/vincent-delannoy\/"]}]},{"@type":"ImageObject","inLanguage":"fr-FR","@id":"https:\/\/www.salon-zenetbio.com\/angers\/blog\/2024\/02\/13\/vincent-delannoy\/#primaryimage","url":"https:\/\/www.salon-zenetbio.com\/angers\/wp-content\/uploads\/sites\/8\/2024\/01\/Capture-decran-2024-01-08-a-12.45.33.png","contentUrl":"https:\/\/www.salon-zenetbio.com\/angers\/wp-content\/uploads\/sites\/8\/2024\/01\/Capture-decran-2024-01-08-a-12.45.33.png","width":1122,"height":954,"caption":"Vincent Delannoy -"},{"@type":"BreadcrumbList","@id":"https:\/\/www.salon-zenetbio.com\/angers\/blog\/2024\/02\/13\/vincent-delannoy\/#breadcrumb","itemListElement":[{"@type":"ListItem","position":1,"name":"Accueil","item":"https:\/\/www.salon-zenetbio.com\/angers\/"},{"@type":"ListItem","position":2,"name":"Vincent Delannoy"}]},{"@type":"WebSite","@id":"https:\/\/www.salon-zenetbio.com\/angers\/#website","url":"https:\/\/www.salon-zenetbio.com\/angers\/","name":"Z&amp;B Angers","description":"Zen&amp;Bio Angers : votre salon \u00e9colo, bio, bien-\u00eatre et habitat sain","publisher":{"@id":"https:\/\/www.salon-zenetbio.com\/angers\/#organization"},"potentialAction":[{"@type":"SearchAction","target":{"@type":"EntryPoint","urlTemplate":"https:\/\/www.salon-zenetbio.com\/angers\/?s={search_term_string}"},"query-input":{"@type":"PropertyValueSpecification","valueRequired":true,"valueName":"search_term_string"}}],"inLanguage":"fr-FR"},{"@type":"Organization","@id":"https:\/\/www.salon-zenetbio.com\/angers\/#organization","name":"Z&amp;B Angers","url":"https:\/\/www.salon-zenetbio.com\/angers\/","logo":{"@type":"ImageObject","inLanguage":"fr-FR","@id":"https:\/\/www.salon-zenetbio.com\/angers\/#\/schema\/logo\/image\/","url":"https:\/\/www.salon-zenetbio.com\/angers\/wp-content\/uploads\/sites\/8\/2025\/11\/cropped-Logo-ZEN-et-BIO-angers-2026.png","contentUrl":"https:\/\/www.salon-zenetbio.com\/angers\/wp-content\/uploads\/sites\/8\/2025\/11\/cropped-Logo-ZEN-et-BIO-angers-2026.png","width":921,"height":255,"caption":"Z&amp;B Angers"},"image":{"@id":"https:\/\/www.salon-zenetbio.com\/angers\/#\/schema\/logo\/image\/"}},{"@type":"Person","@id":"https:\/\/www.salon-zenetbio.com\/angers\/#\/schema\/person\/ae137e79c551ab78ea22fb35759cb9f8","name":"communication","image":{"@type":"ImageObject","inLanguage":"fr-FR","@id":"https:\/\/secure.gravatar.com\/avatar\/0f49d5b7ab56355ffa797b3ce25e4f2375cedf6bc9afe416fe669342c3524275?s=96&d=mm&r=g","url":"https:\/\/secure.gravatar.com\/avatar\/0f49d5b7ab56355ffa797b3ce25e4f2375cedf6bc9afe416fe669342c3524275?s=96&d=mm&r=g","contentUrl":"https:\/\/secure.gravatar.com\/avatar\/0f49d5b7ab56355ffa797b3ce25e4f2375cedf6bc9afe416fe669342c3524275?s=96&d=mm&r=g","caption":"communication"},"url":"https:\/\/www.salon-zenetbio.com\/angers\/blog\/author\/communication\/"}]}},"jetpack_featured_media_url":"https:\/\/www.salon-zenetbio.com\/angers\/wp-content\/uploads\/sites\/8\/2024\/01\/Capture-decran-2024-01-08-a-12.45.33.png","_links":{"self":[{"href":"https:\/\/www.salon-zenetbio.com\/angers\/wp-json\/wp\/v2\/posts\/9912","targetHints":{"allow":["GET"]}}],"collection":[{"href":"https:\/\/www.salon-zenetbio.com\/angers\/wp-json\/wp\/v2\/posts"}],"about":[{"href":"https:\/\/www.salon-zenetbio.com\/angers\/wp-json\/wp\/v2\/types\/post"}],"author":[{"embeddable":true,"href":"https:\/\/www.salon-zenetbio.com\/angers\/wp-json\/wp\/v2\/users\/6"}],"replies":[{"embeddable":true,"href":"https:\/\/www.salon-zenetbio.com\/angers\/wp-json\/wp\/v2\/comments?post=9912"}],"version-history":[{"count":0,"href":"https:\/\/www.salon-zenetbio.com\/angers\/wp-json\/wp\/v2\/posts\/9912\/revisions"}],"wp:featuredmedia":[{"embeddable":true,"href":"https:\/\/www.salon-zenetbio.com\/angers\/wp-json\/wp\/v2\/media\/9914"}],"wp:attachment":[{"href":"https:\/\/www.salon-zenetbio.com\/angers\/wp-json\/wp\/v2\/media?parent=9912"}],"wp:term":[{"taxonomy":"category","embeddable":true,"href":"https:\/\/www.salon-zenetbio.com\/angers\/wp-json\/wp\/v2\/categories?post=9912"},{"taxonomy":"post_tag","embeddable":true,"href":"https:\/\/www.salon-zenetbio.com\/angers\/wp-json\/wp\/v2\/tags?post=9912"}],"curies":[{"name":"wp","href":"https:\/\/api.w.org\/{rel}","templated":true}]}}