{"id":10390,"date":"2023-11-09T17:39:59","date_gmt":"2023-11-09T16:39:59","guid":{"rendered":"https:\/\/www.salon-zenetbio.com\/lyon\/?p=10390"},"modified":"2023-11-09T17:39:59","modified_gmt":"2023-11-09T16:39:59","slug":"coton-vert","status":"publish","type":"post","link":"https:\/\/www.salon-zenetbio.com\/lyon\/coton-vert\/","title":{"rendered":"Coton vert"},"content":{"rendered":"<h2>Pr\u00e9sentez-vous en quelques mots<\/h2>\n<p><img fetchpriority=\"high\" decoding=\"async\" class=\"wp-image-10391 alignleft\" src=\"https:\/\/www.salon-zenetbio.com\/lyon\/wp-content\/uploads\/sites\/12\/2023\/11\/1699454711-file2-Equipe-Coton-vert-Celia-Chloe-Benjamin-Copie-225x300.jpg\" alt=\"Coton vert - marque v\u00eatements\" width=\"199\" height=\"265\" srcset=\"https:\/\/www.salon-zenetbio.com\/lyon\/wp-content\/uploads\/sites\/12\/2023\/11\/1699454711-file2-Equipe-Coton-vert-Celia-Chloe-Benjamin-Copie-225x300.jpg 225w, https:\/\/www.salon-zenetbio.com\/lyon\/wp-content\/uploads\/sites\/12\/2023\/11\/1699454711-file2-Equipe-Coton-vert-Celia-Chloe-Benjamin-Copie-150x200.jpg 150w, https:\/\/www.salon-zenetbio.com\/lyon\/wp-content\/uploads\/sites\/12\/2023\/11\/1699454711-file2-Equipe-Coton-vert-Celia-Chloe-Benjamin-Copie-375x500.jpg 375w, https:\/\/www.salon-zenetbio.com\/lyon\/wp-content\/uploads\/sites\/12\/2023\/11\/1699454711-file2-Equipe-Coton-vert-Celia-Chloe-Benjamin-Copie-rotated.jpg 750w\" sizes=\"(max-width: 199px) 100vw, 199px\" \/><\/p>\n<p>Coton vert est une marque de <a href=\"https:\/\/cotonvert.com\/\" target=\"_blank\" rel=\"noopener\">v\u00eatements et accessoires bio<\/a>, intemporels et collaboratifs.<\/p>\n<p>Notre mission est d&rsquo;aider un maximum de personnes \u00e0 s&rsquo;habiller plus responsable, que ce soit avec nos produits ou via notre travail de sensibilisation (sur notre blog notamment).<\/p>\n<h2><\/h2>\n<h2><\/h2>\n<p>&nbsp;<\/p>\n<p>&nbsp;<\/p>\n<p>&nbsp;<\/p>\n<h2>Que propose Coton vert sur le salon ?<\/h2>\n<p><img decoding=\"async\" class=\"wp-image-10392 alignleft\" src=\"https:\/\/www.salon-zenetbio.com\/lyon\/wp-content\/uploads\/sites\/12\/2023\/11\/1699454711-file1-Equipe-Coton-vert-chez-Ithac-300x225.jpg\" alt=\"Coton vert - salon\" width=\"192\" height=\"144\" srcset=\"https:\/\/www.salon-zenetbio.com\/lyon\/wp-content\/uploads\/sites\/12\/2023\/11\/1699454711-file1-Equipe-Coton-vert-chez-Ithac-300x225.jpg 300w, https:\/\/www.salon-zenetbio.com\/lyon\/wp-content\/uploads\/sites\/12\/2023\/11\/1699454711-file1-Equipe-Coton-vert-chez-Ithac-1024x768.jpg 1024w, https:\/\/www.salon-zenetbio.com\/lyon\/wp-content\/uploads\/sites\/12\/2023\/11\/1699454711-file1-Equipe-Coton-vert-chez-Ithac-768x576.jpg 768w, https:\/\/www.salon-zenetbio.com\/lyon\/wp-content\/uploads\/sites\/12\/2023\/11\/1699454711-file1-Equipe-Coton-vert-chez-Ithac-1536x1152.jpg 1536w, https:\/\/www.salon-zenetbio.com\/lyon\/wp-content\/uploads\/sites\/12\/2023\/11\/1699454711-file1-Equipe-Coton-vert-chez-Ithac-150x113.jpg 150w, https:\/\/www.salon-zenetbio.com\/lyon\/wp-content\/uploads\/sites\/12\/2023\/11\/1699454711-file1-Equipe-Coton-vert-chez-Ithac-500x375.jpg 500w, https:\/\/www.salon-zenetbio.com\/lyon\/wp-content\/uploads\/sites\/12\/2023\/11\/1699454711-file1-Equipe-Coton-vert-chez-Ithac.jpg 2048w\" sizes=\"(max-width: 192px) 100vw, 192px\" \/><\/p>\n<p>Des prix sp\u00e9ciaux pour le salon.<br \/>\nDes nouveaut\u00e9s (notamment nos pulls et nos t-shirts \u00e0 manches longues)<\/p>\n<h2><\/h2>\n<p>&nbsp;<\/p>\n<p>&nbsp;<\/p>\n<h2>Parlez-nous de votre relation avec le salon<\/h2>\n<p><span id=\"p16\">Ce sera notre toute 1re participation !<\/span><span id=\"p13\">\u00a0Il nous tarde de d\u00e9couvrir le salon et rencontrer les\u00a0<span id=\"15\">visiteurs<\/span>\u00a0!<\/span><\/p>\n<h2>Quelle est votre devise ?<\/h2>\n<p>Consommons moins mais mieux !<\/p>\n<p>&nbsp;<\/p>\n<p><em><a href=\"https:\/\/www.salon-zenetbio.com\/lyon\/visiter\/liste-des-exposants\/\" target=\"_blank\" rel=\"noopener\">Consultez la liste des exposants<\/a><\/em><\/p>\n","protected":false},"excerpt":{"rendered":"<p>Pr\u00e9sentez-vous en quelques mots Coton vert est une marque de v\u00eatements et accessoires bio, intemporels et collaboratifs. Notre mission est d&rsquo;aider un maximum de personnes \u00e0 s&rsquo;habiller plus responsable, que ce soit avec nos produits ou via notre travail de sensibilisation (sur notre blog notamment). &nbsp; &nbsp; &nbsp; Que propose Coton vert sur le salon&hellip; <\/p>\n","protected":false},"author":6,"featured_media":10391,"comment_status":"open","ping_status":"open","sticky":false,"template":"","format":"standard","meta":{"_monsterinsights_skip_tracking":false,"_monsterinsights_sitenote_active":false,"_monsterinsights_sitenote_note":"","_monsterinsights_sitenote_category":0,"footnotes":""},"categories":[358],"tags":[],"class_list":["post-10390","post","type-post","status-publish","format-standard","has-post-thumbnail","hentry","category-portraits-exposants"],"yoast_head":"<!-- This site is optimized with the Yoast SEO plugin v27.3 - https:\/\/yoast.com\/product\/yoast-seo-wordpress\/ -->\n<title>Coton vert - Salon Zen&amp;Bio Lyon<\/title>\n<meta name=\"description\" content=\"Venez d\u00e9couvrir ou red\u00e9couvrir Coton vert lors du salon Zen et Bio Lyon du 17 au 19 novembre 2023 !\" \/>\n<meta name=\"robots\" content=\"index, follow, max-snippet:-1, max-image-preview:large, max-video-preview:-1\" \/>\n<link rel=\"canonical\" href=\"http:\/\/www.salon-zenetbio.com\/lyon\/coton-vert\/\" \/>\n<meta property=\"og:locale\" content=\"fr_FR\" \/>\n<meta property=\"og:type\" content=\"article\" \/>\n<meta property=\"og:title\" content=\"Coton vert - Salon Zen&amp;Bio Lyon\" \/>\n<meta property=\"og:description\" content=\"Venez d\u00e9couvrir ou red\u00e9couvrir Coton vert lors du salon Zen et Bio Lyon du 17 au 19 novembre 2023 !\" \/>\n<meta property=\"og:url\" content=\"http:\/\/www.salon-zenetbio.com\/lyon\/coton-vert\/\" \/>\n<meta property=\"og:site_name\" content=\"Salon Zen&amp;Bio Lyon\" \/>\n<meta property=\"article:published_time\" content=\"2023-11-09T16:39:59+00:00\" \/>\n<meta property=\"og:image\" content=\"http:\/\/www.salon-zenetbio.com\/lyon\/wp-content\/uploads\/sites\/12\/2023\/11\/1699454711-file2-Equipe-Coton-vert-Celia-Chloe-Benjamin-Copie-rotated.jpg\" \/>\n\t<meta property=\"og:image:width\" content=\"750\" \/>\n\t<meta property=\"og:image:height\" content=\"1000\" \/>\n\t<meta property=\"og:image:type\" content=\"image\/jpeg\" \/>\n<meta name=\"author\" content=\"communication\" \/>\n<meta name=\"twitter:card\" content=\"summary_large_image\" \/>\n<meta name=\"twitter:label1\" content=\"\u00c9crit par\" \/>\n\t<meta name=\"twitter:data1\" content=\"communication\" \/>\n\t<meta name=\"twitter:label2\" content=\"Dur\u00e9e de lecture estim\u00e9e\" \/>\n\t<meta name=\"twitter:data2\" content=\"1 minute\" \/>\n<script type=\"application\/ld+json\" class=\"yoast-schema-graph\">{\"@context\":\"https:\\\/\\\/schema.org\",\"@graph\":[{\"@type\":\"Article\",\"@id\":\"http:\\\/\\\/www.salon-zenetbio.com\\\/lyon\\\/coton-vert\\\/#article\",\"isPartOf\":{\"@id\":\"http:\\\/\\\/www.salon-zenetbio.com\\\/lyon\\\/coton-vert\\\/\"},\"author\":{\"name\":\"communication\",\"@id\":\"http:\\\/\\\/www.salon-zenetbio.com\\\/lyon\\\/#\\\/schema\\\/person\\\/ae137e79c551ab78ea22fb35759cb9f8\"},\"headline\":\"Coton vert\",\"datePublished\":\"2023-11-09T16:39:59+00:00\",\"mainEntityOfPage\":{\"@id\":\"http:\\\/\\\/www.salon-zenetbio.com\\\/lyon\\\/coton-vert\\\/\"},\"wordCount\":119,\"commentCount\":0,\"publisher\":{\"@id\":\"http:\\\/\\\/www.salon-zenetbio.com\\\/lyon\\\/#organization\"},\"image\":{\"@id\":\"http:\\\/\\\/www.salon-zenetbio.com\\\/lyon\\\/coton-vert\\\/#primaryimage\"},\"thumbnailUrl\":\"https:\\\/\\\/www.salon-zenetbio.com\\\/lyon\\\/wp-content\\\/uploads\\\/sites\\\/12\\\/2023\\\/11\\\/1699454711-file2-Equipe-Coton-vert-Celia-Chloe-Benjamin-Copie-rotated.jpg\",\"articleSection\":[\"portraits exposants\"],\"inLanguage\":\"fr-FR\",\"potentialAction\":[{\"@type\":\"CommentAction\",\"name\":\"Comment\",\"target\":[\"http:\\\/\\\/www.salon-zenetbio.com\\\/lyon\\\/coton-vert\\\/#respond\"]}]},{\"@type\":\"WebPage\",\"@id\":\"http:\\\/\\\/www.salon-zenetbio.com\\\/lyon\\\/coton-vert\\\/\",\"url\":\"http:\\\/\\\/www.salon-zenetbio.com\\\/lyon\\\/coton-vert\\\/\",\"name\":\"Coton vert - Salon Zen&amp;Bio Lyon\",\"isPartOf\":{\"@id\":\"http:\\\/\\\/www.salon-zenetbio.com\\\/lyon\\\/#website\"},\"primaryImageOfPage\":{\"@id\":\"http:\\\/\\\/www.salon-zenetbio.com\\\/lyon\\\/coton-vert\\\/#primaryimage\"},\"image\":{\"@id\":\"http:\\\/\\\/www.salon-zenetbio.com\\\/lyon\\\/coton-vert\\\/#primaryimage\"},\"thumbnailUrl\":\"https:\\\/\\\/www.salon-zenetbio.com\\\/lyon\\\/wp-content\\\/uploads\\\/sites\\\/12\\\/2023\\\/11\\\/1699454711-file2-Equipe-Coton-vert-Celia-Chloe-Benjamin-Copie-rotated.jpg\",\"datePublished\":\"2023-11-09T16:39:59+00:00\",\"description\":\"Venez d\u00e9couvrir ou red\u00e9couvrir Coton vert lors du salon Zen et Bio Lyon du 17 au 19 novembre 2023 !\",\"breadcrumb\":{\"@id\":\"http:\\\/\\\/www.salon-zenetbio.com\\\/lyon\\\/coton-vert\\\/#breadcrumb\"},\"inLanguage\":\"fr-FR\",\"potentialAction\":[{\"@type\":\"ReadAction\",\"target\":[\"http:\\\/\\\/www.salon-zenetbio.com\\\/lyon\\\/coton-vert\\\/\"]}]},{\"@type\":\"ImageObject\",\"inLanguage\":\"fr-FR\",\"@id\":\"http:\\\/\\\/www.salon-zenetbio.com\\\/lyon\\\/coton-vert\\\/#primaryimage\",\"url\":\"https:\\\/\\\/www.salon-zenetbio.com\\\/lyon\\\/wp-content\\\/uploads\\\/sites\\\/12\\\/2023\\\/11\\\/1699454711-file2-Equipe-Coton-vert-Celia-Chloe-Benjamin-Copie-rotated.jpg\",\"contentUrl\":\"https:\\\/\\\/www.salon-zenetbio.com\\\/lyon\\\/wp-content\\\/uploads\\\/sites\\\/12\\\/2023\\\/11\\\/1699454711-file2-Equipe-Coton-vert-Celia-Chloe-Benjamin-Copie-rotated.jpg\",\"width\":750,\"height\":1000,\"caption\":\"Coton vert - marque v\u00eatements\"},{\"@type\":\"BreadcrumbList\",\"@id\":\"http:\\\/\\\/www.salon-zenetbio.com\\\/lyon\\\/coton-vert\\\/#breadcrumb\",\"itemListElement\":[{\"@type\":\"ListItem\",\"position\":1,\"name\":\"Accueil\",\"item\":\"http:\\\/\\\/www.salon-zenetbio.com\\\/lyon\\\/\"},{\"@type\":\"ListItem\",\"position\":2,\"name\":\"Coton vert\"}]},{\"@type\":\"WebSite\",\"@id\":\"http:\\\/\\\/www.salon-zenetbio.com\\\/lyon\\\/#website\",\"url\":\"http:\\\/\\\/www.salon-zenetbio.com\\\/lyon\\\/\",\"name\":\"Salon Zen&amp;Bio Lyon\",\"description\":\"salon Zen&amp;Bio Lyon : votre salon \u00e9colo, bio, bien-\u00eatre et habitat sain\",\"publisher\":{\"@id\":\"http:\\\/\\\/www.salon-zenetbio.com\\\/lyon\\\/#organization\"},\"potentialAction\":[{\"@type\":\"SearchAction\",\"target\":{\"@type\":\"EntryPoint\",\"urlTemplate\":\"http:\\\/\\\/www.salon-zenetbio.com\\\/lyon\\\/?s={search_term_string}\"},\"query-input\":{\"@type\":\"PropertyValueSpecification\",\"valueRequired\":true,\"valueName\":\"search_term_string\"}}],\"inLanguage\":\"fr-FR\"},{\"@type\":\"Organization\",\"@id\":\"http:\\\/\\\/www.salon-zenetbio.com\\\/lyon\\\/#organization\",\"name\":\"Salon Zen&amp;Bio Lyon\",\"url\":\"http:\\\/\\\/www.salon-zenetbio.com\\\/lyon\\\/\",\"logo\":{\"@type\":\"ImageObject\",\"inLanguage\":\"fr-FR\",\"@id\":\"http:\\\/\\\/www.salon-zenetbio.com\\\/lyon\\\/#\\\/schema\\\/logo\\\/image\\\/\",\"url\":\"https:\\\/\\\/www.salon-zenetbio.com\\\/lyon\\\/wp-content\\\/uploads\\\/sites\\\/12\\\/2026\\\/03\\\/cropped-Logo-ZEN-et-BIO-lyon-2026-1.png\",\"contentUrl\":\"https:\\\/\\\/www.salon-zenetbio.com\\\/lyon\\\/wp-content\\\/uploads\\\/sites\\\/12\\\/2026\\\/03\\\/cropped-Logo-ZEN-et-BIO-lyon-2026-1.png\",\"width\":921,\"height\":255,\"caption\":\"Salon Zen&amp;Bio Lyon\"},\"image\":{\"@id\":\"http:\\\/\\\/www.salon-zenetbio.com\\\/lyon\\\/#\\\/schema\\\/logo\\\/image\\\/\"}},{\"@type\":\"Person\",\"@id\":\"http:\\\/\\\/www.salon-zenetbio.com\\\/lyon\\\/#\\\/schema\\\/person\\\/ae137e79c551ab78ea22fb35759cb9f8\",\"name\":\"communication\",\"image\":{\"@type\":\"ImageObject\",\"inLanguage\":\"fr-FR\",\"@id\":\"https:\\\/\\\/secure.gravatar.com\\\/avatar\\\/0f49d5b7ab56355ffa797b3ce25e4f2375cedf6bc9afe416fe669342c3524275?s=96&d=mm&r=g\",\"url\":\"https:\\\/\\\/secure.gravatar.com\\\/avatar\\\/0f49d5b7ab56355ffa797b3ce25e4f2375cedf6bc9afe416fe669342c3524275?s=96&d=mm&r=g\",\"contentUrl\":\"https:\\\/\\\/secure.gravatar.com\\\/avatar\\\/0f49d5b7ab56355ffa797b3ce25e4f2375cedf6bc9afe416fe669342c3524275?s=96&d=mm&r=g\",\"caption\":\"communication\"},\"url\":\"https:\\\/\\\/www.salon-zenetbio.com\\\/lyon\\\/author\\\/communication\\\/\"}]}<\/script>\n<!-- \/ Yoast SEO plugin. -->","yoast_head_json":{"title":"Coton vert - Salon Zen&amp;Bio Lyon","description":"Venez d\u00e9couvrir ou red\u00e9couvrir Coton vert lors du salon Zen et Bio Lyon du 17 au 19 novembre 2023 !","robots":{"index":"index","follow":"follow","max-snippet":"max-snippet:-1","max-image-preview":"max-image-preview:large","max-video-preview":"max-video-preview:-1"},"canonical":"http:\/\/www.salon-zenetbio.com\/lyon\/coton-vert\/","og_locale":"fr_FR","og_type":"article","og_title":"Coton vert - Salon Zen&amp;Bio Lyon","og_description":"Venez d\u00e9couvrir ou red\u00e9couvrir Coton vert lors du salon Zen et Bio Lyon du 17 au 19 novembre 2023 !","og_url":"http:\/\/www.salon-zenetbio.com\/lyon\/coton-vert\/","og_site_name":"Salon Zen&amp;Bio Lyon","article_published_time":"2023-11-09T16:39:59+00:00","og_image":[{"width":750,"height":1000,"url":"http:\/\/www.salon-zenetbio.com\/lyon\/wp-content\/uploads\/sites\/12\/2023\/11\/1699454711-file2-Equipe-Coton-vert-Celia-Chloe-Benjamin-Copie-rotated.jpg","type":"image\/jpeg"}],"author":"communication","twitter_card":"summary_large_image","twitter_misc":{"\u00c9crit par":"communication","Dur\u00e9e de lecture estim\u00e9e":"1 minute"},"schema":{"@context":"https:\/\/schema.org","@graph":[{"@type":"Article","@id":"http:\/\/www.salon-zenetbio.com\/lyon\/coton-vert\/#article","isPartOf":{"@id":"http:\/\/www.salon-zenetbio.com\/lyon\/coton-vert\/"},"author":{"name":"communication","@id":"http:\/\/www.salon-zenetbio.com\/lyon\/#\/schema\/person\/ae137e79c551ab78ea22fb35759cb9f8"},"headline":"Coton vert","datePublished":"2023-11-09T16:39:59+00:00","mainEntityOfPage":{"@id":"http:\/\/www.salon-zenetbio.com\/lyon\/coton-vert\/"},"wordCount":119,"commentCount":0,"publisher":{"@id":"http:\/\/www.salon-zenetbio.com\/lyon\/#organization"},"image":{"@id":"http:\/\/www.salon-zenetbio.com\/lyon\/coton-vert\/#primaryimage"},"thumbnailUrl":"https:\/\/www.salon-zenetbio.com\/lyon\/wp-content\/uploads\/sites\/12\/2023\/11\/1699454711-file2-Equipe-Coton-vert-Celia-Chloe-Benjamin-Copie-rotated.jpg","articleSection":["portraits exposants"],"inLanguage":"fr-FR","potentialAction":[{"@type":"CommentAction","name":"Comment","target":["http:\/\/www.salon-zenetbio.com\/lyon\/coton-vert\/#respond"]}]},{"@type":"WebPage","@id":"http:\/\/www.salon-zenetbio.com\/lyon\/coton-vert\/","url":"http:\/\/www.salon-zenetbio.com\/lyon\/coton-vert\/","name":"Coton vert - Salon Zen&amp;Bio Lyon","isPartOf":{"@id":"http:\/\/www.salon-zenetbio.com\/lyon\/#website"},"primaryImageOfPage":{"@id":"http:\/\/www.salon-zenetbio.com\/lyon\/coton-vert\/#primaryimage"},"image":{"@id":"http:\/\/www.salon-zenetbio.com\/lyon\/coton-vert\/#primaryimage"},"thumbnailUrl":"https:\/\/www.salon-zenetbio.com\/lyon\/wp-content\/uploads\/sites\/12\/2023\/11\/1699454711-file2-Equipe-Coton-vert-Celia-Chloe-Benjamin-Copie-rotated.jpg","datePublished":"2023-11-09T16:39:59+00:00","description":"Venez d\u00e9couvrir ou red\u00e9couvrir Coton vert lors du salon Zen et Bio Lyon du 17 au 19 novembre 2023 !","breadcrumb":{"@id":"http:\/\/www.salon-zenetbio.com\/lyon\/coton-vert\/#breadcrumb"},"inLanguage":"fr-FR","potentialAction":[{"@type":"ReadAction","target":["http:\/\/www.salon-zenetbio.com\/lyon\/coton-vert\/"]}]},{"@type":"ImageObject","inLanguage":"fr-FR","@id":"http:\/\/www.salon-zenetbio.com\/lyon\/coton-vert\/#primaryimage","url":"https:\/\/www.salon-zenetbio.com\/lyon\/wp-content\/uploads\/sites\/12\/2023\/11\/1699454711-file2-Equipe-Coton-vert-Celia-Chloe-Benjamin-Copie-rotated.jpg","contentUrl":"https:\/\/www.salon-zenetbio.com\/lyon\/wp-content\/uploads\/sites\/12\/2023\/11\/1699454711-file2-Equipe-Coton-vert-Celia-Chloe-Benjamin-Copie-rotated.jpg","width":750,"height":1000,"caption":"Coton vert - marque v\u00eatements"},{"@type":"BreadcrumbList","@id":"http:\/\/www.salon-zenetbio.com\/lyon\/coton-vert\/#breadcrumb","itemListElement":[{"@type":"ListItem","position":1,"name":"Accueil","item":"http:\/\/www.salon-zenetbio.com\/lyon\/"},{"@type":"ListItem","position":2,"name":"Coton vert"}]},{"@type":"WebSite","@id":"http:\/\/www.salon-zenetbio.com\/lyon\/#website","url":"http:\/\/www.salon-zenetbio.com\/lyon\/","name":"Salon Zen&amp;Bio Lyon","description":"salon Zen&amp;Bio Lyon : votre salon \u00e9colo, bio, bien-\u00eatre et habitat sain","publisher":{"@id":"http:\/\/www.salon-zenetbio.com\/lyon\/#organization"},"potentialAction":[{"@type":"SearchAction","target":{"@type":"EntryPoint","urlTemplate":"http:\/\/www.salon-zenetbio.com\/lyon\/?s={search_term_string}"},"query-input":{"@type":"PropertyValueSpecification","valueRequired":true,"valueName":"search_term_string"}}],"inLanguage":"fr-FR"},{"@type":"Organization","@id":"http:\/\/www.salon-zenetbio.com\/lyon\/#organization","name":"Salon Zen&amp;Bio Lyon","url":"http:\/\/www.salon-zenetbio.com\/lyon\/","logo":{"@type":"ImageObject","inLanguage":"fr-FR","@id":"http:\/\/www.salon-zenetbio.com\/lyon\/#\/schema\/logo\/image\/","url":"https:\/\/www.salon-zenetbio.com\/lyon\/wp-content\/uploads\/sites\/12\/2026\/03\/cropped-Logo-ZEN-et-BIO-lyon-2026-1.png","contentUrl":"https:\/\/www.salon-zenetbio.com\/lyon\/wp-content\/uploads\/sites\/12\/2026\/03\/cropped-Logo-ZEN-et-BIO-lyon-2026-1.png","width":921,"height":255,"caption":"Salon Zen&amp;Bio Lyon"},"image":{"@id":"http:\/\/www.salon-zenetbio.com\/lyon\/#\/schema\/logo\/image\/"}},{"@type":"Person","@id":"http:\/\/www.salon-zenetbio.com\/lyon\/#\/schema\/person\/ae137e79c551ab78ea22fb35759cb9f8","name":"communication","image":{"@type":"ImageObject","inLanguage":"fr-FR","@id":"https:\/\/secure.gravatar.com\/avatar\/0f49d5b7ab56355ffa797b3ce25e4f2375cedf6bc9afe416fe669342c3524275?s=96&d=mm&r=g","url":"https:\/\/secure.gravatar.com\/avatar\/0f49d5b7ab56355ffa797b3ce25e4f2375cedf6bc9afe416fe669342c3524275?s=96&d=mm&r=g","contentUrl":"https:\/\/secure.gravatar.com\/avatar\/0f49d5b7ab56355ffa797b3ce25e4f2375cedf6bc9afe416fe669342c3524275?s=96&d=mm&r=g","caption":"communication"},"url":"https:\/\/www.salon-zenetbio.com\/lyon\/author\/communication\/"}]}},"jetpack_featured_media_url":"https:\/\/www.salon-zenetbio.com\/lyon\/wp-content\/uploads\/sites\/12\/2023\/11\/1699454711-file2-Equipe-Coton-vert-Celia-Chloe-Benjamin-Copie-rotated.jpg","_links":{"self":[{"href":"https:\/\/www.salon-zenetbio.com\/lyon\/wp-json\/wp\/v2\/posts\/10390","targetHints":{"allow":["GET"]}}],"collection":[{"href":"https:\/\/www.salon-zenetbio.com\/lyon\/wp-json\/wp\/v2\/posts"}],"about":[{"href":"https:\/\/www.salon-zenetbio.com\/lyon\/wp-json\/wp\/v2\/types\/post"}],"author":[{"embeddable":true,"href":"https:\/\/www.salon-zenetbio.com\/lyon\/wp-json\/wp\/v2\/users\/6"}],"replies":[{"embeddable":true,"href":"https:\/\/www.salon-zenetbio.com\/lyon\/wp-json\/wp\/v2\/comments?post=10390"}],"version-history":[{"count":6,"href":"https:\/\/www.salon-zenetbio.com\/lyon\/wp-json\/wp\/v2\/posts\/10390\/revisions"}],"predecessor-version":[{"id":10514,"href":"https:\/\/www.salon-zenetbio.com\/lyon\/wp-json\/wp\/v2\/posts\/10390\/revisions\/10514"}],"wp:featuredmedia":[{"embeddable":true,"href":"https:\/\/www.salon-zenetbio.com\/lyon\/wp-json\/wp\/v2\/media\/10391"}],"wp:attachment":[{"href":"https:\/\/www.salon-zenetbio.com\/lyon\/wp-json\/wp\/v2\/media?parent=10390"}],"wp:term":[{"taxonomy":"category","embeddable":true,"href":"https:\/\/www.salon-zenetbio.com\/lyon\/wp-json\/wp\/v2\/categories?post=10390"},{"taxonomy":"post_tag","embeddable":true,"href":"https:\/\/www.salon-zenetbio.com\/lyon\/wp-json\/wp\/v2\/tags?post=10390"}],"curies":[{"name":"wp","href":"https:\/\/api.w.org\/{rel}","templated":true}]}}