{"id":10397,"date":"2023-11-09T17:42:54","date_gmt":"2023-11-09T16:42:54","guid":{"rendered":"https:\/\/www.salon-zenetbio.com\/lyon\/?p=10397"},"modified":"2023-11-09T17:42:54","modified_gmt":"2023-11-09T16:42:54","slug":"federation-francaise-de-naturisme","status":"publish","type":"post","link":"https:\/\/www.salon-zenetbio.com\/lyon\/federation-francaise-de-naturisme\/","title":{"rendered":"F\u00e9d\u00e9ration Fran\u00e7aise de Naturisme"},"content":{"rendered":"<h2>Pr\u00e9sentez-vous en quelques mots<\/h2>\n<p><img decoding=\"async\" class=\" wp-image-10398 aligncenter\" src=\"https:\/\/www.salon-zenetbio.com\/lyon\/wp-content\/uploads\/sites\/12\/2023\/11\/1699469839-file2-Salon-Zen-Bio-2022-Logo-FFN-300x93.jpg\" alt=\"F\u00e9d\u00e9ration Fran\u00e7aise de Naturisme - association\" width=\"281\" height=\"87\" srcset=\"https:\/\/www.salon-zenetbio.com\/lyon\/wp-content\/uploads\/sites\/12\/2023\/11\/1699469839-file2-Salon-Zen-Bio-2022-Logo-FFN-300x93.jpg 300w, https:\/\/www.salon-zenetbio.com\/lyon\/wp-content\/uploads\/sites\/12\/2023\/11\/1699469839-file2-Salon-Zen-Bio-2022-Logo-FFN-768x238.jpg 768w, https:\/\/www.salon-zenetbio.com\/lyon\/wp-content\/uploads\/sites\/12\/2023\/11\/1699469839-file2-Salon-Zen-Bio-2022-Logo-FFN-150x46.jpg 150w, https:\/\/www.salon-zenetbio.com\/lyon\/wp-content\/uploads\/sites\/12\/2023\/11\/1699469839-file2-Salon-Zen-Bio-2022-Logo-FFN-500x155.jpg 500w, https:\/\/www.salon-zenetbio.com\/lyon\/wp-content\/uploads\/sites\/12\/2023\/11\/1699469839-file2-Salon-Zen-Bio-2022-Logo-FFN.jpg 792w\" sizes=\"(max-width: 281px) 100vw, 281px\" \/><\/p>\n<p><span id=\"p26\">Nous sommes la section Rh\u00f4ne-Alpes de la F\u00e9d\u00e9ration Fran\u00e7aise de Naturisme.<\/span><span id=\"p20\">\u00a0Nous repr\u00e9sentons les 16 associations naturistes pr\u00e9sentes dans la R\u00e9gion ainsi que les 5 structures commerciales\u00a0<span id=\"p27\">(campings et g\u00eetes)<\/span>.<\/span><span id=\"p21\">\u00a0Nous vous pr\u00e9senterons toutes les activit\u00e9s naturistes organis\u00e9es dans la r\u00e9gion et les lieux o\u00f9 elles se d\u00e9roulent.<\/span><\/p>\n<h2>Que propose F\u00e9d\u00e9ration Fran\u00e7aise de Naturisme sur le salon ?<\/h2>\n<p><span id=\"p29\">Nous proposerons aux visiteurs des informations sur toutes les associations naturistes de la R\u00e9gion, \u00e0 l&rsquo;aide de flyers et de petits documents informatifs.<\/span><span id=\"p32\">\u00a0Nous vous informerons aussi sur les activit\u00e9s de la F\u00e9d\u00e9ration Nationales.<\/span><\/p>\n<h2>Parlez-nous de votre relation avec le salon<\/h2>\n<p><img decoding=\"async\" class=\"wp-image-10399 alignleft\" src=\"https:\/\/www.salon-zenetbio.com\/lyon\/wp-content\/uploads\/sites\/12\/2023\/11\/1699469839-file1-Salon-Zen-Bio-FFN-2022-300x244.jpg\" alt=\"F\u00e9d\u00e9ration Fran\u00e7aise de Naturisme - salon\" width=\"199\" height=\"162\" srcset=\"https:\/\/www.salon-zenetbio.com\/lyon\/wp-content\/uploads\/sites\/12\/2023\/11\/1699469839-file1-Salon-Zen-Bio-FFN-2022-300x244.jpg 300w, https:\/\/www.salon-zenetbio.com\/lyon\/wp-content\/uploads\/sites\/12\/2023\/11\/1699469839-file1-Salon-Zen-Bio-FFN-2022-768x625.jpg 768w, https:\/\/www.salon-zenetbio.com\/lyon\/wp-content\/uploads\/sites\/12\/2023\/11\/1699469839-file1-Salon-Zen-Bio-FFN-2022-150x122.jpg 150w, https:\/\/www.salon-zenetbio.com\/lyon\/wp-content\/uploads\/sites\/12\/2023\/11\/1699469839-file1-Salon-Zen-Bio-FFN-2022-500x407.jpg 500w, https:\/\/www.salon-zenetbio.com\/lyon\/wp-content\/uploads\/sites\/12\/2023\/11\/1699469839-file1-Salon-Zen-Bio-FFN-2022.jpg 1016w\" sizes=\"(max-width: 199px) 100vw, 199px\" \/><\/p>\n<p>Nous appr\u00e9cions le salon Zen&amp;<span id=\"35\">Bio, car<\/span>\u00a0il nous permet de contacter un public de personnes sensibles \u00e0 la qualit\u00e9 de l&rsquo;environnement et \u00e0 leur bien-\u00eatre personnel, deux caract\u00e9ristiques majeures d\u00e9velopp\u00e9es par la pratique du naturisme.<\/p>\n<h2><\/h2>\n<h2><\/h2>\n<h2>Quelle est votre devise ?<\/h2>\n<p>Respect et acceptation de soi, respect des autres dans leur diversit\u00e9, respect de l&rsquo;environnement naturel qui nous entoure.<\/p>\n<p><em><a href=\"https:\/\/www.salon-zenetbio.com\/lyon\/visiter\/liste-des-exposants\/\" target=\"_blank\" rel=\"noopener\">Consultez la liste des exposants<\/a><\/em><\/p>\n","protected":false},"excerpt":{"rendered":"<p>Pr\u00e9sentez-vous en quelques mots Nous sommes la section Rh\u00f4ne-Alpes de la F\u00e9d\u00e9ration Fran\u00e7aise de Naturisme.\u00a0Nous repr\u00e9sentons les 16 associations naturistes pr\u00e9sentes dans la R\u00e9gion ainsi que les 5 structures commerciales\u00a0(campings et g\u00eetes).\u00a0Nous vous pr\u00e9senterons toutes les activit\u00e9s naturistes organis\u00e9es dans la r\u00e9gion et les lieux o\u00f9 elles se d\u00e9roulent. Que propose F\u00e9d\u00e9ration Fran\u00e7aise de Naturisme&hellip; <\/p>\n","protected":false},"author":6,"featured_media":10398,"comment_status":"open","ping_status":"open","sticky":false,"template":"","format":"standard","meta":{"_monsterinsights_skip_tracking":false,"_monsterinsights_sitenote_active":false,"_monsterinsights_sitenote_note":"","_monsterinsights_sitenote_category":0,"footnotes":""},"categories":[358],"tags":[],"class_list":["post-10397","post","type-post","status-publish","format-standard","has-post-thumbnail","hentry","category-portraits-exposants"],"yoast_head":"<!-- This site is optimized with the Yoast SEO plugin v27.3 - https:\/\/yoast.com\/product\/yoast-seo-wordpress\/ -->\n<title>F\u00e9d\u00e9ration Fran\u00e7aise de Naturisme - Salon Zen&amp;Bio Lyon<\/title>\n<meta name=\"description\" content=\"Venez d\u00e9couvrir ou red\u00e9couvrir F\u00e9d\u00e9ration Fran\u00e7aise de Naturisme lors du salon Zen et Bio Lyon du 17 au 19 novembre 2023 !\" \/>\n<meta name=\"robots\" content=\"index, follow, max-snippet:-1, max-image-preview:large, max-video-preview:-1\" \/>\n<link rel=\"canonical\" href=\"https:\/\/www.salon-zenetbio.com\/lyon\/federation-francaise-de-naturisme\/\" \/>\n<meta property=\"og:locale\" content=\"fr_FR\" \/>\n<meta property=\"og:type\" content=\"article\" \/>\n<meta property=\"og:title\" content=\"F\u00e9d\u00e9ration Fran\u00e7aise de Naturisme - Salon Zen&amp;Bio Lyon\" \/>\n<meta property=\"og:description\" content=\"Venez d\u00e9couvrir ou red\u00e9couvrir F\u00e9d\u00e9ration Fran\u00e7aise de Naturisme lors du salon Zen et Bio Lyon du 17 au 19 novembre 2023 !\" \/>\n<meta property=\"og:url\" content=\"https:\/\/www.salon-zenetbio.com\/lyon\/federation-francaise-de-naturisme\/\" \/>\n<meta property=\"og:site_name\" content=\"Salon Zen&amp;Bio Lyon\" \/>\n<meta property=\"article:published_time\" content=\"2023-11-09T16:42:54+00:00\" \/>\n<meta property=\"og:image\" content=\"https:\/\/www.salon-zenetbio.com\/lyon\/wp-content\/uploads\/sites\/12\/2023\/11\/1699469839-file2-Salon-Zen-Bio-2022-Logo-FFN.jpg\" \/>\n\t<meta property=\"og:image:width\" content=\"792\" \/>\n\t<meta property=\"og:image:height\" content=\"245\" \/>\n\t<meta property=\"og:image:type\" content=\"image\/jpeg\" \/>\n<meta name=\"author\" content=\"communication\" \/>\n<meta name=\"twitter:card\" content=\"summary_large_image\" \/>\n<meta name=\"twitter:label1\" content=\"\u00c9crit par\" \/>\n\t<meta name=\"twitter:data1\" content=\"communication\" \/>\n\t<meta name=\"twitter:label2\" content=\"Dur\u00e9e de lecture estim\u00e9e\" \/>\n\t<meta name=\"twitter:data2\" content=\"2 minutes\" \/>\n<script type=\"application\/ld+json\" class=\"yoast-schema-graph\">{\"@context\":\"https:\\\/\\\/schema.org\",\"@graph\":[{\"@type\":\"Article\",\"@id\":\"https:\\\/\\\/www.salon-zenetbio.com\\\/lyon\\\/federation-francaise-de-naturisme\\\/#article\",\"isPartOf\":{\"@id\":\"https:\\\/\\\/www.salon-zenetbio.com\\\/lyon\\\/federation-francaise-de-naturisme\\\/\"},\"author\":{\"name\":\"communication\",\"@id\":\"http:\\\/\\\/www.salon-zenetbio.com\\\/lyon\\\/#\\\/schema\\\/person\\\/ae137e79c551ab78ea22fb35759cb9f8\"},\"headline\":\"F\u00e9d\u00e9ration Fran\u00e7aise de Naturisme\",\"datePublished\":\"2023-11-09T16:42:54+00:00\",\"mainEntityOfPage\":{\"@id\":\"https:\\\/\\\/www.salon-zenetbio.com\\\/lyon\\\/federation-francaise-de-naturisme\\\/\"},\"wordCount\":197,\"commentCount\":0,\"publisher\":{\"@id\":\"http:\\\/\\\/www.salon-zenetbio.com\\\/lyon\\\/#organization\"},\"image\":{\"@id\":\"https:\\\/\\\/www.salon-zenetbio.com\\\/lyon\\\/federation-francaise-de-naturisme\\\/#primaryimage\"},\"thumbnailUrl\":\"https:\\\/\\\/www.salon-zenetbio.com\\\/lyon\\\/wp-content\\\/uploads\\\/sites\\\/12\\\/2023\\\/11\\\/1699469839-file2-Salon-Zen-Bio-2022-Logo-FFN.jpg\",\"articleSection\":[\"portraits exposants\"],\"inLanguage\":\"fr-FR\",\"potentialAction\":[{\"@type\":\"CommentAction\",\"name\":\"Comment\",\"target\":[\"https:\\\/\\\/www.salon-zenetbio.com\\\/lyon\\\/federation-francaise-de-naturisme\\\/#respond\"]}]},{\"@type\":\"WebPage\",\"@id\":\"https:\\\/\\\/www.salon-zenetbio.com\\\/lyon\\\/federation-francaise-de-naturisme\\\/\",\"url\":\"https:\\\/\\\/www.salon-zenetbio.com\\\/lyon\\\/federation-francaise-de-naturisme\\\/\",\"name\":\"F\u00e9d\u00e9ration Fran\u00e7aise de Naturisme - Salon Zen&amp;Bio Lyon\",\"isPartOf\":{\"@id\":\"http:\\\/\\\/www.salon-zenetbio.com\\\/lyon\\\/#website\"},\"primaryImageOfPage\":{\"@id\":\"https:\\\/\\\/www.salon-zenetbio.com\\\/lyon\\\/federation-francaise-de-naturisme\\\/#primaryimage\"},\"image\":{\"@id\":\"https:\\\/\\\/www.salon-zenetbio.com\\\/lyon\\\/federation-francaise-de-naturisme\\\/#primaryimage\"},\"thumbnailUrl\":\"https:\\\/\\\/www.salon-zenetbio.com\\\/lyon\\\/wp-content\\\/uploads\\\/sites\\\/12\\\/2023\\\/11\\\/1699469839-file2-Salon-Zen-Bio-2022-Logo-FFN.jpg\",\"datePublished\":\"2023-11-09T16:42:54+00:00\",\"description\":\"Venez d\u00e9couvrir ou red\u00e9couvrir F\u00e9d\u00e9ration Fran\u00e7aise de Naturisme lors du salon Zen et Bio Lyon du 17 au 19 novembre 2023 !\",\"breadcrumb\":{\"@id\":\"https:\\\/\\\/www.salon-zenetbio.com\\\/lyon\\\/federation-francaise-de-naturisme\\\/#breadcrumb\"},\"inLanguage\":\"fr-FR\",\"potentialAction\":[{\"@type\":\"ReadAction\",\"target\":[\"https:\\\/\\\/www.salon-zenetbio.com\\\/lyon\\\/federation-francaise-de-naturisme\\\/\"]}]},{\"@type\":\"ImageObject\",\"inLanguage\":\"fr-FR\",\"@id\":\"https:\\\/\\\/www.salon-zenetbio.com\\\/lyon\\\/federation-francaise-de-naturisme\\\/#primaryimage\",\"url\":\"https:\\\/\\\/www.salon-zenetbio.com\\\/lyon\\\/wp-content\\\/uploads\\\/sites\\\/12\\\/2023\\\/11\\\/1699469839-file2-Salon-Zen-Bio-2022-Logo-FFN.jpg\",\"contentUrl\":\"https:\\\/\\\/www.salon-zenetbio.com\\\/lyon\\\/wp-content\\\/uploads\\\/sites\\\/12\\\/2023\\\/11\\\/1699469839-file2-Salon-Zen-Bio-2022-Logo-FFN.jpg\",\"width\":792,\"height\":245,\"caption\":\"F\u00e9d\u00e9ration Fran\u00e7aise de Naturisme - association\"},{\"@type\":\"BreadcrumbList\",\"@id\":\"https:\\\/\\\/www.salon-zenetbio.com\\\/lyon\\\/federation-francaise-de-naturisme\\\/#breadcrumb\",\"itemListElement\":[{\"@type\":\"ListItem\",\"position\":1,\"name\":\"Accueil\",\"item\":\"http:\\\/\\\/www.salon-zenetbio.com\\\/lyon\\\/\"},{\"@type\":\"ListItem\",\"position\":2,\"name\":\"F\u00e9d\u00e9ration Fran\u00e7aise de Naturisme\"}]},{\"@type\":\"WebSite\",\"@id\":\"http:\\\/\\\/www.salon-zenetbio.com\\\/lyon\\\/#website\",\"url\":\"http:\\\/\\\/www.salon-zenetbio.com\\\/lyon\\\/\",\"name\":\"Salon Zen&amp;Bio Lyon\",\"description\":\"salon Zen&amp;Bio Lyon : votre salon \u00e9colo, bio, bien-\u00eatre et habitat sain\",\"publisher\":{\"@id\":\"http:\\\/\\\/www.salon-zenetbio.com\\\/lyon\\\/#organization\"},\"potentialAction\":[{\"@type\":\"SearchAction\",\"target\":{\"@type\":\"EntryPoint\",\"urlTemplate\":\"http:\\\/\\\/www.salon-zenetbio.com\\\/lyon\\\/?s={search_term_string}\"},\"query-input\":{\"@type\":\"PropertyValueSpecification\",\"valueRequired\":true,\"valueName\":\"search_term_string\"}}],\"inLanguage\":\"fr-FR\"},{\"@type\":\"Organization\",\"@id\":\"http:\\\/\\\/www.salon-zenetbio.com\\\/lyon\\\/#organization\",\"name\":\"Salon Zen&amp;Bio Lyon\",\"url\":\"http:\\\/\\\/www.salon-zenetbio.com\\\/lyon\\\/\",\"logo\":{\"@type\":\"ImageObject\",\"inLanguage\":\"fr-FR\",\"@id\":\"http:\\\/\\\/www.salon-zenetbio.com\\\/lyon\\\/#\\\/schema\\\/logo\\\/image\\\/\",\"url\":\"https:\\\/\\\/www.salon-zenetbio.com\\\/lyon\\\/wp-content\\\/uploads\\\/sites\\\/12\\\/2026\\\/03\\\/cropped-Logo-ZEN-et-BIO-lyon-2026-1.png\",\"contentUrl\":\"https:\\\/\\\/www.salon-zenetbio.com\\\/lyon\\\/wp-content\\\/uploads\\\/sites\\\/12\\\/2026\\\/03\\\/cropped-Logo-ZEN-et-BIO-lyon-2026-1.png\",\"width\":921,\"height\":255,\"caption\":\"Salon Zen&amp;Bio Lyon\"},\"image\":{\"@id\":\"http:\\\/\\\/www.salon-zenetbio.com\\\/lyon\\\/#\\\/schema\\\/logo\\\/image\\\/\"}},{\"@type\":\"Person\",\"@id\":\"http:\\\/\\\/www.salon-zenetbio.com\\\/lyon\\\/#\\\/schema\\\/person\\\/ae137e79c551ab78ea22fb35759cb9f8\",\"name\":\"communication\",\"image\":{\"@type\":\"ImageObject\",\"inLanguage\":\"fr-FR\",\"@id\":\"https:\\\/\\\/secure.gravatar.com\\\/avatar\\\/0f49d5b7ab56355ffa797b3ce25e4f2375cedf6bc9afe416fe669342c3524275?s=96&d=mm&r=g\",\"url\":\"https:\\\/\\\/secure.gravatar.com\\\/avatar\\\/0f49d5b7ab56355ffa797b3ce25e4f2375cedf6bc9afe416fe669342c3524275?s=96&d=mm&r=g\",\"contentUrl\":\"https:\\\/\\\/secure.gravatar.com\\\/avatar\\\/0f49d5b7ab56355ffa797b3ce25e4f2375cedf6bc9afe416fe669342c3524275?s=96&d=mm&r=g\",\"caption\":\"communication\"},\"url\":\"https:\\\/\\\/www.salon-zenetbio.com\\\/lyon\\\/author\\\/communication\\\/\"}]}<\/script>\n<!-- \/ Yoast SEO plugin. -->","yoast_head_json":{"title":"F\u00e9d\u00e9ration Fran\u00e7aise de Naturisme - Salon Zen&amp;Bio Lyon","description":"Venez d\u00e9couvrir ou red\u00e9couvrir F\u00e9d\u00e9ration Fran\u00e7aise de Naturisme lors du salon Zen et Bio Lyon du 17 au 19 novembre 2023 !","robots":{"index":"index","follow":"follow","max-snippet":"max-snippet:-1","max-image-preview":"max-image-preview:large","max-video-preview":"max-video-preview:-1"},"canonical":"https:\/\/www.salon-zenetbio.com\/lyon\/federation-francaise-de-naturisme\/","og_locale":"fr_FR","og_type":"article","og_title":"F\u00e9d\u00e9ration Fran\u00e7aise de Naturisme - Salon Zen&amp;Bio Lyon","og_description":"Venez d\u00e9couvrir ou red\u00e9couvrir F\u00e9d\u00e9ration Fran\u00e7aise de Naturisme lors du salon Zen et Bio Lyon du 17 au 19 novembre 2023 !","og_url":"https:\/\/www.salon-zenetbio.com\/lyon\/federation-francaise-de-naturisme\/","og_site_name":"Salon Zen&amp;Bio Lyon","article_published_time":"2023-11-09T16:42:54+00:00","og_image":[{"width":792,"height":245,"url":"https:\/\/www.salon-zenetbio.com\/lyon\/wp-content\/uploads\/sites\/12\/2023\/11\/1699469839-file2-Salon-Zen-Bio-2022-Logo-FFN.jpg","type":"image\/jpeg"}],"author":"communication","twitter_card":"summary_large_image","twitter_misc":{"\u00c9crit par":"communication","Dur\u00e9e de lecture estim\u00e9e":"2 minutes"},"schema":{"@context":"https:\/\/schema.org","@graph":[{"@type":"Article","@id":"https:\/\/www.salon-zenetbio.com\/lyon\/federation-francaise-de-naturisme\/#article","isPartOf":{"@id":"https:\/\/www.salon-zenetbio.com\/lyon\/federation-francaise-de-naturisme\/"},"author":{"name":"communication","@id":"http:\/\/www.salon-zenetbio.com\/lyon\/#\/schema\/person\/ae137e79c551ab78ea22fb35759cb9f8"},"headline":"F\u00e9d\u00e9ration Fran\u00e7aise de Naturisme","datePublished":"2023-11-09T16:42:54+00:00","mainEntityOfPage":{"@id":"https:\/\/www.salon-zenetbio.com\/lyon\/federation-francaise-de-naturisme\/"},"wordCount":197,"commentCount":0,"publisher":{"@id":"http:\/\/www.salon-zenetbio.com\/lyon\/#organization"},"image":{"@id":"https:\/\/www.salon-zenetbio.com\/lyon\/federation-francaise-de-naturisme\/#primaryimage"},"thumbnailUrl":"https:\/\/www.salon-zenetbio.com\/lyon\/wp-content\/uploads\/sites\/12\/2023\/11\/1699469839-file2-Salon-Zen-Bio-2022-Logo-FFN.jpg","articleSection":["portraits exposants"],"inLanguage":"fr-FR","potentialAction":[{"@type":"CommentAction","name":"Comment","target":["https:\/\/www.salon-zenetbio.com\/lyon\/federation-francaise-de-naturisme\/#respond"]}]},{"@type":"WebPage","@id":"https:\/\/www.salon-zenetbio.com\/lyon\/federation-francaise-de-naturisme\/","url":"https:\/\/www.salon-zenetbio.com\/lyon\/federation-francaise-de-naturisme\/","name":"F\u00e9d\u00e9ration Fran\u00e7aise de Naturisme - Salon Zen&amp;Bio Lyon","isPartOf":{"@id":"http:\/\/www.salon-zenetbio.com\/lyon\/#website"},"primaryImageOfPage":{"@id":"https:\/\/www.salon-zenetbio.com\/lyon\/federation-francaise-de-naturisme\/#primaryimage"},"image":{"@id":"https:\/\/www.salon-zenetbio.com\/lyon\/federation-francaise-de-naturisme\/#primaryimage"},"thumbnailUrl":"https:\/\/www.salon-zenetbio.com\/lyon\/wp-content\/uploads\/sites\/12\/2023\/11\/1699469839-file2-Salon-Zen-Bio-2022-Logo-FFN.jpg","datePublished":"2023-11-09T16:42:54+00:00","description":"Venez d\u00e9couvrir ou red\u00e9couvrir F\u00e9d\u00e9ration Fran\u00e7aise de Naturisme lors du salon Zen et Bio Lyon du 17 au 19 novembre 2023 !","breadcrumb":{"@id":"https:\/\/www.salon-zenetbio.com\/lyon\/federation-francaise-de-naturisme\/#breadcrumb"},"inLanguage":"fr-FR","potentialAction":[{"@type":"ReadAction","target":["https:\/\/www.salon-zenetbio.com\/lyon\/federation-francaise-de-naturisme\/"]}]},{"@type":"ImageObject","inLanguage":"fr-FR","@id":"https:\/\/www.salon-zenetbio.com\/lyon\/federation-francaise-de-naturisme\/#primaryimage","url":"https:\/\/www.salon-zenetbio.com\/lyon\/wp-content\/uploads\/sites\/12\/2023\/11\/1699469839-file2-Salon-Zen-Bio-2022-Logo-FFN.jpg","contentUrl":"https:\/\/www.salon-zenetbio.com\/lyon\/wp-content\/uploads\/sites\/12\/2023\/11\/1699469839-file2-Salon-Zen-Bio-2022-Logo-FFN.jpg","width":792,"height":245,"caption":"F\u00e9d\u00e9ration Fran\u00e7aise de Naturisme - association"},{"@type":"BreadcrumbList","@id":"https:\/\/www.salon-zenetbio.com\/lyon\/federation-francaise-de-naturisme\/#breadcrumb","itemListElement":[{"@type":"ListItem","position":1,"name":"Accueil","item":"http:\/\/www.salon-zenetbio.com\/lyon\/"},{"@type":"ListItem","position":2,"name":"F\u00e9d\u00e9ration Fran\u00e7aise de Naturisme"}]},{"@type":"WebSite","@id":"http:\/\/www.salon-zenetbio.com\/lyon\/#website","url":"http:\/\/www.salon-zenetbio.com\/lyon\/","name":"Salon Zen&amp;Bio Lyon","description":"salon Zen&amp;Bio Lyon : votre salon \u00e9colo, bio, bien-\u00eatre et habitat sain","publisher":{"@id":"http:\/\/www.salon-zenetbio.com\/lyon\/#organization"},"potentialAction":[{"@type":"SearchAction","target":{"@type":"EntryPoint","urlTemplate":"http:\/\/www.salon-zenetbio.com\/lyon\/?s={search_term_string}"},"query-input":{"@type":"PropertyValueSpecification","valueRequired":true,"valueName":"search_term_string"}}],"inLanguage":"fr-FR"},{"@type":"Organization","@id":"http:\/\/www.salon-zenetbio.com\/lyon\/#organization","name":"Salon Zen&amp;Bio Lyon","url":"http:\/\/www.salon-zenetbio.com\/lyon\/","logo":{"@type":"ImageObject","inLanguage":"fr-FR","@id":"http:\/\/www.salon-zenetbio.com\/lyon\/#\/schema\/logo\/image\/","url":"https:\/\/www.salon-zenetbio.com\/lyon\/wp-content\/uploads\/sites\/12\/2026\/03\/cropped-Logo-ZEN-et-BIO-lyon-2026-1.png","contentUrl":"https:\/\/www.salon-zenetbio.com\/lyon\/wp-content\/uploads\/sites\/12\/2026\/03\/cropped-Logo-ZEN-et-BIO-lyon-2026-1.png","width":921,"height":255,"caption":"Salon Zen&amp;Bio Lyon"},"image":{"@id":"http:\/\/www.salon-zenetbio.com\/lyon\/#\/schema\/logo\/image\/"}},{"@type":"Person","@id":"http:\/\/www.salon-zenetbio.com\/lyon\/#\/schema\/person\/ae137e79c551ab78ea22fb35759cb9f8","name":"communication","image":{"@type":"ImageObject","inLanguage":"fr-FR","@id":"https:\/\/secure.gravatar.com\/avatar\/0f49d5b7ab56355ffa797b3ce25e4f2375cedf6bc9afe416fe669342c3524275?s=96&d=mm&r=g","url":"https:\/\/secure.gravatar.com\/avatar\/0f49d5b7ab56355ffa797b3ce25e4f2375cedf6bc9afe416fe669342c3524275?s=96&d=mm&r=g","contentUrl":"https:\/\/secure.gravatar.com\/avatar\/0f49d5b7ab56355ffa797b3ce25e4f2375cedf6bc9afe416fe669342c3524275?s=96&d=mm&r=g","caption":"communication"},"url":"https:\/\/www.salon-zenetbio.com\/lyon\/author\/communication\/"}]}},"jetpack_featured_media_url":"https:\/\/www.salon-zenetbio.com\/lyon\/wp-content\/uploads\/sites\/12\/2023\/11\/1699469839-file2-Salon-Zen-Bio-2022-Logo-FFN.jpg","_links":{"self":[{"href":"https:\/\/www.salon-zenetbio.com\/lyon\/wp-json\/wp\/v2\/posts\/10397","targetHints":{"allow":["GET"]}}],"collection":[{"href":"https:\/\/www.salon-zenetbio.com\/lyon\/wp-json\/wp\/v2\/posts"}],"about":[{"href":"https:\/\/www.salon-zenetbio.com\/lyon\/wp-json\/wp\/v2\/types\/post"}],"author":[{"embeddable":true,"href":"https:\/\/www.salon-zenetbio.com\/lyon\/wp-json\/wp\/v2\/users\/6"}],"replies":[{"embeddable":true,"href":"https:\/\/www.salon-zenetbio.com\/lyon\/wp-json\/wp\/v2\/comments?post=10397"}],"version-history":[{"count":2,"href":"https:\/\/www.salon-zenetbio.com\/lyon\/wp-json\/wp\/v2\/posts\/10397\/revisions"}],"predecessor-version":[{"id":10401,"href":"https:\/\/www.salon-zenetbio.com\/lyon\/wp-json\/wp\/v2\/posts\/10397\/revisions\/10401"}],"wp:featuredmedia":[{"embeddable":true,"href":"https:\/\/www.salon-zenetbio.com\/lyon\/wp-json\/wp\/v2\/media\/10398"}],"wp:attachment":[{"href":"https:\/\/www.salon-zenetbio.com\/lyon\/wp-json\/wp\/v2\/media?parent=10397"}],"wp:term":[{"taxonomy":"category","embeddable":true,"href":"https:\/\/www.salon-zenetbio.com\/lyon\/wp-json\/wp\/v2\/categories?post=10397"},{"taxonomy":"post_tag","embeddable":true,"href":"https:\/\/www.salon-zenetbio.com\/lyon\/wp-json\/wp\/v2\/tags?post=10397"}],"curies":[{"name":"wp","href":"https:\/\/api.w.org\/{rel}","templated":true}]}}