{"id":10515,"date":"2023-11-10T12:01:18","date_gmt":"2023-11-10T11:01:18","guid":{"rendered":"https:\/\/www.salon-zenetbio.com\/lyon\/?p=10515"},"modified":"2023-11-10T12:01:18","modified_gmt":"2023-11-10T11:01:18","slug":"neuro-feedback","status":"publish","type":"post","link":"https:\/\/www.salon-zenetbio.com\/lyon\/neuro-feedback\/","title":{"rendered":"Neuro-Feedback"},"content":{"rendered":"<h2>Pr\u00e9sentez-vous en quelques mots<\/h2>\n<p><img decoding=\"async\" class=\"wp-image-10516 alignleft\" src=\"https:\/\/www.salon-zenetbio.com\/lyon\/wp-content\/uploads\/sites\/12\/2023\/11\/1699549522-file1-Capture-decran-2023-11-09-a-14.02.19-278x300.png\" alt=\"Neuro-Feedback - parcours\" width=\"208\" height=\"224\" srcset=\"https:\/\/www.salon-zenetbio.com\/lyon\/wp-content\/uploads\/sites\/12\/2023\/11\/1699549522-file1-Capture-decran-2023-11-09-a-14.02.19-278x300.png 278w, https:\/\/www.salon-zenetbio.com\/lyon\/wp-content\/uploads\/sites\/12\/2023\/11\/1699549522-file1-Capture-decran-2023-11-09-a-14.02.19-150x162.png 150w, https:\/\/www.salon-zenetbio.com\/lyon\/wp-content\/uploads\/sites\/12\/2023\/11\/1699549522-file1-Capture-decran-2023-11-09-a-14.02.19-463x500.png 463w, https:\/\/www.salon-zenetbio.com\/lyon\/wp-content\/uploads\/sites\/12\/2023\/11\/1699549522-file1-Capture-decran-2023-11-09-a-14.02.19.png 660w\" sizes=\"(max-width: 208px) 100vw, 208px\" \/><\/p>\n<p><span id=\"p0\">Mon parcours a commenc\u00e9 avec une formation en Sensitive\u00a0<span id=\"23\">Gestalt<\/span>\u00a0Massage en\u00a01997,\u00a0suivie par un\u00a0<span id=\"24\">D.U.<\/span>\u00a0de psychoth\u00e9rapie int\u00e9grative option gestaltth\u00e9rapie\u00a0de 1998 \u00e0 2003.<\/span><\/p>\n<p><span id=\"p1\">Tout en poursuivant un long parcours psychanalytique accompagn\u00e9 des s\u00e9minaires de l\u2019\u00e9cole de la Cause Freudienne de Lyon, j\u2019ai \u00e9t\u00e9 amen\u00e9 progressivement \u00e0 recevoir des analysants.<\/span><span id=\"p2\">\u00a0Si la psychanalyse dite classique est pour moi un fondement de ma pratique ;<\/span><span id=\"p55\">\u00a0au fil des ann\u00e9es et des demandes, l&rsquo;approche int\u00e9grative d&rsquo;inspiration psychanalytique a pris forme, c\u2019est-\u00e0-dire qu\u2019elle s\u2019adapte \u00e0 la n\u00e9cessit\u00e9 et \u00e0 la diversit\u00e9 de ceux qui me sollicitent.<\/span><\/p>\n<p><span id=\"p4\">Ainsi, j&rsquo;ai d\u00e9couvert il y a 13 ans\u00a0<span id=\"45\" class=\"s-rg\">NeurOptimal<sup>\u00ae<\/sup><\/span><span id=\"46\" class=\"s-bl\">\u00a0.<\/span><\/span><span id=\"p56\"> Cette technologie issue des neurosciences, analysant les fr\u00e9quences \u00e9lectriques et hertziennes du cerveau de fa\u00e7on dynamique et non-lin\u00e9aire.<\/span><span id=\"p57\">\u00a0Cette technique non-invasive, naturelle, est respectueuse de l&rsquo;\u00eatre humain.<\/span><span id=\"p7\">\u00a0Ce syst\u00e8me n\u2019impose aucun\u00a0sch\u00e9ma, mais\u00a0d\u00e9tecte chaque fluctuation, changement et variation de l\u2019activit\u00e9 neuronale afin que le cerveau\u00a0<span id=\"51\">s\u2019auto-<\/span>r\u00e9gule,\u00a0<span id=\"52\">s&rsquo;auto-<\/span>r\u00e9g\u00e9n\u00e8re.<\/span><span id=\"p8\">\u00a0<span id=\"53\">NeurOptimal<sup>\u00ae<\/sup><\/span>\u00a0permet ainsi une auto stabilisation du syst\u00e8me nerveux central et une auto r\u00e9organisation de l\u2019activit\u00e9 c\u00e9r\u00e9brale permettant au cerveau de\u00a0<span id=\"54\">s&rsquo;auto-<\/span>fluidifier augmentant ses possibilit\u00e9s de r\u00e9silience.<\/span><\/p>\n<p><span id=\"p10\">Certains patients, souffrant de burn-out et de manque de confiance en soi, m&rsquo;ont amen\u00e9 \u00e0 int\u00e9grer\u00a0<span id=\"28\" class=\"s-rg\">NeurOptimal<sup>\u00ae<\/sup><\/span>\u00a0\u00e0 la <a href=\"https:\/\/www.psy-lyon.org\/#accueil\" target=\"_blank\" rel=\"noopener\">psychoth\u00e9rapie<\/a> ;<\/span><span id=\"p58\">\u00a0cela a permis d\u2019am\u00e9liorer leur bien-\u00eatre et d\u2019optimiser leurs capacit\u00e9s r\u00e9flexives.<\/span><span id=\"p12\">\u00a0L&rsquo;association de\u00a0<span id=\"30\" class=\"s-rg\">NeurOptimal<sup>\u00ae<\/sup><\/span>\u00a0a \u00e9t\u00e9 une v\u00e9ritable r\u00e9v\u00e9lation.<\/span><span id=\"p13\">\u00a0L&rsquo;entra\u00eenement, la d\u00e9tente, la m\u00e9diation que permet\u00a0<span id=\"32\" class=\"s-rg\">NeurOptimal<sup>\u00ae<\/sup><\/span>\u00a0<span id=\"33\" class=\"s-ve\">est<\/span>\u00a0un plus pour le quotidien de chacune et chacun\u00a0<span id=\"p9\">(avec ou sans psychoth\u00e9rapie)<\/span>.<\/span><span id=\"p59\">\u00a0L&rsquo;important, n&rsquo;est-il pas d&rsquo;aller mieux et de faire de sa vie un chemin plus fluide et dynamique ?<\/span><\/p>\n<p><span id=\"p60\">Aujourd&rsquo;hui,\u00a0<span id=\"61\" class=\"s-rg\">NeurOptimal<sup>\u00ae<\/sup><\/span>\u00a0s&rsquo;int\u00e8gre \u00e0 beaucoup de domaines :<\/span><span id=\"p16\">\u00a0les sportifs l&rsquo;utilisent afin d&rsquo;optimiser leurs performances ;<\/span><span id=\"p17\">\u00a0des entreprises proposent\u00a0<span id=\"37\" class=\"s-rg\">NeurOptimal<sup>\u00ae<\/sup><\/span>\u00a0\u00e0 leurs employ\u00e9s pour qu&rsquo;ils se d\u00e9tendent et am\u00e9liorent leur mieux-\u00eatre au travail ainsi que leur potentiel relationnel.<\/span><span id=\"p18\">\u00a0Avec Cora, l&rsquo;une de mes collaboratrices, nous avons mis au point un protocole adapt\u00e9 aux s\u00e9ances de massage\u00a0ayurv\u00e9dique,\u00a0<span id=\"39\" class=\"s-rg\">s-g-m<\/span>\u00a0et yoga.<\/span><\/p>\n<p><img decoding=\"async\" class=\"wp-image-10517 alignleft\" src=\"https:\/\/www.salon-zenetbio.com\/lyon\/wp-content\/uploads\/sites\/12\/2023\/11\/1699549522-file2-Passfoto-3-205x300.jpg\" alt=\"Neuro-Feedback - Maryline\" width=\"138\" height=\"202\" srcset=\"https:\/\/www.salon-zenetbio.com\/lyon\/wp-content\/uploads\/sites\/12\/2023\/11\/1699549522-file2-Passfoto-3-205x300.jpg 205w, https:\/\/www.salon-zenetbio.com\/lyon\/wp-content\/uploads\/sites\/12\/2023\/11\/1699549522-file2-Passfoto-3-150x220.jpg 150w, https:\/\/www.salon-zenetbio.com\/lyon\/wp-content\/uploads\/sites\/12\/2023\/11\/1699549522-file2-Passfoto-3-341x500.jpg 341w, https:\/\/www.salon-zenetbio.com\/lyon\/wp-content\/uploads\/sites\/12\/2023\/11\/1699549522-file2-Passfoto-3.jpg 450w\" sizes=\"(max-width: 138px) 100vw, 138px\" \/><\/p>\n<p>&nbsp;<\/p>\n<p><span id=\"p62\">Maryline quant \u00e0 elle, l\u2019a au d\u00e9part utilis\u00e9 pour aider son jeune enfant souffrant d\u2019hyperactivit\u00e9, puis a mis son exp\u00e9rience au service d\u2019autres familles dans des difficult\u00e9s similaires.<\/span><span id=\"p20\">\u00a0Depuis des parents\u00a0<span id=\"41\" class=\"s-rg\">permettent<\/span>\u00a0\u00e0 leurs enfants ayant des probl\u00e9matiques de concentration, TDAH, d&rsquo;am\u00e9liorer leur quotidien relationnel, scolaire par une augmentation de leur confiance en eux et une augmentation de leur r\u00e9silience.<\/span><\/p>\n<p>&nbsp;<\/p>\n<p>&nbsp;<\/p>\n<p><span id=\"p21\">Plus\u00a0simplement, les\u00a0s\u00e9ances de\u00a0<span id=\"43\" class=\"s-rg\">NeurOptimal<\/span>\u00a0permettent \u00e0 tout un chacun d\u2019exp\u00e9rimenter une r\u00e9g\u00e9n\u00e9ration, une d\u00e9tente, un gain d\u2019\u00e9nergie.<\/span><span id=\"p22\">\u00a0Ceci entra\u00eene souvent la r\u00e9silience voire la r\u00e9solution naturelle de probl\u00e9matiques quotidiennes gr\u00e2ce \u00e0 l\u2019augmentation du tonus psychique engendr\u00e9.<\/span><\/p>\n<h2>Que propose Neuro-Feedback sur le salon ?<\/h2>\n<p>Nous vous proposons de venir au STAND A18 faire l&rsquo;exp\u00e9rience (gratuitement) d&rsquo;une s\u00e9ance d\u00e9monstration de Neurofeedback NeurOptimal<sup>\u00ae<\/sup>.<\/p>\n<p>Conf\u00e9rence Samedi 18 novembre \u00e0 17h. Eurexpo Salon Croix-Rousse<br \/>\nNeurOptimal\u00ae : fonctionnement &#8211; Ethique &amp; retour d&rsquo;exp\u00e9rience.<br \/>\nPr\u00e9sentation : Roger Thoumine &amp; Maryline Coignard<\/p>\n<h2>Parlez-nous de votre relation avec le salon<\/h2>\n<p>C&rsquo;est une premi\u00e8re exp\u00e9rience. Nous avons appr\u00e9ci\u00e9 l&rsquo;\u00e9quipe organisatrice et la fluidit\u00e9 des relations toujours tr\u00e8s agr\u00e9able.<\/p>\n<h2>Quelle est votre devise ?<\/h2>\n<p>\u00ab\u00a0Accepte ce qui est, laisse aller ce qui \u00e9tait, aie confiance en ce qui sera.\u00a0\u00bb<br \/>\nBouddha<\/p>\n<p><em><a href=\"https:\/\/www.salon-zenetbio.com\/lyon\/visiter\/liste-des-exposants\/\" target=\"_blank\" rel=\"noopener\">Consultez la liste des exposants<\/a><\/em><\/p>\n","protected":false},"excerpt":{"rendered":"<p>Pr\u00e9sentez-vous en quelques mots Mon parcours a commenc\u00e9 avec une formation en Sensitive\u00a0Gestalt\u00a0Massage en\u00a01997,\u00a0suivie par un\u00a0D.U.\u00a0de psychoth\u00e9rapie int\u00e9grative option gestaltth\u00e9rapie\u00a0de 1998 \u00e0 2003. Tout en poursuivant un long parcours psychanalytique accompagn\u00e9 des s\u00e9minaires de l\u2019\u00e9cole de la Cause Freudienne de Lyon, j\u2019ai \u00e9t\u00e9 amen\u00e9 progressivement \u00e0 recevoir des analysants.\u00a0Si la psychanalyse dite classique est pour&hellip; <\/p>\n","protected":false},"author":6,"featured_media":10516,"comment_status":"open","ping_status":"open","sticky":false,"template":"","format":"standard","meta":{"_monsterinsights_skip_tracking":false,"_monsterinsights_sitenote_active":false,"_monsterinsights_sitenote_note":"","_monsterinsights_sitenote_category":0,"footnotes":""},"categories":[358],"tags":[],"class_list":["post-10515","post","type-post","status-publish","format-standard","has-post-thumbnail","hentry","category-portraits-exposants"],"yoast_head":"<!-- This site is optimized with the Yoast SEO plugin v27.3 - https:\/\/yoast.com\/product\/yoast-seo-wordpress\/ -->\n<title>Neuro-Feedback - Salon Zen&amp;Bio Lyon<\/title>\n<meta name=\"description\" content=\"Venez d\u00e9couvrir ou red\u00e9couvrir Neuro-Feedback lors du salon Zen et Bio Lyon du 17 au 19 novembre 2023 !\" \/>\n<meta name=\"robots\" content=\"index, follow, max-snippet:-1, max-image-preview:large, max-video-preview:-1\" \/>\n<link rel=\"canonical\" href=\"https:\/\/www.salon-zenetbio.com\/lyon\/neuro-feedback\/\" \/>\n<meta property=\"og:locale\" content=\"fr_FR\" \/>\n<meta property=\"og:type\" content=\"article\" \/>\n<meta property=\"og:title\" content=\"Neuro-Feedback - Salon Zen&amp;Bio Lyon\" \/>\n<meta property=\"og:description\" content=\"Venez d\u00e9couvrir ou red\u00e9couvrir Neuro-Feedback lors du salon Zen et Bio Lyon du 17 au 19 novembre 2023 !\" \/>\n<meta property=\"og:url\" content=\"https:\/\/www.salon-zenetbio.com\/lyon\/neuro-feedback\/\" \/>\n<meta property=\"og:site_name\" content=\"Salon Zen&amp;Bio Lyon\" \/>\n<meta property=\"article:published_time\" content=\"2023-11-10T11:01:18+00:00\" \/>\n<meta property=\"og:image\" content=\"https:\/\/www.salon-zenetbio.com\/lyon\/wp-content\/uploads\/sites\/12\/2023\/11\/1699549522-file1-Capture-decran-2023-11-09-a-14.02.19.png\" \/>\n\t<meta property=\"og:image:width\" content=\"660\" \/>\n\t<meta property=\"og:image:height\" content=\"712\" \/>\n\t<meta property=\"og:image:type\" content=\"image\/png\" \/>\n<meta name=\"author\" content=\"communication\" \/>\n<meta name=\"twitter:card\" content=\"summary_large_image\" \/>\n<meta name=\"twitter:label1\" content=\"\u00c9crit par\" \/>\n\t<meta name=\"twitter:data1\" content=\"communication\" \/>\n\t<meta name=\"twitter:label2\" content=\"Dur\u00e9e de lecture estim\u00e9e\" \/>\n\t<meta name=\"twitter:data2\" content=\"4 minutes\" \/>\n<script type=\"application\/ld+json\" class=\"yoast-schema-graph\">{\"@context\":\"https:\\\/\\\/schema.org\",\"@graph\":[{\"@type\":\"Article\",\"@id\":\"https:\\\/\\\/www.salon-zenetbio.com\\\/lyon\\\/neuro-feedback\\\/#article\",\"isPartOf\":{\"@id\":\"https:\\\/\\\/www.salon-zenetbio.com\\\/lyon\\\/neuro-feedback\\\/\"},\"author\":{\"name\":\"communication\",\"@id\":\"http:\\\/\\\/www.salon-zenetbio.com\\\/lyon\\\/#\\\/schema\\\/person\\\/ae137e79c551ab78ea22fb35759cb9f8\"},\"headline\":\"Neuro-Feedback\",\"datePublished\":\"2023-11-10T11:01:18+00:00\",\"mainEntityOfPage\":{\"@id\":\"https:\\\/\\\/www.salon-zenetbio.com\\\/lyon\\\/neuro-feedback\\\/\"},\"wordCount\":612,\"commentCount\":0,\"publisher\":{\"@id\":\"http:\\\/\\\/www.salon-zenetbio.com\\\/lyon\\\/#organization\"},\"image\":{\"@id\":\"https:\\\/\\\/www.salon-zenetbio.com\\\/lyon\\\/neuro-feedback\\\/#primaryimage\"},\"thumbnailUrl\":\"https:\\\/\\\/www.salon-zenetbio.com\\\/lyon\\\/wp-content\\\/uploads\\\/sites\\\/12\\\/2023\\\/11\\\/1699549522-file1-Capture-decran-2023-11-09-a-14.02.19.png\",\"articleSection\":[\"portraits exposants\"],\"inLanguage\":\"fr-FR\",\"potentialAction\":[{\"@type\":\"CommentAction\",\"name\":\"Comment\",\"target\":[\"https:\\\/\\\/www.salon-zenetbio.com\\\/lyon\\\/neuro-feedback\\\/#respond\"]}]},{\"@type\":\"WebPage\",\"@id\":\"https:\\\/\\\/www.salon-zenetbio.com\\\/lyon\\\/neuro-feedback\\\/\",\"url\":\"https:\\\/\\\/www.salon-zenetbio.com\\\/lyon\\\/neuro-feedback\\\/\",\"name\":\"Neuro-Feedback - Salon Zen&amp;Bio Lyon\",\"isPartOf\":{\"@id\":\"http:\\\/\\\/www.salon-zenetbio.com\\\/lyon\\\/#website\"},\"primaryImageOfPage\":{\"@id\":\"https:\\\/\\\/www.salon-zenetbio.com\\\/lyon\\\/neuro-feedback\\\/#primaryimage\"},\"image\":{\"@id\":\"https:\\\/\\\/www.salon-zenetbio.com\\\/lyon\\\/neuro-feedback\\\/#primaryimage\"},\"thumbnailUrl\":\"https:\\\/\\\/www.salon-zenetbio.com\\\/lyon\\\/wp-content\\\/uploads\\\/sites\\\/12\\\/2023\\\/11\\\/1699549522-file1-Capture-decran-2023-11-09-a-14.02.19.png\",\"datePublished\":\"2023-11-10T11:01:18+00:00\",\"description\":\"Venez d\u00e9couvrir ou red\u00e9couvrir Neuro-Feedback lors du salon Zen et Bio Lyon du 17 au 19 novembre 2023 !\",\"breadcrumb\":{\"@id\":\"https:\\\/\\\/www.salon-zenetbio.com\\\/lyon\\\/neuro-feedback\\\/#breadcrumb\"},\"inLanguage\":\"fr-FR\",\"potentialAction\":[{\"@type\":\"ReadAction\",\"target\":[\"https:\\\/\\\/www.salon-zenetbio.com\\\/lyon\\\/neuro-feedback\\\/\"]}]},{\"@type\":\"ImageObject\",\"inLanguage\":\"fr-FR\",\"@id\":\"https:\\\/\\\/www.salon-zenetbio.com\\\/lyon\\\/neuro-feedback\\\/#primaryimage\",\"url\":\"https:\\\/\\\/www.salon-zenetbio.com\\\/lyon\\\/wp-content\\\/uploads\\\/sites\\\/12\\\/2023\\\/11\\\/1699549522-file1-Capture-decran-2023-11-09-a-14.02.19.png\",\"contentUrl\":\"https:\\\/\\\/www.salon-zenetbio.com\\\/lyon\\\/wp-content\\\/uploads\\\/sites\\\/12\\\/2023\\\/11\\\/1699549522-file1-Capture-decran-2023-11-09-a-14.02.19.png\",\"width\":660,\"height\":712,\"caption\":\"Neuro-Feedback - parcours\"},{\"@type\":\"BreadcrumbList\",\"@id\":\"https:\\\/\\\/www.salon-zenetbio.com\\\/lyon\\\/neuro-feedback\\\/#breadcrumb\",\"itemListElement\":[{\"@type\":\"ListItem\",\"position\":1,\"name\":\"Accueil\",\"item\":\"http:\\\/\\\/www.salon-zenetbio.com\\\/lyon\\\/\"},{\"@type\":\"ListItem\",\"position\":2,\"name\":\"Neuro-Feedback\"}]},{\"@type\":\"WebSite\",\"@id\":\"http:\\\/\\\/www.salon-zenetbio.com\\\/lyon\\\/#website\",\"url\":\"http:\\\/\\\/www.salon-zenetbio.com\\\/lyon\\\/\",\"name\":\"Salon Zen&amp;Bio Lyon\",\"description\":\"salon Zen&amp;Bio Lyon : votre salon \u00e9colo, bio, bien-\u00eatre et habitat sain\",\"publisher\":{\"@id\":\"http:\\\/\\\/www.salon-zenetbio.com\\\/lyon\\\/#organization\"},\"potentialAction\":[{\"@type\":\"SearchAction\",\"target\":{\"@type\":\"EntryPoint\",\"urlTemplate\":\"http:\\\/\\\/www.salon-zenetbio.com\\\/lyon\\\/?s={search_term_string}\"},\"query-input\":{\"@type\":\"PropertyValueSpecification\",\"valueRequired\":true,\"valueName\":\"search_term_string\"}}],\"inLanguage\":\"fr-FR\"},{\"@type\":\"Organization\",\"@id\":\"http:\\\/\\\/www.salon-zenetbio.com\\\/lyon\\\/#organization\",\"name\":\"Salon Zen&amp;Bio Lyon\",\"url\":\"http:\\\/\\\/www.salon-zenetbio.com\\\/lyon\\\/\",\"logo\":{\"@type\":\"ImageObject\",\"inLanguage\":\"fr-FR\",\"@id\":\"http:\\\/\\\/www.salon-zenetbio.com\\\/lyon\\\/#\\\/schema\\\/logo\\\/image\\\/\",\"url\":\"https:\\\/\\\/www.salon-zenetbio.com\\\/lyon\\\/wp-content\\\/uploads\\\/sites\\\/12\\\/2026\\\/03\\\/cropped-Logo-ZEN-et-BIO-lyon-2026-1.png\",\"contentUrl\":\"https:\\\/\\\/www.salon-zenetbio.com\\\/lyon\\\/wp-content\\\/uploads\\\/sites\\\/12\\\/2026\\\/03\\\/cropped-Logo-ZEN-et-BIO-lyon-2026-1.png\",\"width\":921,\"height\":255,\"caption\":\"Salon Zen&amp;Bio Lyon\"},\"image\":{\"@id\":\"http:\\\/\\\/www.salon-zenetbio.com\\\/lyon\\\/#\\\/schema\\\/logo\\\/image\\\/\"}},{\"@type\":\"Person\",\"@id\":\"http:\\\/\\\/www.salon-zenetbio.com\\\/lyon\\\/#\\\/schema\\\/person\\\/ae137e79c551ab78ea22fb35759cb9f8\",\"name\":\"communication\",\"image\":{\"@type\":\"ImageObject\",\"inLanguage\":\"fr-FR\",\"@id\":\"https:\\\/\\\/secure.gravatar.com\\\/avatar\\\/0f49d5b7ab56355ffa797b3ce25e4f2375cedf6bc9afe416fe669342c3524275?s=96&d=mm&r=g\",\"url\":\"https:\\\/\\\/secure.gravatar.com\\\/avatar\\\/0f49d5b7ab56355ffa797b3ce25e4f2375cedf6bc9afe416fe669342c3524275?s=96&d=mm&r=g\",\"contentUrl\":\"https:\\\/\\\/secure.gravatar.com\\\/avatar\\\/0f49d5b7ab56355ffa797b3ce25e4f2375cedf6bc9afe416fe669342c3524275?s=96&d=mm&r=g\",\"caption\":\"communication\"},\"url\":\"https:\\\/\\\/www.salon-zenetbio.com\\\/lyon\\\/author\\\/communication\\\/\"}]}<\/script>\n<!-- \/ Yoast SEO plugin. -->","yoast_head_json":{"title":"Neuro-Feedback - Salon Zen&amp;Bio Lyon","description":"Venez d\u00e9couvrir ou red\u00e9couvrir Neuro-Feedback lors du salon Zen et Bio Lyon du 17 au 19 novembre 2023 !","robots":{"index":"index","follow":"follow","max-snippet":"max-snippet:-1","max-image-preview":"max-image-preview:large","max-video-preview":"max-video-preview:-1"},"canonical":"https:\/\/www.salon-zenetbio.com\/lyon\/neuro-feedback\/","og_locale":"fr_FR","og_type":"article","og_title":"Neuro-Feedback - Salon Zen&amp;Bio Lyon","og_description":"Venez d\u00e9couvrir ou red\u00e9couvrir Neuro-Feedback lors du salon Zen et Bio Lyon du 17 au 19 novembre 2023 !","og_url":"https:\/\/www.salon-zenetbio.com\/lyon\/neuro-feedback\/","og_site_name":"Salon Zen&amp;Bio Lyon","article_published_time":"2023-11-10T11:01:18+00:00","og_image":[{"width":660,"height":712,"url":"https:\/\/www.salon-zenetbio.com\/lyon\/wp-content\/uploads\/sites\/12\/2023\/11\/1699549522-file1-Capture-decran-2023-11-09-a-14.02.19.png","type":"image\/png"}],"author":"communication","twitter_card":"summary_large_image","twitter_misc":{"\u00c9crit par":"communication","Dur\u00e9e de lecture estim\u00e9e":"4 minutes"},"schema":{"@context":"https:\/\/schema.org","@graph":[{"@type":"Article","@id":"https:\/\/www.salon-zenetbio.com\/lyon\/neuro-feedback\/#article","isPartOf":{"@id":"https:\/\/www.salon-zenetbio.com\/lyon\/neuro-feedback\/"},"author":{"name":"communication","@id":"http:\/\/www.salon-zenetbio.com\/lyon\/#\/schema\/person\/ae137e79c551ab78ea22fb35759cb9f8"},"headline":"Neuro-Feedback","datePublished":"2023-11-10T11:01:18+00:00","mainEntityOfPage":{"@id":"https:\/\/www.salon-zenetbio.com\/lyon\/neuro-feedback\/"},"wordCount":612,"commentCount":0,"publisher":{"@id":"http:\/\/www.salon-zenetbio.com\/lyon\/#organization"},"image":{"@id":"https:\/\/www.salon-zenetbio.com\/lyon\/neuro-feedback\/#primaryimage"},"thumbnailUrl":"https:\/\/www.salon-zenetbio.com\/lyon\/wp-content\/uploads\/sites\/12\/2023\/11\/1699549522-file1-Capture-decran-2023-11-09-a-14.02.19.png","articleSection":["portraits exposants"],"inLanguage":"fr-FR","potentialAction":[{"@type":"CommentAction","name":"Comment","target":["https:\/\/www.salon-zenetbio.com\/lyon\/neuro-feedback\/#respond"]}]},{"@type":"WebPage","@id":"https:\/\/www.salon-zenetbio.com\/lyon\/neuro-feedback\/","url":"https:\/\/www.salon-zenetbio.com\/lyon\/neuro-feedback\/","name":"Neuro-Feedback - Salon Zen&amp;Bio Lyon","isPartOf":{"@id":"http:\/\/www.salon-zenetbio.com\/lyon\/#website"},"primaryImageOfPage":{"@id":"https:\/\/www.salon-zenetbio.com\/lyon\/neuro-feedback\/#primaryimage"},"image":{"@id":"https:\/\/www.salon-zenetbio.com\/lyon\/neuro-feedback\/#primaryimage"},"thumbnailUrl":"https:\/\/www.salon-zenetbio.com\/lyon\/wp-content\/uploads\/sites\/12\/2023\/11\/1699549522-file1-Capture-decran-2023-11-09-a-14.02.19.png","datePublished":"2023-11-10T11:01:18+00:00","description":"Venez d\u00e9couvrir ou red\u00e9couvrir Neuro-Feedback lors du salon Zen et Bio Lyon du 17 au 19 novembre 2023 !","breadcrumb":{"@id":"https:\/\/www.salon-zenetbio.com\/lyon\/neuro-feedback\/#breadcrumb"},"inLanguage":"fr-FR","potentialAction":[{"@type":"ReadAction","target":["https:\/\/www.salon-zenetbio.com\/lyon\/neuro-feedback\/"]}]},{"@type":"ImageObject","inLanguage":"fr-FR","@id":"https:\/\/www.salon-zenetbio.com\/lyon\/neuro-feedback\/#primaryimage","url":"https:\/\/www.salon-zenetbio.com\/lyon\/wp-content\/uploads\/sites\/12\/2023\/11\/1699549522-file1-Capture-decran-2023-11-09-a-14.02.19.png","contentUrl":"https:\/\/www.salon-zenetbio.com\/lyon\/wp-content\/uploads\/sites\/12\/2023\/11\/1699549522-file1-Capture-decran-2023-11-09-a-14.02.19.png","width":660,"height":712,"caption":"Neuro-Feedback - parcours"},{"@type":"BreadcrumbList","@id":"https:\/\/www.salon-zenetbio.com\/lyon\/neuro-feedback\/#breadcrumb","itemListElement":[{"@type":"ListItem","position":1,"name":"Accueil","item":"http:\/\/www.salon-zenetbio.com\/lyon\/"},{"@type":"ListItem","position":2,"name":"Neuro-Feedback"}]},{"@type":"WebSite","@id":"http:\/\/www.salon-zenetbio.com\/lyon\/#website","url":"http:\/\/www.salon-zenetbio.com\/lyon\/","name":"Salon Zen&amp;Bio Lyon","description":"salon Zen&amp;Bio Lyon : votre salon \u00e9colo, bio, bien-\u00eatre et habitat sain","publisher":{"@id":"http:\/\/www.salon-zenetbio.com\/lyon\/#organization"},"potentialAction":[{"@type":"SearchAction","target":{"@type":"EntryPoint","urlTemplate":"http:\/\/www.salon-zenetbio.com\/lyon\/?s={search_term_string}"},"query-input":{"@type":"PropertyValueSpecification","valueRequired":true,"valueName":"search_term_string"}}],"inLanguage":"fr-FR"},{"@type":"Organization","@id":"http:\/\/www.salon-zenetbio.com\/lyon\/#organization","name":"Salon Zen&amp;Bio Lyon","url":"http:\/\/www.salon-zenetbio.com\/lyon\/","logo":{"@type":"ImageObject","inLanguage":"fr-FR","@id":"http:\/\/www.salon-zenetbio.com\/lyon\/#\/schema\/logo\/image\/","url":"https:\/\/www.salon-zenetbio.com\/lyon\/wp-content\/uploads\/sites\/12\/2026\/03\/cropped-Logo-ZEN-et-BIO-lyon-2026-1.png","contentUrl":"https:\/\/www.salon-zenetbio.com\/lyon\/wp-content\/uploads\/sites\/12\/2026\/03\/cropped-Logo-ZEN-et-BIO-lyon-2026-1.png","width":921,"height":255,"caption":"Salon Zen&amp;Bio Lyon"},"image":{"@id":"http:\/\/www.salon-zenetbio.com\/lyon\/#\/schema\/logo\/image\/"}},{"@type":"Person","@id":"http:\/\/www.salon-zenetbio.com\/lyon\/#\/schema\/person\/ae137e79c551ab78ea22fb35759cb9f8","name":"communication","image":{"@type":"ImageObject","inLanguage":"fr-FR","@id":"https:\/\/secure.gravatar.com\/avatar\/0f49d5b7ab56355ffa797b3ce25e4f2375cedf6bc9afe416fe669342c3524275?s=96&d=mm&r=g","url":"https:\/\/secure.gravatar.com\/avatar\/0f49d5b7ab56355ffa797b3ce25e4f2375cedf6bc9afe416fe669342c3524275?s=96&d=mm&r=g","contentUrl":"https:\/\/secure.gravatar.com\/avatar\/0f49d5b7ab56355ffa797b3ce25e4f2375cedf6bc9afe416fe669342c3524275?s=96&d=mm&r=g","caption":"communication"},"url":"https:\/\/www.salon-zenetbio.com\/lyon\/author\/communication\/"}]}},"jetpack_featured_media_url":"https:\/\/www.salon-zenetbio.com\/lyon\/wp-content\/uploads\/sites\/12\/2023\/11\/1699549522-file1-Capture-decran-2023-11-09-a-14.02.19.png","_links":{"self":[{"href":"https:\/\/www.salon-zenetbio.com\/lyon\/wp-json\/wp\/v2\/posts\/10515","targetHints":{"allow":["GET"]}}],"collection":[{"href":"https:\/\/www.salon-zenetbio.com\/lyon\/wp-json\/wp\/v2\/posts"}],"about":[{"href":"https:\/\/www.salon-zenetbio.com\/lyon\/wp-json\/wp\/v2\/types\/post"}],"author":[{"embeddable":true,"href":"https:\/\/www.salon-zenetbio.com\/lyon\/wp-json\/wp\/v2\/users\/6"}],"replies":[{"embeddable":true,"href":"https:\/\/www.salon-zenetbio.com\/lyon\/wp-json\/wp\/v2\/comments?post=10515"}],"version-history":[{"count":7,"href":"https:\/\/www.salon-zenetbio.com\/lyon\/wp-json\/wp\/v2\/posts\/10515\/revisions"}],"predecessor-version":[{"id":10532,"href":"https:\/\/www.salon-zenetbio.com\/lyon\/wp-json\/wp\/v2\/posts\/10515\/revisions\/10532"}],"wp:featuredmedia":[{"embeddable":true,"href":"https:\/\/www.salon-zenetbio.com\/lyon\/wp-json\/wp\/v2\/media\/10516"}],"wp:attachment":[{"href":"https:\/\/www.salon-zenetbio.com\/lyon\/wp-json\/wp\/v2\/media?parent=10515"}],"wp:term":[{"taxonomy":"category","embeddable":true,"href":"https:\/\/www.salon-zenetbio.com\/lyon\/wp-json\/wp\/v2\/categories?post=10515"},{"taxonomy":"post_tag","embeddable":true,"href":"https:\/\/www.salon-zenetbio.com\/lyon\/wp-json\/wp\/v2\/tags?post=10515"}],"curies":[{"name":"wp","href":"https:\/\/api.w.org\/{rel}","templated":true}]}}