{"id":10554,"date":"2023-11-15T09:50:10","date_gmt":"2023-11-15T08:50:10","guid":{"rendered":"https:\/\/www.salon-zenetbio.com\/lyon\/?p=10554"},"modified":"2023-11-15T09:50:10","modified_gmt":"2023-11-15T08:50:10","slug":"axelle-borealis-soul-painting","status":"publish","type":"post","link":"https:\/\/www.salon-zenetbio.com\/lyon\/axelle-borealis-soul-painting\/","title":{"rendered":"Axelle Borealis Soul Painting"},"content":{"rendered":"<h2>Pr\u00e9sentez-vous en quelques mots<\/h2>\n<p><img decoding=\"async\" class=\"alignleft wp-image-10557\" src=\"https:\/\/www.salon-zenetbio.com\/lyon\/wp-content\/uploads\/sites\/12\/2023\/11\/1699900667-file2-agendaCarte-Visite-Recto-Axelle-Borealis-copie-300x300.jpg\" alt=\"Axelle Borealis Soul Painting - peintures\" width=\"192\" height=\"192\" srcset=\"https:\/\/www.salon-zenetbio.com\/lyon\/wp-content\/uploads\/sites\/12\/2023\/11\/1699900667-file2-agendaCarte-Visite-Recto-Axelle-Borealis-copie-300x300.jpg 300w, https:\/\/www.salon-zenetbio.com\/lyon\/wp-content\/uploads\/sites\/12\/2023\/11\/1699900667-file2-agendaCarte-Visite-Recto-Axelle-Borealis-copie-150x150.jpg 150w, https:\/\/www.salon-zenetbio.com\/lyon\/wp-content\/uploads\/sites\/12\/2023\/11\/1699900667-file2-agendaCarte-Visite-Recto-Axelle-Borealis-copie-45x45.jpg 45w, https:\/\/www.salon-zenetbio.com\/lyon\/wp-content\/uploads\/sites\/12\/2023\/11\/1699900667-file2-agendaCarte-Visite-Recto-Axelle-Borealis-copie.jpg 468w\" sizes=\"(max-width: 192px) 100vw, 192px\" \/><\/p>\n<p><span id=\"p0\">Axelle\u00a0<span id=\"5\">Bor\u00e9alis<\/span>\u00a0est une artiste visionnaire avec 23 ans d\u2019exp\u00e9riences en peintures vibratoires et m\u00e9diumniques.<\/span><\/p>\n<p><span id=\"p1\"><a href=\"https:\/\/axelleborealis.art\/\" target=\"_blank\" rel=\"noopener\">Le\u00a0<span id=\"6\" class=\"s-rg\">soul<\/span>\u00a0<span id=\"7\" class=\"s-rg\">painting<\/span><\/a>\u00a0est pour elle comme un pont, une porte entre le spirituel et la mati\u00e8re, par le m\u00e9dium de la peinture et du c\u0153ur.<\/span><\/p>\n<p><span id=\"p10\">\u00c0 travers des s\u00e9ances individuelles ou collectives, ses peintures pacifient les m\u00e9moires, mettent en lumi\u00e8re les potentiels, accompagnent \u00e0 la manifestation de l&rsquo;\u00eatre.<\/span><\/p>\n<p><span id=\"p3\">Elle propose une formation et transmet sa m\u00e9thode \u00e0 partir de janvier 2024.<\/span><\/p>\n<h2>Que propose Axelle Borealis Soul Painting\u00a0sur le salon ?<\/h2>\n<p><img fetchpriority=\"high\" decoding=\"async\" class=\"aligncenter wp-image-10556\" src=\"https:\/\/www.salon-zenetbio.com\/lyon\/wp-content\/uploads\/sites\/12\/2023\/11\/1699900667-file1-portrait-e1699978241507.jpg\" alt=\"Axelle Borealis Soul Painting - activit\u00e9\" width=\"347\" height=\"352\" srcset=\"https:\/\/www.salon-zenetbio.com\/lyon\/wp-content\/uploads\/sites\/12\/2023\/11\/1699900667-file1-portrait-e1699978241507.jpg 758w, https:\/\/www.salon-zenetbio.com\/lyon\/wp-content\/uploads\/sites\/12\/2023\/11\/1699900667-file1-portrait-e1699978241507-296x300.jpg 296w, https:\/\/www.salon-zenetbio.com\/lyon\/wp-content\/uploads\/sites\/12\/2023\/11\/1699900667-file1-portrait-e1699978241507-150x152.jpg 150w, https:\/\/www.salon-zenetbio.com\/lyon\/wp-content\/uploads\/sites\/12\/2023\/11\/1699900667-file1-portrait-e1699978241507-493x500.jpg 493w, https:\/\/www.salon-zenetbio.com\/lyon\/wp-content\/uploads\/sites\/12\/2023\/11\/1699900667-file1-portrait-e1699978241507-45x45.jpg 45w\" sizes=\"(max-width: 347px) 100vw, 347px\" \/><\/p>\n<p><span id=\"p17\">Pendant le salon, Axelle\u00a0<span id=\"25\">Bor\u00e9alis<\/span> proposera :<\/span><\/p>\n<ul>\n<li><span id=\"p18\">Des inscriptions \u00e0 la formation \u00ab <span id=\"26\" class=\"s-rg\">Soul<\/span>\u00a0<span id=\"27\" class=\"s-rg\">Painting<\/span>\u00a0<span id=\"28\" class=\"s-bl\">Borealis<sup>\u00ae<\/sup>\u00bb<\/span><\/span><\/li>\n<li><span id=\"p19\">Des m\u00e9ditations guid\u00e9es et connect\u00e9es aux \u0153uvres vibratoires et sacr\u00e9es<\/span><br \/>\n<span id=\"p20\"><\/span><\/li>\n<li><span id=\"p20\">Des peintures de l\u2019\u00e2me collective<\/span><br \/>\n<span id=\"p21\"><\/span><\/li>\n<li><span id=\"p21\">Des \u0153uvres personnalis\u00e9es et du body <span id=\"30\" class=\"s-rg\">painting<\/span><\/span><br \/>\n<span id=\"p22\"><\/span><\/li>\n<li><span id=\"p22\">Une conf\u00e9rence \u00e0 12:00 &#8211; \u00ab La peinture de l\u2019\u00e2me \u00bb, la peinture du souffle de vie :<\/span><span id=\"p23\"> entre d\u00e9veloppement personnel et harmonisation des lieux<\/span><\/li>\n<\/ul>\n<h2>Parlez-nous de votre relation avec le salon<\/h2>\n<p>Pr\u00e9sente sur les salons parisiens SPAS, c&rsquo;est mon premier \u00e0 Lyon !<\/p>\n<h2>Quelle est votre devise ?<\/h2>\n<p>\u00ab\u00a0Le souffle de vie \u00e0 travers la mati\u00e8re est une mani\u00e8re de manifester la vie \u00a0\u00bb Axelle Borealis<\/p>\n<p><em><a href=\"https:\/\/www.salon-zenetbio.com\/lyon\/visiter\/liste-des-exposants\/\" target=\"_blank\" rel=\"noopener\">Consultez la liste des exposants<\/a><\/em><\/p>\n","protected":false},"excerpt":{"rendered":"<p>Pr\u00e9sentez-vous en quelques mots Axelle\u00a0Bor\u00e9alis\u00a0est une artiste visionnaire avec 23 ans d\u2019exp\u00e9riences en peintures vibratoires et m\u00e9diumniques. Le\u00a0soul\u00a0painting\u00a0est pour elle comme un pont, une porte entre le spirituel et la mati\u00e8re, par le m\u00e9dium de la peinture et du c\u0153ur. \u00c0 travers des s\u00e9ances individuelles ou collectives, ses peintures pacifient les m\u00e9moires, mettent en lumi\u00e8re&hellip; <\/p>\n","protected":false},"author":6,"featured_media":10557,"comment_status":"open","ping_status":"open","sticky":false,"template":"","format":"standard","meta":{"_monsterinsights_skip_tracking":false,"_monsterinsights_sitenote_active":false,"_monsterinsights_sitenote_note":"","_monsterinsights_sitenote_category":0,"footnotes":""},"categories":[358],"tags":[],"class_list":["post-10554","post","type-post","status-publish","format-standard","has-post-thumbnail","hentry","category-portraits-exposants"],"yoast_head":"<!-- This site is optimized with the Yoast SEO plugin v27.3 - https:\/\/yoast.com\/product\/yoast-seo-wordpress\/ -->\n<title>Axelle Borealis Soul Painting - Salon Zen&amp;Bio Lyon<\/title>\n<meta name=\"description\" content=\"Venez d\u00e9couvrir ou red\u00e9couvrir Axelle Borealis Soul Painting lors du salon Zen et Bio Lyon du 17 au 19 novembre 2023 !\" \/>\n<meta name=\"robots\" content=\"index, follow, max-snippet:-1, max-image-preview:large, max-video-preview:-1\" \/>\n<link rel=\"canonical\" href=\"https:\/\/www.salon-zenetbio.com\/lyon\/axelle-borealis-soul-painting\/\" \/>\n<meta property=\"og:locale\" content=\"fr_FR\" \/>\n<meta property=\"og:type\" content=\"article\" \/>\n<meta property=\"og:title\" content=\"Axelle Borealis Soul Painting - Salon Zen&amp;Bio Lyon\" \/>\n<meta property=\"og:description\" content=\"Venez d\u00e9couvrir ou red\u00e9couvrir Axelle Borealis Soul Painting lors du salon Zen et Bio Lyon du 17 au 19 novembre 2023 !\" \/>\n<meta property=\"og:url\" content=\"https:\/\/www.salon-zenetbio.com\/lyon\/axelle-borealis-soul-painting\/\" \/>\n<meta property=\"og:site_name\" content=\"Salon Zen&amp;Bio Lyon\" \/>\n<meta property=\"article:published_time\" content=\"2023-11-15T08:50:10+00:00\" \/>\n<meta property=\"og:image\" content=\"https:\/\/www.salon-zenetbio.com\/lyon\/wp-content\/uploads\/sites\/12\/2023\/11\/1699900667-file2-agendaCarte-Visite-Recto-Axelle-Borealis-copie.jpg\" \/>\n\t<meta property=\"og:image:width\" content=\"468\" \/>\n\t<meta property=\"og:image:height\" content=\"468\" \/>\n\t<meta property=\"og:image:type\" content=\"image\/jpeg\" \/>\n<meta name=\"author\" content=\"communication\" \/>\n<meta name=\"twitter:card\" content=\"summary_large_image\" \/>\n<meta name=\"twitter:label1\" content=\"\u00c9crit par\" \/>\n\t<meta name=\"twitter:data1\" content=\"communication\" \/>\n\t<meta name=\"twitter:label2\" content=\"Dur\u00e9e de lecture estim\u00e9e\" \/>\n\t<meta name=\"twitter:data2\" content=\"2 minutes\" \/>\n<script type=\"application\/ld+json\" class=\"yoast-schema-graph\">{\"@context\":\"https:\\\/\\\/schema.org\",\"@graph\":[{\"@type\":\"Article\",\"@id\":\"https:\\\/\\\/www.salon-zenetbio.com\\\/lyon\\\/axelle-borealis-soul-painting\\\/#article\",\"isPartOf\":{\"@id\":\"https:\\\/\\\/www.salon-zenetbio.com\\\/lyon\\\/axelle-borealis-soul-painting\\\/\"},\"author\":{\"name\":\"communication\",\"@id\":\"https:\\\/\\\/www.salon-zenetbio.com\\\/lyon\\\/#\\\/schema\\\/person\\\/ae137e79c551ab78ea22fb35759cb9f8\"},\"headline\":\"Axelle Borealis Soul Painting\",\"datePublished\":\"2023-11-15T08:50:10+00:00\",\"mainEntityOfPage\":{\"@id\":\"https:\\\/\\\/www.salon-zenetbio.com\\\/lyon\\\/axelle-borealis-soul-painting\\\/\"},\"wordCount\":213,\"commentCount\":0,\"publisher\":{\"@id\":\"https:\\\/\\\/www.salon-zenetbio.com\\\/lyon\\\/#organization\"},\"image\":{\"@id\":\"https:\\\/\\\/www.salon-zenetbio.com\\\/lyon\\\/axelle-borealis-soul-painting\\\/#primaryimage\"},\"thumbnailUrl\":\"https:\\\/\\\/www.salon-zenetbio.com\\\/lyon\\\/wp-content\\\/uploads\\\/sites\\\/12\\\/2023\\\/11\\\/1699900667-file2-agendaCarte-Visite-Recto-Axelle-Borealis-copie.jpg\",\"articleSection\":[\"portraits exposants\"],\"inLanguage\":\"fr-FR\",\"potentialAction\":[{\"@type\":\"CommentAction\",\"name\":\"Comment\",\"target\":[\"https:\\\/\\\/www.salon-zenetbio.com\\\/lyon\\\/axelle-borealis-soul-painting\\\/#respond\"]}]},{\"@type\":\"WebPage\",\"@id\":\"https:\\\/\\\/www.salon-zenetbio.com\\\/lyon\\\/axelle-borealis-soul-painting\\\/\",\"url\":\"https:\\\/\\\/www.salon-zenetbio.com\\\/lyon\\\/axelle-borealis-soul-painting\\\/\",\"name\":\"Axelle Borealis Soul Painting - Salon Zen&amp;Bio Lyon\",\"isPartOf\":{\"@id\":\"https:\\\/\\\/www.salon-zenetbio.com\\\/lyon\\\/#website\"},\"primaryImageOfPage\":{\"@id\":\"https:\\\/\\\/www.salon-zenetbio.com\\\/lyon\\\/axelle-borealis-soul-painting\\\/#primaryimage\"},\"image\":{\"@id\":\"https:\\\/\\\/www.salon-zenetbio.com\\\/lyon\\\/axelle-borealis-soul-painting\\\/#primaryimage\"},\"thumbnailUrl\":\"https:\\\/\\\/www.salon-zenetbio.com\\\/lyon\\\/wp-content\\\/uploads\\\/sites\\\/12\\\/2023\\\/11\\\/1699900667-file2-agendaCarte-Visite-Recto-Axelle-Borealis-copie.jpg\",\"datePublished\":\"2023-11-15T08:50:10+00:00\",\"description\":\"Venez d\u00e9couvrir ou red\u00e9couvrir Axelle Borealis Soul Painting lors du salon Zen et Bio Lyon du 17 au 19 novembre 2023 !\",\"breadcrumb\":{\"@id\":\"https:\\\/\\\/www.salon-zenetbio.com\\\/lyon\\\/axelle-borealis-soul-painting\\\/#breadcrumb\"},\"inLanguage\":\"fr-FR\",\"potentialAction\":[{\"@type\":\"ReadAction\",\"target\":[\"https:\\\/\\\/www.salon-zenetbio.com\\\/lyon\\\/axelle-borealis-soul-painting\\\/\"]}]},{\"@type\":\"ImageObject\",\"inLanguage\":\"fr-FR\",\"@id\":\"https:\\\/\\\/www.salon-zenetbio.com\\\/lyon\\\/axelle-borealis-soul-painting\\\/#primaryimage\",\"url\":\"https:\\\/\\\/www.salon-zenetbio.com\\\/lyon\\\/wp-content\\\/uploads\\\/sites\\\/12\\\/2023\\\/11\\\/1699900667-file2-agendaCarte-Visite-Recto-Axelle-Borealis-copie.jpg\",\"contentUrl\":\"https:\\\/\\\/www.salon-zenetbio.com\\\/lyon\\\/wp-content\\\/uploads\\\/sites\\\/12\\\/2023\\\/11\\\/1699900667-file2-agendaCarte-Visite-Recto-Axelle-Borealis-copie.jpg\",\"width\":468,\"height\":468},{\"@type\":\"BreadcrumbList\",\"@id\":\"https:\\\/\\\/www.salon-zenetbio.com\\\/lyon\\\/axelle-borealis-soul-painting\\\/#breadcrumb\",\"itemListElement\":[{\"@type\":\"ListItem\",\"position\":1,\"name\":\"Accueil\",\"item\":\"https:\\\/\\\/www.salon-zenetbio.com\\\/lyon\\\/\"},{\"@type\":\"ListItem\",\"position\":2,\"name\":\"Axelle Borealis Soul Painting\"}]},{\"@type\":\"WebSite\",\"@id\":\"https:\\\/\\\/www.salon-zenetbio.com\\\/lyon\\\/#website\",\"url\":\"https:\\\/\\\/www.salon-zenetbio.com\\\/lyon\\\/\",\"name\":\"Salon Zen&amp;Bio Lyon\",\"description\":\"salon Zen&amp;Bio Lyon : votre salon \u00e9colo, bio, bien-\u00eatre et habitat sain\",\"publisher\":{\"@id\":\"https:\\\/\\\/www.salon-zenetbio.com\\\/lyon\\\/#organization\"},\"potentialAction\":[{\"@type\":\"SearchAction\",\"target\":{\"@type\":\"EntryPoint\",\"urlTemplate\":\"https:\\\/\\\/www.salon-zenetbio.com\\\/lyon\\\/?s={search_term_string}\"},\"query-input\":{\"@type\":\"PropertyValueSpecification\",\"valueRequired\":true,\"valueName\":\"search_term_string\"}}],\"inLanguage\":\"fr-FR\"},{\"@type\":\"Organization\",\"@id\":\"https:\\\/\\\/www.salon-zenetbio.com\\\/lyon\\\/#organization\",\"name\":\"Salon Zen&amp;Bio Lyon\",\"url\":\"https:\\\/\\\/www.salon-zenetbio.com\\\/lyon\\\/\",\"logo\":{\"@type\":\"ImageObject\",\"inLanguage\":\"fr-FR\",\"@id\":\"https:\\\/\\\/www.salon-zenetbio.com\\\/lyon\\\/#\\\/schema\\\/logo\\\/image\\\/\",\"url\":\"https:\\\/\\\/www.salon-zenetbio.com\\\/lyon\\\/wp-content\\\/uploads\\\/sites\\\/12\\\/2026\\\/03\\\/cropped-Logo-ZEN-et-BIO-lyon-2026-1.png\",\"contentUrl\":\"https:\\\/\\\/www.salon-zenetbio.com\\\/lyon\\\/wp-content\\\/uploads\\\/sites\\\/12\\\/2026\\\/03\\\/cropped-Logo-ZEN-et-BIO-lyon-2026-1.png\",\"width\":921,\"height\":255,\"caption\":\"Salon Zen&amp;Bio Lyon\"},\"image\":{\"@id\":\"https:\\\/\\\/www.salon-zenetbio.com\\\/lyon\\\/#\\\/schema\\\/logo\\\/image\\\/\"}},{\"@type\":\"Person\",\"@id\":\"https:\\\/\\\/www.salon-zenetbio.com\\\/lyon\\\/#\\\/schema\\\/person\\\/ae137e79c551ab78ea22fb35759cb9f8\",\"name\":\"communication\",\"image\":{\"@type\":\"ImageObject\",\"inLanguage\":\"fr-FR\",\"@id\":\"https:\\\/\\\/secure.gravatar.com\\\/avatar\\\/0f49d5b7ab56355ffa797b3ce25e4f2375cedf6bc9afe416fe669342c3524275?s=96&d=mm&r=g\",\"url\":\"https:\\\/\\\/secure.gravatar.com\\\/avatar\\\/0f49d5b7ab56355ffa797b3ce25e4f2375cedf6bc9afe416fe669342c3524275?s=96&d=mm&r=g\",\"contentUrl\":\"https:\\\/\\\/secure.gravatar.com\\\/avatar\\\/0f49d5b7ab56355ffa797b3ce25e4f2375cedf6bc9afe416fe669342c3524275?s=96&d=mm&r=g\",\"caption\":\"communication\"},\"url\":\"https:\\\/\\\/www.salon-zenetbio.com\\\/lyon\\\/author\\\/communication\\\/\"}]}<\/script>\n<!-- \/ Yoast SEO plugin. -->","yoast_head_json":{"title":"Axelle Borealis Soul Painting - Salon Zen&amp;Bio Lyon","description":"Venez d\u00e9couvrir ou red\u00e9couvrir Axelle Borealis Soul Painting lors du salon Zen et Bio Lyon du 17 au 19 novembre 2023 !","robots":{"index":"index","follow":"follow","max-snippet":"max-snippet:-1","max-image-preview":"max-image-preview:large","max-video-preview":"max-video-preview:-1"},"canonical":"https:\/\/www.salon-zenetbio.com\/lyon\/axelle-borealis-soul-painting\/","og_locale":"fr_FR","og_type":"article","og_title":"Axelle Borealis Soul Painting - Salon Zen&amp;Bio Lyon","og_description":"Venez d\u00e9couvrir ou red\u00e9couvrir Axelle Borealis Soul Painting lors du salon Zen et Bio Lyon du 17 au 19 novembre 2023 !","og_url":"https:\/\/www.salon-zenetbio.com\/lyon\/axelle-borealis-soul-painting\/","og_site_name":"Salon Zen&amp;Bio Lyon","article_published_time":"2023-11-15T08:50:10+00:00","og_image":[{"width":468,"height":468,"url":"https:\/\/www.salon-zenetbio.com\/lyon\/wp-content\/uploads\/sites\/12\/2023\/11\/1699900667-file2-agendaCarte-Visite-Recto-Axelle-Borealis-copie.jpg","type":"image\/jpeg"}],"author":"communication","twitter_card":"summary_large_image","twitter_misc":{"\u00c9crit par":"communication","Dur\u00e9e de lecture estim\u00e9e":"2 minutes"},"schema":{"@context":"https:\/\/schema.org","@graph":[{"@type":"Article","@id":"https:\/\/www.salon-zenetbio.com\/lyon\/axelle-borealis-soul-painting\/#article","isPartOf":{"@id":"https:\/\/www.salon-zenetbio.com\/lyon\/axelle-borealis-soul-painting\/"},"author":{"name":"communication","@id":"https:\/\/www.salon-zenetbio.com\/lyon\/#\/schema\/person\/ae137e79c551ab78ea22fb35759cb9f8"},"headline":"Axelle Borealis Soul Painting","datePublished":"2023-11-15T08:50:10+00:00","mainEntityOfPage":{"@id":"https:\/\/www.salon-zenetbio.com\/lyon\/axelle-borealis-soul-painting\/"},"wordCount":213,"commentCount":0,"publisher":{"@id":"https:\/\/www.salon-zenetbio.com\/lyon\/#organization"},"image":{"@id":"https:\/\/www.salon-zenetbio.com\/lyon\/axelle-borealis-soul-painting\/#primaryimage"},"thumbnailUrl":"https:\/\/www.salon-zenetbio.com\/lyon\/wp-content\/uploads\/sites\/12\/2023\/11\/1699900667-file2-agendaCarte-Visite-Recto-Axelle-Borealis-copie.jpg","articleSection":["portraits exposants"],"inLanguage":"fr-FR","potentialAction":[{"@type":"CommentAction","name":"Comment","target":["https:\/\/www.salon-zenetbio.com\/lyon\/axelle-borealis-soul-painting\/#respond"]}]},{"@type":"WebPage","@id":"https:\/\/www.salon-zenetbio.com\/lyon\/axelle-borealis-soul-painting\/","url":"https:\/\/www.salon-zenetbio.com\/lyon\/axelle-borealis-soul-painting\/","name":"Axelle Borealis Soul Painting - Salon Zen&amp;Bio Lyon","isPartOf":{"@id":"https:\/\/www.salon-zenetbio.com\/lyon\/#website"},"primaryImageOfPage":{"@id":"https:\/\/www.salon-zenetbio.com\/lyon\/axelle-borealis-soul-painting\/#primaryimage"},"image":{"@id":"https:\/\/www.salon-zenetbio.com\/lyon\/axelle-borealis-soul-painting\/#primaryimage"},"thumbnailUrl":"https:\/\/www.salon-zenetbio.com\/lyon\/wp-content\/uploads\/sites\/12\/2023\/11\/1699900667-file2-agendaCarte-Visite-Recto-Axelle-Borealis-copie.jpg","datePublished":"2023-11-15T08:50:10+00:00","description":"Venez d\u00e9couvrir ou red\u00e9couvrir Axelle Borealis Soul Painting lors du salon Zen et Bio Lyon du 17 au 19 novembre 2023 !","breadcrumb":{"@id":"https:\/\/www.salon-zenetbio.com\/lyon\/axelle-borealis-soul-painting\/#breadcrumb"},"inLanguage":"fr-FR","potentialAction":[{"@type":"ReadAction","target":["https:\/\/www.salon-zenetbio.com\/lyon\/axelle-borealis-soul-painting\/"]}]},{"@type":"ImageObject","inLanguage":"fr-FR","@id":"https:\/\/www.salon-zenetbio.com\/lyon\/axelle-borealis-soul-painting\/#primaryimage","url":"https:\/\/www.salon-zenetbio.com\/lyon\/wp-content\/uploads\/sites\/12\/2023\/11\/1699900667-file2-agendaCarte-Visite-Recto-Axelle-Borealis-copie.jpg","contentUrl":"https:\/\/www.salon-zenetbio.com\/lyon\/wp-content\/uploads\/sites\/12\/2023\/11\/1699900667-file2-agendaCarte-Visite-Recto-Axelle-Borealis-copie.jpg","width":468,"height":468},{"@type":"BreadcrumbList","@id":"https:\/\/www.salon-zenetbio.com\/lyon\/axelle-borealis-soul-painting\/#breadcrumb","itemListElement":[{"@type":"ListItem","position":1,"name":"Accueil","item":"https:\/\/www.salon-zenetbio.com\/lyon\/"},{"@type":"ListItem","position":2,"name":"Axelle Borealis Soul Painting"}]},{"@type":"WebSite","@id":"https:\/\/www.salon-zenetbio.com\/lyon\/#website","url":"https:\/\/www.salon-zenetbio.com\/lyon\/","name":"Salon Zen&amp;Bio Lyon","description":"salon Zen&amp;Bio Lyon : votre salon \u00e9colo, bio, bien-\u00eatre et habitat sain","publisher":{"@id":"https:\/\/www.salon-zenetbio.com\/lyon\/#organization"},"potentialAction":[{"@type":"SearchAction","target":{"@type":"EntryPoint","urlTemplate":"https:\/\/www.salon-zenetbio.com\/lyon\/?s={search_term_string}"},"query-input":{"@type":"PropertyValueSpecification","valueRequired":true,"valueName":"search_term_string"}}],"inLanguage":"fr-FR"},{"@type":"Organization","@id":"https:\/\/www.salon-zenetbio.com\/lyon\/#organization","name":"Salon Zen&amp;Bio Lyon","url":"https:\/\/www.salon-zenetbio.com\/lyon\/","logo":{"@type":"ImageObject","inLanguage":"fr-FR","@id":"https:\/\/www.salon-zenetbio.com\/lyon\/#\/schema\/logo\/image\/","url":"https:\/\/www.salon-zenetbio.com\/lyon\/wp-content\/uploads\/sites\/12\/2026\/03\/cropped-Logo-ZEN-et-BIO-lyon-2026-1.png","contentUrl":"https:\/\/www.salon-zenetbio.com\/lyon\/wp-content\/uploads\/sites\/12\/2026\/03\/cropped-Logo-ZEN-et-BIO-lyon-2026-1.png","width":921,"height":255,"caption":"Salon Zen&amp;Bio Lyon"},"image":{"@id":"https:\/\/www.salon-zenetbio.com\/lyon\/#\/schema\/logo\/image\/"}},{"@type":"Person","@id":"https:\/\/www.salon-zenetbio.com\/lyon\/#\/schema\/person\/ae137e79c551ab78ea22fb35759cb9f8","name":"communication","image":{"@type":"ImageObject","inLanguage":"fr-FR","@id":"https:\/\/secure.gravatar.com\/avatar\/0f49d5b7ab56355ffa797b3ce25e4f2375cedf6bc9afe416fe669342c3524275?s=96&d=mm&r=g","url":"https:\/\/secure.gravatar.com\/avatar\/0f49d5b7ab56355ffa797b3ce25e4f2375cedf6bc9afe416fe669342c3524275?s=96&d=mm&r=g","contentUrl":"https:\/\/secure.gravatar.com\/avatar\/0f49d5b7ab56355ffa797b3ce25e4f2375cedf6bc9afe416fe669342c3524275?s=96&d=mm&r=g","caption":"communication"},"url":"https:\/\/www.salon-zenetbio.com\/lyon\/author\/communication\/"}]}},"jetpack_featured_media_url":"https:\/\/www.salon-zenetbio.com\/lyon\/wp-content\/uploads\/sites\/12\/2023\/11\/1699900667-file2-agendaCarte-Visite-Recto-Axelle-Borealis-copie.jpg","_links":{"self":[{"href":"https:\/\/www.salon-zenetbio.com\/lyon\/wp-json\/wp\/v2\/posts\/10554","targetHints":{"allow":["GET"]}}],"collection":[{"href":"https:\/\/www.salon-zenetbio.com\/lyon\/wp-json\/wp\/v2\/posts"}],"about":[{"href":"https:\/\/www.salon-zenetbio.com\/lyon\/wp-json\/wp\/v2\/types\/post"}],"author":[{"embeddable":true,"href":"https:\/\/www.salon-zenetbio.com\/lyon\/wp-json\/wp\/v2\/users\/6"}],"replies":[{"embeddable":true,"href":"https:\/\/www.salon-zenetbio.com\/lyon\/wp-json\/wp\/v2\/comments?post=10554"}],"version-history":[{"count":4,"href":"https:\/\/www.salon-zenetbio.com\/lyon\/wp-json\/wp\/v2\/posts\/10554\/revisions"}],"predecessor-version":[{"id":10560,"href":"https:\/\/www.salon-zenetbio.com\/lyon\/wp-json\/wp\/v2\/posts\/10554\/revisions\/10560"}],"wp:featuredmedia":[{"embeddable":true,"href":"https:\/\/www.salon-zenetbio.com\/lyon\/wp-json\/wp\/v2\/media\/10557"}],"wp:attachment":[{"href":"https:\/\/www.salon-zenetbio.com\/lyon\/wp-json\/wp\/v2\/media?parent=10554"}],"wp:term":[{"taxonomy":"category","embeddable":true,"href":"https:\/\/www.salon-zenetbio.com\/lyon\/wp-json\/wp\/v2\/categories?post=10554"},{"taxonomy":"post_tag","embeddable":true,"href":"https:\/\/www.salon-zenetbio.com\/lyon\/wp-json\/wp\/v2\/tags?post=10554"}],"curies":[{"name":"wp","href":"https:\/\/api.w.org\/{rel}","templated":true}]}}