{"id":9377,"date":"2022-11-02T12:36:12","date_gmt":"2022-11-02T11:36:12","guid":{"rendered":"https:\/\/www.salon-zenetbio.com\/lyon\/?p=9377"},"modified":"2022-11-10T14:38:00","modified_gmt":"2022-11-10T13:38:00","slug":"o-chalet-des-reves","status":"publish","type":"post","link":"https:\/\/www.salon-zenetbio.com\/lyon\/o-chalet-des-reves\/","title":{"rendered":"\u00d4  Chalet des R\u00eaves"},"content":{"rendered":"<h2>Pr\u00e9sentez-vous en quelques mots<\/h2>\n<p><a href=\"https:\/\/www.ochaletdesreves.fr\/\" target=\"_blank\" rel=\"noopener\">Isabelle Lev\u00e9e-Siour<\/a>, th\u00e9rapeute de l\u2019enfant int\u00e9rieure et facilitatrice d\u2019\u00e9mergence vous accueille \u00ab \u00d4 ! Chalet des R\u00eaves\u2026 \u00bb \u00e0 La F\u00e9claz en Savoie. Un lieu d\u2019\u00e9panouissement cr\u00e9\u00e9 avec son \u00e9poux Jean-Marie pour que vous puissiez prendre du temps pour vous. Cet espace et cet accompagnement favorisent votre reconnexion \u00e0 votre enfant int\u00e9rieur. Votre premi\u00e8re \u00e9tincelle de vie qui conna\u00eet ses r\u00eaves et qui ne demande qu\u2019\u00e0 les r\u00e9aliser avec vous l\u2019adulte d\u2019aujourd\u2019hui.<\/p>\n<p><img fetchpriority=\"high\" decoding=\"async\" class=\"size-medium wp-image-9379 aligncenter\" src=\"https:\/\/www.salon-zenetbio.com\/lyon\/wp-content\/uploads\/sites\/12\/2022\/11\/1667232502-file1-logo-hd_rose-profil-300x191.jpeg\" alt=\"\u00d4 Chalet des R\u00eaves Logo \" width=\"300\" height=\"191\" srcset=\"https:\/\/www.salon-zenetbio.com\/lyon\/wp-content\/uploads\/sites\/12\/2022\/11\/1667232502-file1-logo-hd_rose-profil-300x191.jpeg 300w, https:\/\/www.salon-zenetbio.com\/lyon\/wp-content\/uploads\/sites\/12\/2022\/11\/1667232502-file1-logo-hd_rose-profil-150x95.jpeg 150w, https:\/\/www.salon-zenetbio.com\/lyon\/wp-content\/uploads\/sites\/12\/2022\/11\/1667232502-file1-logo-hd_rose-profil-500x318.jpeg 500w, https:\/\/www.salon-zenetbio.com\/lyon\/wp-content\/uploads\/sites\/12\/2022\/11\/1667232502-file1-logo-hd_rose-profil.jpeg 642w\" sizes=\"(max-width: 300px) 100vw, 300px\" \/><br \/>\nIsabelle vous accompagne en individuel et en groupes \u00e0 cheminer vers votre moi profond v\u00e9ritable et authentique. Afin d&rsquo;incarner votre v\u00e9rit\u00e9 int\u00e9rieure et retrouver toute votre vivance.<br \/>\nSon \u00e9coute, sa sensibilit\u00e9, sa cr\u00e9ativit\u00e9, sa capacit\u00e9 \u00e0 s\u2019adapter, vous permet d\u2019avancer \u00e0 votre rythme et en toute s\u00e9curit\u00e9.<br \/>\nCe processus clean met la personne dans un \u00e9tat de semi-transe appel\u00e9 inconscient cognitif. Pour pouvoir descendre en soi et atteindre la source par le biais du monde de la m\u00e9taphore, de la po\u00e9sie, de la musique, de la danse, du dessin.<br \/>\nLe clean coaching consiste \u00e0 ne vous poser que des questions minimales permettant d\u2019explorer votre espace int\u00e9rieur \u00e0 l\u2019abri de l\u2019interf\u00e9rence des id\u00e9es et des opinions de l\u2019accompagnant qui vous pose les questions.<br \/>\nOn cherche les choses qu\u2019on ne sait pas avec le clean et pas ce que l\u2019on sait d\u00e9j\u00e0. C\u2019est la magie de l\u2019\u00e9mergence.<br \/>\nCette approche clean vous permet de vous connecter plus rapidement \u00e0 votre enfant int\u00e9rieur. Dans sa partie bless\u00e9e voire traumatis\u00e9e et dans sa partie cr\u00e9ative et dou\u00e9e en veillant \u00e0 ne pas le confondre avec votre enfant adapt\u00e9.<br \/>\nSi une promesse int\u00e9rieure cherche encore dans votre c\u0153ur le chemin de sa r\u00e9alisation, venez rencontrer Isabelle Lev\u00e9e-Siour et votre enfant int\u00e9rieur \u00ab \u00d4 ! Chalet des R\u00eaves\u2026 \u00bb \u00e0 La F\u00e9claz en Savoie.<\/p>\n<h2>Que propose \u00d4 Chalet des R\u00eaves sur le salon ?<\/h2>\n<p>Je propose une conf\u00e9rence le vendredi 18 novembre \u00e0 13h30 sur le th\u00e8me de l&rsquo;enfant int\u00e9rieur afin de le distinguer de l&rsquo;enfant adapt\u00e9 qui porte des masques et qui nous \u00e9carte de notre \u00eatre v\u00e9ritable et authentique.<br \/>\nLe samedi 19 novembre \u00e0 16h lors d&rsquo;un atelier bien-\u00eatre, je propose une reconnexion \u00e0 son enfant int\u00e9rieur gr\u00e2ce \u00e0 un r\u00eave \u00e9veill\u00e9, de l&rsquo;\u00e9criture, du dessin et un questionnement clean.<\/p>\n<h2>Parlez-nous de votre relation avec le salon<\/h2>\n<p>C&rsquo;est la premi\u00e8re fois que je me rends \u00e0 un salon du r\u00e9seau zen et bio en tant qu&rsquo;exposant. Jusqu&rsquo;\u00e0 cette ann\u00e9e 2022, je n&rsquo;\u00e9tais que visiteur et auditrice des nombreuses conf\u00e9rences propos\u00e9es \u00e0 chaque salon.<\/p>\n<p><em><a href=\"https:\/\/www.salon-zenetbio.com\/lyon\/visiter\/liste-des-exposants\/\" target=\"_blank\" rel=\"noopener\">Consultez la liste des exposants<\/a><\/em><\/p>\n","protected":false},"excerpt":{"rendered":"<p>Pr\u00e9sentez-vous en quelques mots Isabelle Lev\u00e9e-Siour, th\u00e9rapeute de l\u2019enfant int\u00e9rieure et facilitatrice d\u2019\u00e9mergence vous accueille \u00ab \u00d4 ! Chalet des R\u00eaves\u2026 \u00bb \u00e0 La F\u00e9claz en Savoie. Un lieu d\u2019\u00e9panouissement cr\u00e9\u00e9 avec son \u00e9poux Jean-Marie pour que vous puissiez prendre du temps pour vous. Cet espace et cet accompagnement favorisent votre reconnexion \u00e0 votre enfant&hellip; <\/p>\n","protected":false},"author":6,"featured_media":9587,"comment_status":"open","ping_status":"open","sticky":false,"template":"","format":"standard","meta":{"_monsterinsights_skip_tracking":false,"_monsterinsights_sitenote_active":false,"_monsterinsights_sitenote_note":"","_monsterinsights_sitenote_category":0,"footnotes":""},"categories":[358],"tags":[],"class_list":["post-9377","post","type-post","status-publish","format-standard","has-post-thumbnail","hentry","category-portraits-exposants"],"yoast_head":"<!-- This site is optimized with the Yoast SEO plugin v27.3 - https:\/\/yoast.com\/product\/yoast-seo-wordpress\/ -->\n<title>\u00d4 Chalet des R\u00eaves - Salon Zen&amp;Bio Lyon<\/title>\n<meta name=\"description\" content=\"Venez d\u00e9couvrir pour la premi\u00e8re fois \u00d4 Chalet des R\u00eaves lors du salon Zen&amp;bio Lyon du 18 au 20 novembre 2022 !\" \/>\n<meta name=\"robots\" content=\"index, follow, max-snippet:-1, max-image-preview:large, max-video-preview:-1\" \/>\n<link rel=\"canonical\" href=\"https:\/\/www.salon-zenetbio.com\/lyon\/o-chalet-des-reves\/\" \/>\n<meta property=\"og:locale\" content=\"fr_FR\" \/>\n<meta property=\"og:type\" content=\"article\" \/>\n<meta property=\"og:title\" content=\"\u00d4 Chalet des R\u00eaves - Salon Zen&amp;Bio Lyon\" \/>\n<meta property=\"og:description\" content=\"Venez d\u00e9couvrir pour la premi\u00e8re fois \u00d4 Chalet des R\u00eaves lors du salon Zen&amp;bio Lyon du 18 au 20 novembre 2022 !\" \/>\n<meta property=\"og:url\" content=\"https:\/\/www.salon-zenetbio.com\/lyon\/o-chalet-des-reves\/\" \/>\n<meta property=\"og:site_name\" content=\"Salon Zen&amp;Bio Lyon\" \/>\n<meta property=\"article:published_time\" content=\"2022-11-02T11:36:12+00:00\" \/>\n<meta property=\"article:modified_time\" content=\"2022-11-10T13:38:00+00:00\" \/>\n<meta property=\"og:image\" content=\"https:\/\/www.salon-zenetbio.com\/lyon\/wp-content\/uploads\/sites\/12\/2022\/11\/Chalet-des-re\u0302ves.png\" \/>\n\t<meta property=\"og:image:width\" content=\"600\" \/>\n\t<meta property=\"og:image:height\" content=\"400\" \/>\n\t<meta property=\"og:image:type\" content=\"image\/png\" \/>\n<meta name=\"author\" content=\"communication\" \/>\n<meta name=\"twitter:card\" content=\"summary_large_image\" \/>\n<meta name=\"twitter:label1\" content=\"\u00c9crit par\" \/>\n\t<meta name=\"twitter:data1\" content=\"communication\" \/>\n\t<meta name=\"twitter:label2\" content=\"Dur\u00e9e de lecture estim\u00e9e\" \/>\n\t<meta name=\"twitter:data2\" content=\"3 minutes\" \/>\n<script type=\"application\/ld+json\" class=\"yoast-schema-graph\">{\"@context\":\"https:\\\/\\\/schema.org\",\"@graph\":[{\"@type\":\"Article\",\"@id\":\"https:\\\/\\\/www.salon-zenetbio.com\\\/lyon\\\/o-chalet-des-reves\\\/#article\",\"isPartOf\":{\"@id\":\"https:\\\/\\\/www.salon-zenetbio.com\\\/lyon\\\/o-chalet-des-reves\\\/\"},\"author\":{\"name\":\"communication\",\"@id\":\"http:\\\/\\\/www.salon-zenetbio.com\\\/lyon\\\/#\\\/schema\\\/person\\\/ae137e79c551ab78ea22fb35759cb9f8\"},\"headline\":\"\u00d4 Chalet des R\u00eaves\",\"datePublished\":\"2022-11-02T11:36:12+00:00\",\"dateModified\":\"2022-11-10T13:38:00+00:00\",\"mainEntityOfPage\":{\"@id\":\"https:\\\/\\\/www.salon-zenetbio.com\\\/lyon\\\/o-chalet-des-reves\\\/\"},\"wordCount\":466,\"commentCount\":0,\"publisher\":{\"@id\":\"http:\\\/\\\/www.salon-zenetbio.com\\\/lyon\\\/#organization\"},\"image\":{\"@id\":\"https:\\\/\\\/www.salon-zenetbio.com\\\/lyon\\\/o-chalet-des-reves\\\/#primaryimage\"},\"thumbnailUrl\":\"https:\\\/\\\/www.salon-zenetbio.com\\\/lyon\\\/wp-content\\\/uploads\\\/sites\\\/12\\\/2022\\\/11\\\/Chalet-des-re\u0302ves.png\",\"articleSection\":[\"portraits exposants\"],\"inLanguage\":\"fr-FR\",\"potentialAction\":[{\"@type\":\"CommentAction\",\"name\":\"Comment\",\"target\":[\"https:\\\/\\\/www.salon-zenetbio.com\\\/lyon\\\/o-chalet-des-reves\\\/#respond\"]}]},{\"@type\":\"WebPage\",\"@id\":\"https:\\\/\\\/www.salon-zenetbio.com\\\/lyon\\\/o-chalet-des-reves\\\/\",\"url\":\"https:\\\/\\\/www.salon-zenetbio.com\\\/lyon\\\/o-chalet-des-reves\\\/\",\"name\":\"\u00d4 Chalet des R\u00eaves - Salon Zen&amp;Bio Lyon\",\"isPartOf\":{\"@id\":\"http:\\\/\\\/www.salon-zenetbio.com\\\/lyon\\\/#website\"},\"primaryImageOfPage\":{\"@id\":\"https:\\\/\\\/www.salon-zenetbio.com\\\/lyon\\\/o-chalet-des-reves\\\/#primaryimage\"},\"image\":{\"@id\":\"https:\\\/\\\/www.salon-zenetbio.com\\\/lyon\\\/o-chalet-des-reves\\\/#primaryimage\"},\"thumbnailUrl\":\"https:\\\/\\\/www.salon-zenetbio.com\\\/lyon\\\/wp-content\\\/uploads\\\/sites\\\/12\\\/2022\\\/11\\\/Chalet-des-re\u0302ves.png\",\"datePublished\":\"2022-11-02T11:36:12+00:00\",\"dateModified\":\"2022-11-10T13:38:00+00:00\",\"description\":\"Venez d\u00e9couvrir pour la premi\u00e8re fois \u00d4 Chalet des R\u00eaves lors du salon Zen&bio Lyon du 18 au 20 novembre 2022 !\",\"breadcrumb\":{\"@id\":\"https:\\\/\\\/www.salon-zenetbio.com\\\/lyon\\\/o-chalet-des-reves\\\/#breadcrumb\"},\"inLanguage\":\"fr-FR\",\"potentialAction\":[{\"@type\":\"ReadAction\",\"target\":[\"https:\\\/\\\/www.salon-zenetbio.com\\\/lyon\\\/o-chalet-des-reves\\\/\"]}]},{\"@type\":\"ImageObject\",\"inLanguage\":\"fr-FR\",\"@id\":\"https:\\\/\\\/www.salon-zenetbio.com\\\/lyon\\\/o-chalet-des-reves\\\/#primaryimage\",\"url\":\"https:\\\/\\\/www.salon-zenetbio.com\\\/lyon\\\/wp-content\\\/uploads\\\/sites\\\/12\\\/2022\\\/11\\\/Chalet-des-re\u0302ves.png\",\"contentUrl\":\"https:\\\/\\\/www.salon-zenetbio.com\\\/lyon\\\/wp-content\\\/uploads\\\/sites\\\/12\\\/2022\\\/11\\\/Chalet-des-re\u0302ves.png\",\"width\":600,\"height\":400,\"caption\":\"O chalet des reves Avant\"},{\"@type\":\"BreadcrumbList\",\"@id\":\"https:\\\/\\\/www.salon-zenetbio.com\\\/lyon\\\/o-chalet-des-reves\\\/#breadcrumb\",\"itemListElement\":[{\"@type\":\"ListItem\",\"position\":1,\"name\":\"Accueil\",\"item\":\"http:\\\/\\\/www.salon-zenetbio.com\\\/lyon\\\/\"},{\"@type\":\"ListItem\",\"position\":2,\"name\":\"\u00d4 Chalet des R\u00eaves\"}]},{\"@type\":\"WebSite\",\"@id\":\"http:\\\/\\\/www.salon-zenetbio.com\\\/lyon\\\/#website\",\"url\":\"http:\\\/\\\/www.salon-zenetbio.com\\\/lyon\\\/\",\"name\":\"Salon Zen&amp;Bio Lyon\",\"description\":\"salon Zen&amp;Bio Lyon : votre salon \u00e9colo, bio, bien-\u00eatre et habitat sain\",\"publisher\":{\"@id\":\"http:\\\/\\\/www.salon-zenetbio.com\\\/lyon\\\/#organization\"},\"potentialAction\":[{\"@type\":\"SearchAction\",\"target\":{\"@type\":\"EntryPoint\",\"urlTemplate\":\"http:\\\/\\\/www.salon-zenetbio.com\\\/lyon\\\/?s={search_term_string}\"},\"query-input\":{\"@type\":\"PropertyValueSpecification\",\"valueRequired\":true,\"valueName\":\"search_term_string\"}}],\"inLanguage\":\"fr-FR\"},{\"@type\":\"Organization\",\"@id\":\"http:\\\/\\\/www.salon-zenetbio.com\\\/lyon\\\/#organization\",\"name\":\"Salon Zen&amp;Bio Lyon\",\"url\":\"http:\\\/\\\/www.salon-zenetbio.com\\\/lyon\\\/\",\"logo\":{\"@type\":\"ImageObject\",\"inLanguage\":\"fr-FR\",\"@id\":\"http:\\\/\\\/www.salon-zenetbio.com\\\/lyon\\\/#\\\/schema\\\/logo\\\/image\\\/\",\"url\":\"https:\\\/\\\/www.salon-zenetbio.com\\\/lyon\\\/wp-content\\\/uploads\\\/sites\\\/12\\\/2026\\\/03\\\/cropped-Logo-ZEN-et-BIO-lyon-2026-1.png\",\"contentUrl\":\"https:\\\/\\\/www.salon-zenetbio.com\\\/lyon\\\/wp-content\\\/uploads\\\/sites\\\/12\\\/2026\\\/03\\\/cropped-Logo-ZEN-et-BIO-lyon-2026-1.png\",\"width\":921,\"height\":255,\"caption\":\"Salon Zen&amp;Bio Lyon\"},\"image\":{\"@id\":\"http:\\\/\\\/www.salon-zenetbio.com\\\/lyon\\\/#\\\/schema\\\/logo\\\/image\\\/\"}},{\"@type\":\"Person\",\"@id\":\"http:\\\/\\\/www.salon-zenetbio.com\\\/lyon\\\/#\\\/schema\\\/person\\\/ae137e79c551ab78ea22fb35759cb9f8\",\"name\":\"communication\",\"image\":{\"@type\":\"ImageObject\",\"inLanguage\":\"fr-FR\",\"@id\":\"https:\\\/\\\/secure.gravatar.com\\\/avatar\\\/0f49d5b7ab56355ffa797b3ce25e4f2375cedf6bc9afe416fe669342c3524275?s=96&d=mm&r=g\",\"url\":\"https:\\\/\\\/secure.gravatar.com\\\/avatar\\\/0f49d5b7ab56355ffa797b3ce25e4f2375cedf6bc9afe416fe669342c3524275?s=96&d=mm&r=g\",\"contentUrl\":\"https:\\\/\\\/secure.gravatar.com\\\/avatar\\\/0f49d5b7ab56355ffa797b3ce25e4f2375cedf6bc9afe416fe669342c3524275?s=96&d=mm&r=g\",\"caption\":\"communication\"},\"url\":\"https:\\\/\\\/www.salon-zenetbio.com\\\/lyon\\\/author\\\/communication\\\/\"}]}<\/script>\n<!-- \/ Yoast SEO plugin. -->","yoast_head_json":{"title":"\u00d4 Chalet des R\u00eaves - Salon Zen&amp;Bio Lyon","description":"Venez d\u00e9couvrir pour la premi\u00e8re fois \u00d4 Chalet des R\u00eaves lors du salon Zen&bio Lyon du 18 au 20 novembre 2022 !","robots":{"index":"index","follow":"follow","max-snippet":"max-snippet:-1","max-image-preview":"max-image-preview:large","max-video-preview":"max-video-preview:-1"},"canonical":"https:\/\/www.salon-zenetbio.com\/lyon\/o-chalet-des-reves\/","og_locale":"fr_FR","og_type":"article","og_title":"\u00d4 Chalet des R\u00eaves - Salon Zen&amp;Bio Lyon","og_description":"Venez d\u00e9couvrir pour la premi\u00e8re fois \u00d4 Chalet des R\u00eaves lors du salon Zen&bio Lyon du 18 au 20 novembre 2022 !","og_url":"https:\/\/www.salon-zenetbio.com\/lyon\/o-chalet-des-reves\/","og_site_name":"Salon Zen&amp;Bio Lyon","article_published_time":"2022-11-02T11:36:12+00:00","article_modified_time":"2022-11-10T13:38:00+00:00","og_image":[{"width":600,"height":400,"url":"https:\/\/www.salon-zenetbio.com\/lyon\/wp-content\/uploads\/sites\/12\/2022\/11\/Chalet-des-re\u0302ves.png","type":"image\/png"}],"author":"communication","twitter_card":"summary_large_image","twitter_misc":{"\u00c9crit par":"communication","Dur\u00e9e de lecture estim\u00e9e":"3 minutes"},"schema":{"@context":"https:\/\/schema.org","@graph":[{"@type":"Article","@id":"https:\/\/www.salon-zenetbio.com\/lyon\/o-chalet-des-reves\/#article","isPartOf":{"@id":"https:\/\/www.salon-zenetbio.com\/lyon\/o-chalet-des-reves\/"},"author":{"name":"communication","@id":"http:\/\/www.salon-zenetbio.com\/lyon\/#\/schema\/person\/ae137e79c551ab78ea22fb35759cb9f8"},"headline":"\u00d4 Chalet des R\u00eaves","datePublished":"2022-11-02T11:36:12+00:00","dateModified":"2022-11-10T13:38:00+00:00","mainEntityOfPage":{"@id":"https:\/\/www.salon-zenetbio.com\/lyon\/o-chalet-des-reves\/"},"wordCount":466,"commentCount":0,"publisher":{"@id":"http:\/\/www.salon-zenetbio.com\/lyon\/#organization"},"image":{"@id":"https:\/\/www.salon-zenetbio.com\/lyon\/o-chalet-des-reves\/#primaryimage"},"thumbnailUrl":"https:\/\/www.salon-zenetbio.com\/lyon\/wp-content\/uploads\/sites\/12\/2022\/11\/Chalet-des-re\u0302ves.png","articleSection":["portraits exposants"],"inLanguage":"fr-FR","potentialAction":[{"@type":"CommentAction","name":"Comment","target":["https:\/\/www.salon-zenetbio.com\/lyon\/o-chalet-des-reves\/#respond"]}]},{"@type":"WebPage","@id":"https:\/\/www.salon-zenetbio.com\/lyon\/o-chalet-des-reves\/","url":"https:\/\/www.salon-zenetbio.com\/lyon\/o-chalet-des-reves\/","name":"\u00d4 Chalet des R\u00eaves - Salon Zen&amp;Bio Lyon","isPartOf":{"@id":"http:\/\/www.salon-zenetbio.com\/lyon\/#website"},"primaryImageOfPage":{"@id":"https:\/\/www.salon-zenetbio.com\/lyon\/o-chalet-des-reves\/#primaryimage"},"image":{"@id":"https:\/\/www.salon-zenetbio.com\/lyon\/o-chalet-des-reves\/#primaryimage"},"thumbnailUrl":"https:\/\/www.salon-zenetbio.com\/lyon\/wp-content\/uploads\/sites\/12\/2022\/11\/Chalet-des-re\u0302ves.png","datePublished":"2022-11-02T11:36:12+00:00","dateModified":"2022-11-10T13:38:00+00:00","description":"Venez d\u00e9couvrir pour la premi\u00e8re fois \u00d4 Chalet des R\u00eaves lors du salon Zen&bio Lyon du 18 au 20 novembre 2022 !","breadcrumb":{"@id":"https:\/\/www.salon-zenetbio.com\/lyon\/o-chalet-des-reves\/#breadcrumb"},"inLanguage":"fr-FR","potentialAction":[{"@type":"ReadAction","target":["https:\/\/www.salon-zenetbio.com\/lyon\/o-chalet-des-reves\/"]}]},{"@type":"ImageObject","inLanguage":"fr-FR","@id":"https:\/\/www.salon-zenetbio.com\/lyon\/o-chalet-des-reves\/#primaryimage","url":"https:\/\/www.salon-zenetbio.com\/lyon\/wp-content\/uploads\/sites\/12\/2022\/11\/Chalet-des-re\u0302ves.png","contentUrl":"https:\/\/www.salon-zenetbio.com\/lyon\/wp-content\/uploads\/sites\/12\/2022\/11\/Chalet-des-re\u0302ves.png","width":600,"height":400,"caption":"O chalet des reves Avant"},{"@type":"BreadcrumbList","@id":"https:\/\/www.salon-zenetbio.com\/lyon\/o-chalet-des-reves\/#breadcrumb","itemListElement":[{"@type":"ListItem","position":1,"name":"Accueil","item":"http:\/\/www.salon-zenetbio.com\/lyon\/"},{"@type":"ListItem","position":2,"name":"\u00d4 Chalet des R\u00eaves"}]},{"@type":"WebSite","@id":"http:\/\/www.salon-zenetbio.com\/lyon\/#website","url":"http:\/\/www.salon-zenetbio.com\/lyon\/","name":"Salon Zen&amp;Bio Lyon","description":"salon Zen&amp;Bio Lyon : votre salon \u00e9colo, bio, bien-\u00eatre et habitat sain","publisher":{"@id":"http:\/\/www.salon-zenetbio.com\/lyon\/#organization"},"potentialAction":[{"@type":"SearchAction","target":{"@type":"EntryPoint","urlTemplate":"http:\/\/www.salon-zenetbio.com\/lyon\/?s={search_term_string}"},"query-input":{"@type":"PropertyValueSpecification","valueRequired":true,"valueName":"search_term_string"}}],"inLanguage":"fr-FR"},{"@type":"Organization","@id":"http:\/\/www.salon-zenetbio.com\/lyon\/#organization","name":"Salon Zen&amp;Bio Lyon","url":"http:\/\/www.salon-zenetbio.com\/lyon\/","logo":{"@type":"ImageObject","inLanguage":"fr-FR","@id":"http:\/\/www.salon-zenetbio.com\/lyon\/#\/schema\/logo\/image\/","url":"https:\/\/www.salon-zenetbio.com\/lyon\/wp-content\/uploads\/sites\/12\/2026\/03\/cropped-Logo-ZEN-et-BIO-lyon-2026-1.png","contentUrl":"https:\/\/www.salon-zenetbio.com\/lyon\/wp-content\/uploads\/sites\/12\/2026\/03\/cropped-Logo-ZEN-et-BIO-lyon-2026-1.png","width":921,"height":255,"caption":"Salon Zen&amp;Bio Lyon"},"image":{"@id":"http:\/\/www.salon-zenetbio.com\/lyon\/#\/schema\/logo\/image\/"}},{"@type":"Person","@id":"http:\/\/www.salon-zenetbio.com\/lyon\/#\/schema\/person\/ae137e79c551ab78ea22fb35759cb9f8","name":"communication","image":{"@type":"ImageObject","inLanguage":"fr-FR","@id":"https:\/\/secure.gravatar.com\/avatar\/0f49d5b7ab56355ffa797b3ce25e4f2375cedf6bc9afe416fe669342c3524275?s=96&d=mm&r=g","url":"https:\/\/secure.gravatar.com\/avatar\/0f49d5b7ab56355ffa797b3ce25e4f2375cedf6bc9afe416fe669342c3524275?s=96&d=mm&r=g","contentUrl":"https:\/\/secure.gravatar.com\/avatar\/0f49d5b7ab56355ffa797b3ce25e4f2375cedf6bc9afe416fe669342c3524275?s=96&d=mm&r=g","caption":"communication"},"url":"https:\/\/www.salon-zenetbio.com\/lyon\/author\/communication\/"}]}},"jetpack_featured_media_url":"https:\/\/www.salon-zenetbio.com\/lyon\/wp-content\/uploads\/sites\/12\/2022\/11\/Chalet-des-re\u0302ves.png","_links":{"self":[{"href":"https:\/\/www.salon-zenetbio.com\/lyon\/wp-json\/wp\/v2\/posts\/9377","targetHints":{"allow":["GET"]}}],"collection":[{"href":"https:\/\/www.salon-zenetbio.com\/lyon\/wp-json\/wp\/v2\/posts"}],"about":[{"href":"https:\/\/www.salon-zenetbio.com\/lyon\/wp-json\/wp\/v2\/types\/post"}],"author":[{"embeddable":true,"href":"https:\/\/www.salon-zenetbio.com\/lyon\/wp-json\/wp\/v2\/users\/6"}],"replies":[{"embeddable":true,"href":"https:\/\/www.salon-zenetbio.com\/lyon\/wp-json\/wp\/v2\/comments?post=9377"}],"version-history":[{"count":1,"href":"https:\/\/www.salon-zenetbio.com\/lyon\/wp-json\/wp\/v2\/posts\/9377\/revisions"}],"predecessor-version":[{"id":9381,"href":"https:\/\/www.salon-zenetbio.com\/lyon\/wp-json\/wp\/v2\/posts\/9377\/revisions\/9381"}],"wp:featuredmedia":[{"embeddable":true,"href":"https:\/\/www.salon-zenetbio.com\/lyon\/wp-json\/wp\/v2\/media\/9587"}],"wp:attachment":[{"href":"https:\/\/www.salon-zenetbio.com\/lyon\/wp-json\/wp\/v2\/media?parent=9377"}],"wp:term":[{"taxonomy":"category","embeddable":true,"href":"https:\/\/www.salon-zenetbio.com\/lyon\/wp-json\/wp\/v2\/categories?post=9377"},{"taxonomy":"post_tag","embeddable":true,"href":"https:\/\/www.salon-zenetbio.com\/lyon\/wp-json\/wp\/v2\/tags?post=9377"}],"curies":[{"name":"wp","href":"https:\/\/api.w.org\/{rel}","templated":true}]}}