{"id":9578,"date":"2022-11-10T14:27:49","date_gmt":"2022-11-10T13:27:49","guid":{"rendered":"https:\/\/www.salon-zenetbio.com\/lyon\/?p=9578"},"modified":"2022-11-10T14:27:49","modified_gmt":"2022-11-10T13:27:49","slug":"teravive","status":"publish","type":"post","link":"https:\/\/www.salon-zenetbio.com\/lyon\/teravive\/","title":{"rendered":"Teravive"},"content":{"rendered":"<h2>Pr\u00e9sentez-vous en quelques mots<\/h2>\n<p><img fetchpriority=\"high\" decoding=\"async\" class=\"size-medium wp-image-9579 alignleft\" src=\"https:\/\/www.salon-zenetbio.com\/lyon\/wp-content\/uploads\/sites\/12\/2022\/11\/1668028167-file1-PleineNature_Logo-254x300.png\" alt=\"Teravive Avant\" width=\"254\" height=\"300\" srcset=\"https:\/\/www.salon-zenetbio.com\/lyon\/wp-content\/uploads\/sites\/12\/2022\/11\/1668028167-file1-PleineNature_Logo-254x300.png 254w, https:\/\/www.salon-zenetbio.com\/lyon\/wp-content\/uploads\/sites\/12\/2022\/11\/1668028167-file1-PleineNature_Logo-866x1024.png 866w, https:\/\/www.salon-zenetbio.com\/lyon\/wp-content\/uploads\/sites\/12\/2022\/11\/1668028167-file1-PleineNature_Logo-768x908.png 768w, https:\/\/www.salon-zenetbio.com\/lyon\/wp-content\/uploads\/sites\/12\/2022\/11\/1668028167-file1-PleineNature_Logo-1299x1536.png 1299w, https:\/\/www.salon-zenetbio.com\/lyon\/wp-content\/uploads\/sites\/12\/2022\/11\/1668028167-file1-PleineNature_Logo-150x177.png 150w, https:\/\/www.salon-zenetbio.com\/lyon\/wp-content\/uploads\/sites\/12\/2022\/11\/1668028167-file1-PleineNature_Logo-423x500.png 423w, https:\/\/www.salon-zenetbio.com\/lyon\/wp-content\/uploads\/sites\/12\/2022\/11\/1668028167-file1-PleineNature_Logo.png 1420w\" sizes=\"(max-width: 254px) 100vw, 254px\" \/><\/p>\n<p>Teravive est <a href=\"https:\/\/www.teraviveardeche.com\/\" target=\"_blank\" rel=\"noopener\">un domaine<\/a> qui s&rsquo;\u00e9tend sur 1,5 hectares o\u00f9 l\u2019on vient pour s\u00e9journer dans une nature sauvage. Il est situ\u00e9 au fond d\u2019un petit hameau authentique sur la commune de Dompnac, au c\u0153ur du Parc naturel r\u00e9gional des Monts d\u2019Ard\u00e8che et des C\u00e9vennes ard\u00e9choises, aux confins de la vall\u00e9e de la Drobie, consid\u00e9r\u00e9e comme une des plus belles vall\u00e9es d\u2019Ard\u00e8che. Nich\u00e9 \u00e0 550 m\u00e8tres d\u2019altitude, cet endroit \u00e9pouse les for\u00eats, les montagnes et les rivi\u00e8res sauvages.<\/p>\n<p>Cet espace permet un retour \u00e0 l&rsquo;essentiel, \u00e0 la simplicit\u00e9 et \u00e0 l&rsquo;\u00e9cologique. Il nous invite \u00e0 la d\u00e9connexion, au ressourcement et \u00e0 l&rsquo;ancrage.<br \/>\nTeravive est n\u00e9 en 2021, moment o\u00f9 j&rsquo;ai d\u00e9cid\u00e9, apr\u00e8s un long cheminement int\u00e9rieur, de m\u2019installer sur un territoire rural isol\u00e9 et prot\u00e9g\u00e9.<br \/>\nJ\u2019ai suivi une formation de guide de bains de for\u00eat en 2021. Et de praticien en th\u00e9rapie foresti\u00e8re en 2022 avec l\u2019organisation \u00ab Forest Therapy Hub \u00bb. Cela m\u2019a permis d\u2019acqu\u00e9rir une m\u00e9thode de bien-\u00eatre et de connexion \u00e0 la nature pour mettre en \u00e9vidence les interactions entre l&rsquo;individu, la soci\u00e9t\u00e9 et l\u2019environnement.<\/p>\n<p>Je propose :<\/p>\n<ul>\n<li>Des s\u00e9jours Bains de for\u00eat et marche en silence \/ en conscience<\/li>\n<li>Des s\u00e9jours marche en silence et bivouac en montagne<\/li>\n<li>Un h\u00e9bergement touristique class\u00e9 trois \u00e9toiles.<\/li>\n<\/ul>\n<h2>Que propose Teravive sur le salon ?<\/h2>\n<p>Une conf\u00e9rence le 18 novembre \u00e0 12H00 sur la pr\u00e9sentation du domaine. Sa fonction, son histoire et les s\u00e9jours que je propose<br \/>\nUn atelier le 19 novembre \u00e0 17h00 sur les bienfaits de la connexion \u00e0 la nature \/ les bains de for\u00eat<\/p>\n<h2>Parlez-nous de votre relation avec le salon<\/h2>\n<p>Je ne connais pas le salon de Lyon, c&rsquo;est ma premi\u00e8re fois.<\/p>\n<p><em><a href=\"https:\/\/www.salon-zenetbio.com\/lyon\/visiter\/liste-des-exposants\/\" target=\"_blank\" rel=\"noopener\">Consultez la liste des exposants<\/a><\/em><\/p>\n","protected":false},"excerpt":{"rendered":"<p>Pr\u00e9sentez-vous en quelques mots Teravive est un domaine qui s&rsquo;\u00e9tend sur 1,5 hectares o\u00f9 l\u2019on vient pour s\u00e9journer dans une nature sauvage. Il est situ\u00e9 au fond d\u2019un petit hameau authentique sur la commune de Dompnac, au c\u0153ur du Parc naturel r\u00e9gional des Monts d\u2019Ard\u00e8che et des C\u00e9vennes ard\u00e9choises, aux confins de la vall\u00e9e de&hellip; <\/p>\n","protected":false},"author":6,"featured_media":9580,"comment_status":"open","ping_status":"open","sticky":false,"template":"","format":"standard","meta":{"_monsterinsights_skip_tracking":false,"_monsterinsights_sitenote_active":false,"_monsterinsights_sitenote_note":"","_monsterinsights_sitenote_category":0,"footnotes":""},"categories":[358],"tags":[],"class_list":["post-9578","post","type-post","status-publish","format-standard","has-post-thumbnail","hentry","category-portraits-exposants"],"yoast_head":"<!-- This site is optimized with the Yoast SEO plugin v27.3 - https:\/\/yoast.com\/product\/yoast-seo-wordpress\/ -->\n<title>Teravive - Salon Zen&amp;Bio Lyon<\/title>\n<meta name=\"description\" content=\"Venez d\u00e9couvrir pour la premi\u00e8re fois Teravive lors du salon Zen&amp;Bio Lyon du 18 au 20 novembre 2022 ! \u00c0 Eurexpo !\" \/>\n<meta name=\"robots\" content=\"index, follow, max-snippet:-1, max-image-preview:large, max-video-preview:-1\" \/>\n<link rel=\"canonical\" href=\"https:\/\/www.salon-zenetbio.com\/lyon\/teravive\/\" \/>\n<meta property=\"og:locale\" content=\"fr_FR\" \/>\n<meta property=\"og:type\" content=\"article\" \/>\n<meta property=\"og:title\" content=\"Teravive - Salon Zen&amp;Bio Lyon\" \/>\n<meta property=\"og:description\" content=\"Venez d\u00e9couvrir pour la premi\u00e8re fois Teravive lors du salon Zen&amp;Bio Lyon du 18 au 20 novembre 2022 ! \u00c0 Eurexpo !\" \/>\n<meta property=\"og:url\" content=\"https:\/\/www.salon-zenetbio.com\/lyon\/teravive\/\" \/>\n<meta property=\"og:site_name\" content=\"Salon Zen&amp;Bio Lyon\" \/>\n<meta property=\"article:published_time\" content=\"2022-11-10T13:27:49+00:00\" \/>\n<meta property=\"og:image\" content=\"https:\/\/www.salon-zenetbio.com\/lyon\/wp-content\/uploads\/sites\/12\/2022\/11\/Sans-titre-50.png\" \/>\n\t<meta property=\"og:image:width\" content=\"600\" \/>\n\t<meta property=\"og:image:height\" content=\"400\" \/>\n\t<meta property=\"og:image:type\" content=\"image\/png\" \/>\n<meta name=\"author\" content=\"communication\" \/>\n<meta name=\"twitter:card\" content=\"summary_large_image\" \/>\n<meta name=\"twitter:label1\" content=\"\u00c9crit par\" \/>\n\t<meta name=\"twitter:data1\" content=\"communication\" \/>\n\t<meta name=\"twitter:label2\" content=\"Dur\u00e9e de lecture estim\u00e9e\" \/>\n\t<meta name=\"twitter:data2\" content=\"2 minutes\" \/>\n<script type=\"application\/ld+json\" class=\"yoast-schema-graph\">{\"@context\":\"https:\\\/\\\/schema.org\",\"@graph\":[{\"@type\":\"Article\",\"@id\":\"https:\\\/\\\/www.salon-zenetbio.com\\\/lyon\\\/teravive\\\/#article\",\"isPartOf\":{\"@id\":\"https:\\\/\\\/www.salon-zenetbio.com\\\/lyon\\\/teravive\\\/\"},\"author\":{\"name\":\"communication\",\"@id\":\"http:\\\/\\\/www.salon-zenetbio.com\\\/lyon\\\/#\\\/schema\\\/person\\\/ae137e79c551ab78ea22fb35759cb9f8\"},\"headline\":\"Teravive\",\"datePublished\":\"2022-11-10T13:27:49+00:00\",\"mainEntityOfPage\":{\"@id\":\"https:\\\/\\\/www.salon-zenetbio.com\\\/lyon\\\/teravive\\\/\"},\"wordCount\":317,\"commentCount\":0,\"publisher\":{\"@id\":\"http:\\\/\\\/www.salon-zenetbio.com\\\/lyon\\\/#organization\"},\"image\":{\"@id\":\"https:\\\/\\\/www.salon-zenetbio.com\\\/lyon\\\/teravive\\\/#primaryimage\"},\"thumbnailUrl\":\"https:\\\/\\\/www.salon-zenetbio.com\\\/lyon\\\/wp-content\\\/uploads\\\/sites\\\/12\\\/2022\\\/11\\\/Sans-titre-50.png\",\"articleSection\":[\"portraits exposants\"],\"inLanguage\":\"fr-FR\",\"potentialAction\":[{\"@type\":\"CommentAction\",\"name\":\"Comment\",\"target\":[\"https:\\\/\\\/www.salon-zenetbio.com\\\/lyon\\\/teravive\\\/#respond\"]}]},{\"@type\":\"WebPage\",\"@id\":\"https:\\\/\\\/www.salon-zenetbio.com\\\/lyon\\\/teravive\\\/\",\"url\":\"https:\\\/\\\/www.salon-zenetbio.com\\\/lyon\\\/teravive\\\/\",\"name\":\"Teravive - Salon Zen&amp;Bio Lyon\",\"isPartOf\":{\"@id\":\"http:\\\/\\\/www.salon-zenetbio.com\\\/lyon\\\/#website\"},\"primaryImageOfPage\":{\"@id\":\"https:\\\/\\\/www.salon-zenetbio.com\\\/lyon\\\/teravive\\\/#primaryimage\"},\"image\":{\"@id\":\"https:\\\/\\\/www.salon-zenetbio.com\\\/lyon\\\/teravive\\\/#primaryimage\"},\"thumbnailUrl\":\"https:\\\/\\\/www.salon-zenetbio.com\\\/lyon\\\/wp-content\\\/uploads\\\/sites\\\/12\\\/2022\\\/11\\\/Sans-titre-50.png\",\"datePublished\":\"2022-11-10T13:27:49+00:00\",\"description\":\"Venez d\u00e9couvrir pour la premi\u00e8re fois Teravive lors du salon Zen&Bio Lyon du 18 au 20 novembre 2022 ! \u00c0 Eurexpo !\",\"breadcrumb\":{\"@id\":\"https:\\\/\\\/www.salon-zenetbio.com\\\/lyon\\\/teravive\\\/#breadcrumb\"},\"inLanguage\":\"fr-FR\",\"potentialAction\":[{\"@type\":\"ReadAction\",\"target\":[\"https:\\\/\\\/www.salon-zenetbio.com\\\/lyon\\\/teravive\\\/\"]}]},{\"@type\":\"ImageObject\",\"inLanguage\":\"fr-FR\",\"@id\":\"https:\\\/\\\/www.salon-zenetbio.com\\\/lyon\\\/teravive\\\/#primaryimage\",\"url\":\"https:\\\/\\\/www.salon-zenetbio.com\\\/lyon\\\/wp-content\\\/uploads\\\/sites\\\/12\\\/2022\\\/11\\\/Sans-titre-50.png\",\"contentUrl\":\"https:\\\/\\\/www.salon-zenetbio.com\\\/lyon\\\/wp-content\\\/uploads\\\/sites\\\/12\\\/2022\\\/11\\\/Sans-titre-50.png\",\"width\":600,\"height\":400,\"caption\":\"Teravive Avant\"},{\"@type\":\"BreadcrumbList\",\"@id\":\"https:\\\/\\\/www.salon-zenetbio.com\\\/lyon\\\/teravive\\\/#breadcrumb\",\"itemListElement\":[{\"@type\":\"ListItem\",\"position\":1,\"name\":\"Accueil\",\"item\":\"http:\\\/\\\/www.salon-zenetbio.com\\\/lyon\\\/\"},{\"@type\":\"ListItem\",\"position\":2,\"name\":\"Teravive\"}]},{\"@type\":\"WebSite\",\"@id\":\"http:\\\/\\\/www.salon-zenetbio.com\\\/lyon\\\/#website\",\"url\":\"http:\\\/\\\/www.salon-zenetbio.com\\\/lyon\\\/\",\"name\":\"Salon Zen&amp;Bio Lyon\",\"description\":\"salon Zen&amp;Bio Lyon : votre salon \u00e9colo, bio, bien-\u00eatre et habitat sain\",\"publisher\":{\"@id\":\"http:\\\/\\\/www.salon-zenetbio.com\\\/lyon\\\/#organization\"},\"potentialAction\":[{\"@type\":\"SearchAction\",\"target\":{\"@type\":\"EntryPoint\",\"urlTemplate\":\"http:\\\/\\\/www.salon-zenetbio.com\\\/lyon\\\/?s={search_term_string}\"},\"query-input\":{\"@type\":\"PropertyValueSpecification\",\"valueRequired\":true,\"valueName\":\"search_term_string\"}}],\"inLanguage\":\"fr-FR\"},{\"@type\":\"Organization\",\"@id\":\"http:\\\/\\\/www.salon-zenetbio.com\\\/lyon\\\/#organization\",\"name\":\"Salon Zen&amp;Bio Lyon\",\"url\":\"http:\\\/\\\/www.salon-zenetbio.com\\\/lyon\\\/\",\"logo\":{\"@type\":\"ImageObject\",\"inLanguage\":\"fr-FR\",\"@id\":\"http:\\\/\\\/www.salon-zenetbio.com\\\/lyon\\\/#\\\/schema\\\/logo\\\/image\\\/\",\"url\":\"https:\\\/\\\/www.salon-zenetbio.com\\\/lyon\\\/wp-content\\\/uploads\\\/sites\\\/12\\\/2026\\\/03\\\/cropped-Logo-ZEN-et-BIO-lyon-2026-1.png\",\"contentUrl\":\"https:\\\/\\\/www.salon-zenetbio.com\\\/lyon\\\/wp-content\\\/uploads\\\/sites\\\/12\\\/2026\\\/03\\\/cropped-Logo-ZEN-et-BIO-lyon-2026-1.png\",\"width\":921,\"height\":255,\"caption\":\"Salon Zen&amp;Bio Lyon\"},\"image\":{\"@id\":\"http:\\\/\\\/www.salon-zenetbio.com\\\/lyon\\\/#\\\/schema\\\/logo\\\/image\\\/\"}},{\"@type\":\"Person\",\"@id\":\"http:\\\/\\\/www.salon-zenetbio.com\\\/lyon\\\/#\\\/schema\\\/person\\\/ae137e79c551ab78ea22fb35759cb9f8\",\"name\":\"communication\",\"image\":{\"@type\":\"ImageObject\",\"inLanguage\":\"fr-FR\",\"@id\":\"https:\\\/\\\/secure.gravatar.com\\\/avatar\\\/0f49d5b7ab56355ffa797b3ce25e4f2375cedf6bc9afe416fe669342c3524275?s=96&d=mm&r=g\",\"url\":\"https:\\\/\\\/secure.gravatar.com\\\/avatar\\\/0f49d5b7ab56355ffa797b3ce25e4f2375cedf6bc9afe416fe669342c3524275?s=96&d=mm&r=g\",\"contentUrl\":\"https:\\\/\\\/secure.gravatar.com\\\/avatar\\\/0f49d5b7ab56355ffa797b3ce25e4f2375cedf6bc9afe416fe669342c3524275?s=96&d=mm&r=g\",\"caption\":\"communication\"},\"url\":\"https:\\\/\\\/www.salon-zenetbio.com\\\/lyon\\\/author\\\/communication\\\/\"}]}<\/script>\n<!-- \/ Yoast SEO plugin. -->","yoast_head_json":{"title":"Teravive - Salon Zen&amp;Bio Lyon","description":"Venez d\u00e9couvrir pour la premi\u00e8re fois Teravive lors du salon Zen&Bio Lyon du 18 au 20 novembre 2022 ! \u00c0 Eurexpo !","robots":{"index":"index","follow":"follow","max-snippet":"max-snippet:-1","max-image-preview":"max-image-preview:large","max-video-preview":"max-video-preview:-1"},"canonical":"https:\/\/www.salon-zenetbio.com\/lyon\/teravive\/","og_locale":"fr_FR","og_type":"article","og_title":"Teravive - Salon Zen&amp;Bio Lyon","og_description":"Venez d\u00e9couvrir pour la premi\u00e8re fois Teravive lors du salon Zen&Bio Lyon du 18 au 20 novembre 2022 ! \u00c0 Eurexpo !","og_url":"https:\/\/www.salon-zenetbio.com\/lyon\/teravive\/","og_site_name":"Salon Zen&amp;Bio Lyon","article_published_time":"2022-11-10T13:27:49+00:00","og_image":[{"width":600,"height":400,"url":"https:\/\/www.salon-zenetbio.com\/lyon\/wp-content\/uploads\/sites\/12\/2022\/11\/Sans-titre-50.png","type":"image\/png"}],"author":"communication","twitter_card":"summary_large_image","twitter_misc":{"\u00c9crit par":"communication","Dur\u00e9e de lecture estim\u00e9e":"2 minutes"},"schema":{"@context":"https:\/\/schema.org","@graph":[{"@type":"Article","@id":"https:\/\/www.salon-zenetbio.com\/lyon\/teravive\/#article","isPartOf":{"@id":"https:\/\/www.salon-zenetbio.com\/lyon\/teravive\/"},"author":{"name":"communication","@id":"http:\/\/www.salon-zenetbio.com\/lyon\/#\/schema\/person\/ae137e79c551ab78ea22fb35759cb9f8"},"headline":"Teravive","datePublished":"2022-11-10T13:27:49+00:00","mainEntityOfPage":{"@id":"https:\/\/www.salon-zenetbio.com\/lyon\/teravive\/"},"wordCount":317,"commentCount":0,"publisher":{"@id":"http:\/\/www.salon-zenetbio.com\/lyon\/#organization"},"image":{"@id":"https:\/\/www.salon-zenetbio.com\/lyon\/teravive\/#primaryimage"},"thumbnailUrl":"https:\/\/www.salon-zenetbio.com\/lyon\/wp-content\/uploads\/sites\/12\/2022\/11\/Sans-titre-50.png","articleSection":["portraits exposants"],"inLanguage":"fr-FR","potentialAction":[{"@type":"CommentAction","name":"Comment","target":["https:\/\/www.salon-zenetbio.com\/lyon\/teravive\/#respond"]}]},{"@type":"WebPage","@id":"https:\/\/www.salon-zenetbio.com\/lyon\/teravive\/","url":"https:\/\/www.salon-zenetbio.com\/lyon\/teravive\/","name":"Teravive - Salon Zen&amp;Bio Lyon","isPartOf":{"@id":"http:\/\/www.salon-zenetbio.com\/lyon\/#website"},"primaryImageOfPage":{"@id":"https:\/\/www.salon-zenetbio.com\/lyon\/teravive\/#primaryimage"},"image":{"@id":"https:\/\/www.salon-zenetbio.com\/lyon\/teravive\/#primaryimage"},"thumbnailUrl":"https:\/\/www.salon-zenetbio.com\/lyon\/wp-content\/uploads\/sites\/12\/2022\/11\/Sans-titre-50.png","datePublished":"2022-11-10T13:27:49+00:00","description":"Venez d\u00e9couvrir pour la premi\u00e8re fois Teravive lors du salon Zen&Bio Lyon du 18 au 20 novembre 2022 ! \u00c0 Eurexpo !","breadcrumb":{"@id":"https:\/\/www.salon-zenetbio.com\/lyon\/teravive\/#breadcrumb"},"inLanguage":"fr-FR","potentialAction":[{"@type":"ReadAction","target":["https:\/\/www.salon-zenetbio.com\/lyon\/teravive\/"]}]},{"@type":"ImageObject","inLanguage":"fr-FR","@id":"https:\/\/www.salon-zenetbio.com\/lyon\/teravive\/#primaryimage","url":"https:\/\/www.salon-zenetbio.com\/lyon\/wp-content\/uploads\/sites\/12\/2022\/11\/Sans-titre-50.png","contentUrl":"https:\/\/www.salon-zenetbio.com\/lyon\/wp-content\/uploads\/sites\/12\/2022\/11\/Sans-titre-50.png","width":600,"height":400,"caption":"Teravive Avant"},{"@type":"BreadcrumbList","@id":"https:\/\/www.salon-zenetbio.com\/lyon\/teravive\/#breadcrumb","itemListElement":[{"@type":"ListItem","position":1,"name":"Accueil","item":"http:\/\/www.salon-zenetbio.com\/lyon\/"},{"@type":"ListItem","position":2,"name":"Teravive"}]},{"@type":"WebSite","@id":"http:\/\/www.salon-zenetbio.com\/lyon\/#website","url":"http:\/\/www.salon-zenetbio.com\/lyon\/","name":"Salon Zen&amp;Bio Lyon","description":"salon Zen&amp;Bio Lyon : votre salon \u00e9colo, bio, bien-\u00eatre et habitat sain","publisher":{"@id":"http:\/\/www.salon-zenetbio.com\/lyon\/#organization"},"potentialAction":[{"@type":"SearchAction","target":{"@type":"EntryPoint","urlTemplate":"http:\/\/www.salon-zenetbio.com\/lyon\/?s={search_term_string}"},"query-input":{"@type":"PropertyValueSpecification","valueRequired":true,"valueName":"search_term_string"}}],"inLanguage":"fr-FR"},{"@type":"Organization","@id":"http:\/\/www.salon-zenetbio.com\/lyon\/#organization","name":"Salon Zen&amp;Bio Lyon","url":"http:\/\/www.salon-zenetbio.com\/lyon\/","logo":{"@type":"ImageObject","inLanguage":"fr-FR","@id":"http:\/\/www.salon-zenetbio.com\/lyon\/#\/schema\/logo\/image\/","url":"https:\/\/www.salon-zenetbio.com\/lyon\/wp-content\/uploads\/sites\/12\/2026\/03\/cropped-Logo-ZEN-et-BIO-lyon-2026-1.png","contentUrl":"https:\/\/www.salon-zenetbio.com\/lyon\/wp-content\/uploads\/sites\/12\/2026\/03\/cropped-Logo-ZEN-et-BIO-lyon-2026-1.png","width":921,"height":255,"caption":"Salon Zen&amp;Bio Lyon"},"image":{"@id":"http:\/\/www.salon-zenetbio.com\/lyon\/#\/schema\/logo\/image\/"}},{"@type":"Person","@id":"http:\/\/www.salon-zenetbio.com\/lyon\/#\/schema\/person\/ae137e79c551ab78ea22fb35759cb9f8","name":"communication","image":{"@type":"ImageObject","inLanguage":"fr-FR","@id":"https:\/\/secure.gravatar.com\/avatar\/0f49d5b7ab56355ffa797b3ce25e4f2375cedf6bc9afe416fe669342c3524275?s=96&d=mm&r=g","url":"https:\/\/secure.gravatar.com\/avatar\/0f49d5b7ab56355ffa797b3ce25e4f2375cedf6bc9afe416fe669342c3524275?s=96&d=mm&r=g","contentUrl":"https:\/\/secure.gravatar.com\/avatar\/0f49d5b7ab56355ffa797b3ce25e4f2375cedf6bc9afe416fe669342c3524275?s=96&d=mm&r=g","caption":"communication"},"url":"https:\/\/www.salon-zenetbio.com\/lyon\/author\/communication\/"}]}},"jetpack_featured_media_url":"https:\/\/www.salon-zenetbio.com\/lyon\/wp-content\/uploads\/sites\/12\/2022\/11\/Sans-titre-50.png","_links":{"self":[{"href":"https:\/\/www.salon-zenetbio.com\/lyon\/wp-json\/wp\/v2\/posts\/9578","targetHints":{"allow":["GET"]}}],"collection":[{"href":"https:\/\/www.salon-zenetbio.com\/lyon\/wp-json\/wp\/v2\/posts"}],"about":[{"href":"https:\/\/www.salon-zenetbio.com\/lyon\/wp-json\/wp\/v2\/types\/post"}],"author":[{"embeddable":true,"href":"https:\/\/www.salon-zenetbio.com\/lyon\/wp-json\/wp\/v2\/users\/6"}],"replies":[{"embeddable":true,"href":"https:\/\/www.salon-zenetbio.com\/lyon\/wp-json\/wp\/v2\/comments?post=9578"}],"version-history":[{"count":1,"href":"https:\/\/www.salon-zenetbio.com\/lyon\/wp-json\/wp\/v2\/posts\/9578\/revisions"}],"predecessor-version":[{"id":9581,"href":"https:\/\/www.salon-zenetbio.com\/lyon\/wp-json\/wp\/v2\/posts\/9578\/revisions\/9581"}],"wp:featuredmedia":[{"embeddable":true,"href":"https:\/\/www.salon-zenetbio.com\/lyon\/wp-json\/wp\/v2\/media\/9580"}],"wp:attachment":[{"href":"https:\/\/www.salon-zenetbio.com\/lyon\/wp-json\/wp\/v2\/media?parent=9578"}],"wp:term":[{"taxonomy":"category","embeddable":true,"href":"https:\/\/www.salon-zenetbio.com\/lyon\/wp-json\/wp\/v2\/categories?post=9578"},{"taxonomy":"post_tag","embeddable":true,"href":"https:\/\/www.salon-zenetbio.com\/lyon\/wp-json\/wp\/v2\/tags?post=9578"}],"curies":[{"name":"wp","href":"https:\/\/api.w.org\/{rel}","templated":true}]}}