{"id":18796,"date":"2025-10-06T15:21:13","date_gmt":"2025-10-06T13:21:13","guid":{"rendered":"https:\/\/www.salon-zenetbio.com\/nantes\/?p=18796"},"modified":"2025-10-06T15:21:13","modified_gmt":"2025-10-06T13:21:13","slug":"le-soleil-du-tao-2","status":"publish","type":"post","link":"https:\/\/www.salon-zenetbio.com\/nantes\/le-soleil-du-tao-2\/","title":{"rendered":"Le Soleil du Tao"},"content":{"rendered":"<h2>Si vous pouviez avoir un super-pouvoir, lequel choisiriez-vous et pourquoi ?<\/h2>\n<p>Apporter la lumi\u00e8re \u00e0 chaque \u00e2me pour transformer la douleur en force, partout, instantan\u00e9ment.<\/p>\n<h2>Si vous pouviez d\u00eener avec une personne c\u00e9l\u00e8bre, vivante ou d\u00e9c\u00e9d\u00e9e, qui serait-ce et pourquoi ?<\/h2>\n<p>Teddy Riner, pour \u00e9changer sur la puissance du mental, la r\u00e9silience et l\u2019esprit de victoire.<\/p>\n<h2>Si vous deviez choisir une chanson pour repr\u00e9senter votre activit\u00e9, laquelle serait-elle ?<\/h2>\n<p>\u00ab\u00a0Imagine\u00a0\u00bb de John Lennon \u2013 l\u2019hymne vibrant de la paix int\u00e9rieure et du renouveau.<\/p>\n<h2><img fetchpriority=\"high\" decoding=\"async\" class=\"alignnone size-medium wp-image-18801\" src=\"https:\/\/www.salon-zenetbio.com\/nantes\/wp-content\/uploads\/sites\/7\/2025\/10\/IMG_1255-Copier-225x300.jpg\" alt=\"Le Soleil du Tao\" width=\"225\" height=\"300\" srcset=\"https:\/\/www.salon-zenetbio.com\/nantes\/wp-content\/uploads\/sites\/7\/2025\/10\/IMG_1255-Copier-225x300.jpg 225w, https:\/\/www.salon-zenetbio.com\/nantes\/wp-content\/uploads\/sites\/7\/2025\/10\/IMG_1255-Copier-768x1024.jpg 768w, https:\/\/www.salon-zenetbio.com\/nantes\/wp-content\/uploads\/sites\/7\/2025\/10\/IMG_1255-Copier-150x200.jpg 150w, https:\/\/www.salon-zenetbio.com\/nantes\/wp-content\/uploads\/sites\/7\/2025\/10\/IMG_1255-Copier-375x500.jpg 375w, https:\/\/www.salon-zenetbio.com\/nantes\/wp-content\/uploads\/sites\/7\/2025\/10\/IMG_1255-Copier.jpg 810w\" sizes=\"(max-width: 225px) 100vw, 225px\" \/><\/h2>\n<h2>Qui est Le Soleil du Tao ?<\/h2>\n<div>\n<div>Et si vos blessures devenaient enfin votre plus belle source de puissance ? Au Soleil du Tao, nous <a href=\"https:\/\/www.lesoleildutao.com\/\" target=\"_blank\" rel=\"noopener\">r\u00e9veillons<\/a> la lumi\u00e8re int\u00e9rieure de chacun pour transformer les \u00e9preuves en chemins de renaissance. Entre soins \u00e9nerg\u00e9tiques, num\u00e9rologie, ateliers et conf\u00e9rences, nous offrons des cl\u00e9s in\u00e9dites pour d\u00e9manteler les vieux sch\u00e9mas et rayonner, libres et align\u00e9s.<\/div>\n<div>En avant-premi\u00e8re au salon, d\u00e9couvrez notre nouveau livre : Sortir des traumatismes, et si le soleil pouvait enfin briller \u2013 le guide indispensable pour lib\u00e9rer ses blessures, se r\u00e9v\u00e9ler, et transformer chaque exp\u00e9rience en potentiel. Exp\u00e9rience, bienveillance et nouvelle voie : faites de votre lumi\u00e8re un acte de vie.<\/div>\n<\/div>\n<p>&nbsp;<\/p>\n<h2>Quel est votre \u00ab incontournable \u00bb \u00e0 trouver sur votre stand ?<\/h2>\n<div>Venez vivre une exp\u00e9rience transformatrice : offrez-vous une analyse num\u00e9rologique personnalis\u00e9e qui \u00e9claire vos forces cach\u00e9es, repartez avec des s\u00e9ances de soins \u00e9nerg\u00e9tiques \u00e0 haute fr\u00e9quence, et plongez dans notre livre \u00e9v\u00e9nement \u00ab Sortir des traumatismes \u00bb ! Notre \u00e9quipe vous transmettra des conseils et des rituels puissants pour d\u00e9passer vos blocages et faire rayonner votre soleil int\u00e9rieur. Sur notre stand, chaque visiteur re\u00e7oit LA ressource ou le d\u00e9clic qui change tout : la lumi\u00e8re commence ici, oser la saisir !<\/div>\n<div><\/div>\n<p>&nbsp;<\/p>\n<p><a href=\"https:\/\/www.salon-zenetbio.com\/nantes\/visiter\/liste-des-exposants\/\" target=\"_blank\" rel=\"noopener\"><em>Consultez la liste des exposants<\/em><\/a><\/p>\n","protected":false},"excerpt":{"rendered":"<p>Si vous pouviez avoir un super-pouvoir, lequel choisiriez-vous et pourquoi ? Apporter la lumi\u00e8re \u00e0 chaque \u00e2me pour transformer la douleur en force, partout, instantan\u00e9ment. Si vous pouviez d\u00eener avec une personne c\u00e9l\u00e8bre, vivante ou d\u00e9c\u00e9d\u00e9e, qui serait-ce et pourquoi ? Teddy Riner, pour \u00e9changer sur la puissance du mental, la r\u00e9silience et l\u2019esprit de&hellip; <\/p>\n","protected":false},"author":6,"featured_media":0,"comment_status":"open","ping_status":"open","sticky":false,"template":"","format":"standard","meta":{"_monsterinsights_skip_tracking":false,"_monsterinsights_sitenote_active":false,"_monsterinsights_sitenote_note":"","_monsterinsights_sitenote_category":0,"footnotes":""},"categories":[340],"tags":[],"class_list":["post-18796","post","type-post","status-publish","format-standard","hentry","category-portrait-exposant"],"yoast_head":"<!-- This site is optimized with the Yoast SEO plugin v27.3 - https:\/\/yoast.com\/product\/yoast-seo-wordpress\/ -->\n<title>Le Soleil du Tao - Salon ZEN &amp; BIO Nantes<\/title>\n<meta name=\"description\" content=\"Venez d\u00e9couvrir ou red\u00e9couvrir Le Soleil du Tao lors du salon Zen&amp;Bio Nantes du 10 au 12 octobre 2025 au parc des expositions !\" \/>\n<meta name=\"robots\" content=\"index, follow, max-snippet:-1, max-image-preview:large, max-video-preview:-1\" \/>\n<link rel=\"canonical\" href=\"https:\/\/www.salon-zenetbio.com\/nantes\/le-soleil-du-tao-2\/\" \/>\n<meta property=\"og:locale\" content=\"fr_FR\" \/>\n<meta property=\"og:type\" content=\"article\" \/>\n<meta property=\"og:title\" content=\"Le Soleil du Tao - Salon ZEN &amp; BIO Nantes\" \/>\n<meta property=\"og:description\" content=\"Venez d\u00e9couvrir ou red\u00e9couvrir Le Soleil du Tao lors du salon Zen&amp;Bio Nantes du 10 au 12 octobre 2025 au parc des expositions !\" \/>\n<meta property=\"og:url\" content=\"https:\/\/www.salon-zenetbio.com\/nantes\/le-soleil-du-tao-2\/\" \/>\n<meta property=\"og:site_name\" content=\"Salon ZEN &amp; BIO Nantes\" \/>\n<meta property=\"article:published_time\" content=\"2025-10-06T13:21:13+00:00\" \/>\n<meta property=\"og:image\" content=\"https:\/\/www.salon-zenetbio.com\/nantes\/wp-content\/uploads\/sites\/7\/2025\/10\/IMG_1255-Copier-225x300.jpg\" \/>\n<meta name=\"author\" content=\"communication\" \/>\n<meta name=\"twitter:card\" content=\"summary_large_image\" \/>\n<meta name=\"twitter:label1\" content=\"\u00c9crit par\" \/>\n\t<meta name=\"twitter:data1\" content=\"communication\" \/>\n\t<meta name=\"twitter:label2\" content=\"Dur\u00e9e de lecture estim\u00e9e\" \/>\n\t<meta name=\"twitter:data2\" content=\"2 minutes\" \/>\n<script type=\"application\/ld+json\" class=\"yoast-schema-graph\">{\"@context\":\"https:\\\/\\\/schema.org\",\"@graph\":[{\"@type\":\"Article\",\"@id\":\"https:\\\/\\\/www.salon-zenetbio.com\\\/nantes\\\/le-soleil-du-tao-2\\\/#article\",\"isPartOf\":{\"@id\":\"https:\\\/\\\/www.salon-zenetbio.com\\\/nantes\\\/le-soleil-du-tao-2\\\/\"},\"author\":{\"name\":\"communication\",\"@id\":\"https:\\\/\\\/www.salon-zenetbio.com\\\/nantes\\\/#\\\/schema\\\/person\\\/ae137e79c551ab78ea22fb35759cb9f8\"},\"headline\":\"Le Soleil du Tao\",\"datePublished\":\"2025-10-06T13:21:13+00:00\",\"mainEntityOfPage\":{\"@id\":\"https:\\\/\\\/www.salon-zenetbio.com\\\/nantes\\\/le-soleil-du-tao-2\\\/\"},\"wordCount\":321,\"commentCount\":0,\"publisher\":{\"@id\":\"https:\\\/\\\/www.salon-zenetbio.com\\\/nantes\\\/#organization\"},\"image\":{\"@id\":\"https:\\\/\\\/www.salon-zenetbio.com\\\/nantes\\\/le-soleil-du-tao-2\\\/#primaryimage\"},\"thumbnailUrl\":\"https:\\\/\\\/www.salon-zenetbio.com\\\/nantes\\\/wp-content\\\/uploads\\\/sites\\\/7\\\/2025\\\/10\\\/IMG_1255-Copier-225x300.jpg\",\"articleSection\":[\"Portrait exposant\"],\"inLanguage\":\"fr-FR\",\"potentialAction\":[{\"@type\":\"CommentAction\",\"name\":\"Comment\",\"target\":[\"https:\\\/\\\/www.salon-zenetbio.com\\\/nantes\\\/le-soleil-du-tao-2\\\/#respond\"]}]},{\"@type\":\"WebPage\",\"@id\":\"https:\\\/\\\/www.salon-zenetbio.com\\\/nantes\\\/le-soleil-du-tao-2\\\/\",\"url\":\"https:\\\/\\\/www.salon-zenetbio.com\\\/nantes\\\/le-soleil-du-tao-2\\\/\",\"name\":\"Le Soleil du Tao - Salon ZEN &amp; BIO Nantes\",\"isPartOf\":{\"@id\":\"https:\\\/\\\/www.salon-zenetbio.com\\\/nantes\\\/#website\"},\"primaryImageOfPage\":{\"@id\":\"https:\\\/\\\/www.salon-zenetbio.com\\\/nantes\\\/le-soleil-du-tao-2\\\/#primaryimage\"},\"image\":{\"@id\":\"https:\\\/\\\/www.salon-zenetbio.com\\\/nantes\\\/le-soleil-du-tao-2\\\/#primaryimage\"},\"thumbnailUrl\":\"https:\\\/\\\/www.salon-zenetbio.com\\\/nantes\\\/wp-content\\\/uploads\\\/sites\\\/7\\\/2025\\\/10\\\/IMG_1255-Copier-225x300.jpg\",\"datePublished\":\"2025-10-06T13:21:13+00:00\",\"description\":\"Venez d\u00e9couvrir ou red\u00e9couvrir Le Soleil du Tao lors du salon Zen&Bio Nantes du 10 au 12 octobre 2025 au parc des expositions !\",\"breadcrumb\":{\"@id\":\"https:\\\/\\\/www.salon-zenetbio.com\\\/nantes\\\/le-soleil-du-tao-2\\\/#breadcrumb\"},\"inLanguage\":\"fr-FR\",\"potentialAction\":[{\"@type\":\"ReadAction\",\"target\":[\"https:\\\/\\\/www.salon-zenetbio.com\\\/nantes\\\/le-soleil-du-tao-2\\\/\"]}]},{\"@type\":\"ImageObject\",\"inLanguage\":\"fr-FR\",\"@id\":\"https:\\\/\\\/www.salon-zenetbio.com\\\/nantes\\\/le-soleil-du-tao-2\\\/#primaryimage\",\"url\":\"https:\\\/\\\/www.salon-zenetbio.com\\\/nantes\\\/wp-content\\\/uploads\\\/sites\\\/7\\\/2025\\\/10\\\/IMG_1255-Copier.jpg\",\"contentUrl\":\"https:\\\/\\\/www.salon-zenetbio.com\\\/nantes\\\/wp-content\\\/uploads\\\/sites\\\/7\\\/2025\\\/10\\\/IMG_1255-Copier.jpg\",\"width\":810,\"height\":1080,\"caption\":\"Le Soleil du Tao\"},{\"@type\":\"BreadcrumbList\",\"@id\":\"https:\\\/\\\/www.salon-zenetbio.com\\\/nantes\\\/le-soleil-du-tao-2\\\/#breadcrumb\",\"itemListElement\":[{\"@type\":\"ListItem\",\"position\":1,\"name\":\"Accueil\",\"item\":\"https:\\\/\\\/www.salon-zenetbio.com\\\/nantes\\\/\"},{\"@type\":\"ListItem\",\"position\":2,\"name\":\"Le Soleil du Tao\"}]},{\"@type\":\"WebSite\",\"@id\":\"https:\\\/\\\/www.salon-zenetbio.com\\\/nantes\\\/#website\",\"url\":\"https:\\\/\\\/www.salon-zenetbio.com\\\/nantes\\\/\",\"name\":\"Salon ZEN &amp; BIO Nantes\",\"description\":\"salon ZEN &amp; BIO Nantes : votre salon bio, bien-\u00eatre et habitat sain\",\"publisher\":{\"@id\":\"https:\\\/\\\/www.salon-zenetbio.com\\\/nantes\\\/#organization\"},\"potentialAction\":[{\"@type\":\"SearchAction\",\"target\":{\"@type\":\"EntryPoint\",\"urlTemplate\":\"https:\\\/\\\/www.salon-zenetbio.com\\\/nantes\\\/?s={search_term_string}\"},\"query-input\":{\"@type\":\"PropertyValueSpecification\",\"valueRequired\":true,\"valueName\":\"search_term_string\"}}],\"inLanguage\":\"fr-FR\"},{\"@type\":\"Organization\",\"@id\":\"https:\\\/\\\/www.salon-zenetbio.com\\\/nantes\\\/#organization\",\"name\":\"Salon ZEN &amp; BIO Nantes\",\"url\":\"https:\\\/\\\/www.salon-zenetbio.com\\\/nantes\\\/\",\"logo\":{\"@type\":\"ImageObject\",\"inLanguage\":\"fr-FR\",\"@id\":\"https:\\\/\\\/www.salon-zenetbio.com\\\/nantes\\\/#\\\/schema\\\/logo\\\/image\\\/\",\"url\":\"https:\\\/\\\/www.salon-zenetbio.com\\\/nantes\\\/wp-content\\\/uploads\\\/sites\\\/7\\\/2026\\\/03\\\/cropped-Logo-ZEN-et-BIO-nantes-2026.png\",\"contentUrl\":\"https:\\\/\\\/www.salon-zenetbio.com\\\/nantes\\\/wp-content\\\/uploads\\\/sites\\\/7\\\/2026\\\/03\\\/cropped-Logo-ZEN-et-BIO-nantes-2026.png\",\"width\":921,\"height\":255,\"caption\":\"Salon ZEN &amp; BIO Nantes\"},\"image\":{\"@id\":\"https:\\\/\\\/www.salon-zenetbio.com\\\/nantes\\\/#\\\/schema\\\/logo\\\/image\\\/\"}},{\"@type\":\"Person\",\"@id\":\"https:\\\/\\\/www.salon-zenetbio.com\\\/nantes\\\/#\\\/schema\\\/person\\\/ae137e79c551ab78ea22fb35759cb9f8\",\"name\":\"communication\",\"image\":{\"@type\":\"ImageObject\",\"inLanguage\":\"fr-FR\",\"@id\":\"https:\\\/\\\/secure.gravatar.com\\\/avatar\\\/0f49d5b7ab56355ffa797b3ce25e4f2375cedf6bc9afe416fe669342c3524275?s=96&d=mm&r=g\",\"url\":\"https:\\\/\\\/secure.gravatar.com\\\/avatar\\\/0f49d5b7ab56355ffa797b3ce25e4f2375cedf6bc9afe416fe669342c3524275?s=96&d=mm&r=g\",\"contentUrl\":\"https:\\\/\\\/secure.gravatar.com\\\/avatar\\\/0f49d5b7ab56355ffa797b3ce25e4f2375cedf6bc9afe416fe669342c3524275?s=96&d=mm&r=g\",\"caption\":\"communication\"},\"url\":\"https:\\\/\\\/www.salon-zenetbio.com\\\/nantes\\\/author\\\/communication\\\/\"}]}<\/script>\n<!-- \/ Yoast SEO plugin. -->","yoast_head_json":{"title":"Le Soleil du Tao - Salon ZEN &amp; BIO Nantes","description":"Venez d\u00e9couvrir ou red\u00e9couvrir Le Soleil du Tao lors du salon Zen&Bio Nantes du 10 au 12 octobre 2025 au parc des expositions !","robots":{"index":"index","follow":"follow","max-snippet":"max-snippet:-1","max-image-preview":"max-image-preview:large","max-video-preview":"max-video-preview:-1"},"canonical":"https:\/\/www.salon-zenetbio.com\/nantes\/le-soleil-du-tao-2\/","og_locale":"fr_FR","og_type":"article","og_title":"Le Soleil du Tao - Salon ZEN &amp; BIO Nantes","og_description":"Venez d\u00e9couvrir ou red\u00e9couvrir Le Soleil du Tao lors du salon Zen&Bio Nantes du 10 au 12 octobre 2025 au parc des expositions !","og_url":"https:\/\/www.salon-zenetbio.com\/nantes\/le-soleil-du-tao-2\/","og_site_name":"Salon ZEN &amp; BIO Nantes","article_published_time":"2025-10-06T13:21:13+00:00","og_image":[{"url":"https:\/\/www.salon-zenetbio.com\/nantes\/wp-content\/uploads\/sites\/7\/2025\/10\/IMG_1255-Copier-225x300.jpg","type":"","width":"","height":""}],"author":"communication","twitter_card":"summary_large_image","twitter_misc":{"\u00c9crit par":"communication","Dur\u00e9e de lecture estim\u00e9e":"2 minutes"},"schema":{"@context":"https:\/\/schema.org","@graph":[{"@type":"Article","@id":"https:\/\/www.salon-zenetbio.com\/nantes\/le-soleil-du-tao-2\/#article","isPartOf":{"@id":"https:\/\/www.salon-zenetbio.com\/nantes\/le-soleil-du-tao-2\/"},"author":{"name":"communication","@id":"https:\/\/www.salon-zenetbio.com\/nantes\/#\/schema\/person\/ae137e79c551ab78ea22fb35759cb9f8"},"headline":"Le Soleil du Tao","datePublished":"2025-10-06T13:21:13+00:00","mainEntityOfPage":{"@id":"https:\/\/www.salon-zenetbio.com\/nantes\/le-soleil-du-tao-2\/"},"wordCount":321,"commentCount":0,"publisher":{"@id":"https:\/\/www.salon-zenetbio.com\/nantes\/#organization"},"image":{"@id":"https:\/\/www.salon-zenetbio.com\/nantes\/le-soleil-du-tao-2\/#primaryimage"},"thumbnailUrl":"https:\/\/www.salon-zenetbio.com\/nantes\/wp-content\/uploads\/sites\/7\/2025\/10\/IMG_1255-Copier-225x300.jpg","articleSection":["Portrait exposant"],"inLanguage":"fr-FR","potentialAction":[{"@type":"CommentAction","name":"Comment","target":["https:\/\/www.salon-zenetbio.com\/nantes\/le-soleil-du-tao-2\/#respond"]}]},{"@type":"WebPage","@id":"https:\/\/www.salon-zenetbio.com\/nantes\/le-soleil-du-tao-2\/","url":"https:\/\/www.salon-zenetbio.com\/nantes\/le-soleil-du-tao-2\/","name":"Le Soleil du Tao - Salon ZEN &amp; BIO Nantes","isPartOf":{"@id":"https:\/\/www.salon-zenetbio.com\/nantes\/#website"},"primaryImageOfPage":{"@id":"https:\/\/www.salon-zenetbio.com\/nantes\/le-soleil-du-tao-2\/#primaryimage"},"image":{"@id":"https:\/\/www.salon-zenetbio.com\/nantes\/le-soleil-du-tao-2\/#primaryimage"},"thumbnailUrl":"https:\/\/www.salon-zenetbio.com\/nantes\/wp-content\/uploads\/sites\/7\/2025\/10\/IMG_1255-Copier-225x300.jpg","datePublished":"2025-10-06T13:21:13+00:00","description":"Venez d\u00e9couvrir ou red\u00e9couvrir Le Soleil du Tao lors du salon Zen&Bio Nantes du 10 au 12 octobre 2025 au parc des expositions !","breadcrumb":{"@id":"https:\/\/www.salon-zenetbio.com\/nantes\/le-soleil-du-tao-2\/#breadcrumb"},"inLanguage":"fr-FR","potentialAction":[{"@type":"ReadAction","target":["https:\/\/www.salon-zenetbio.com\/nantes\/le-soleil-du-tao-2\/"]}]},{"@type":"ImageObject","inLanguage":"fr-FR","@id":"https:\/\/www.salon-zenetbio.com\/nantes\/le-soleil-du-tao-2\/#primaryimage","url":"https:\/\/www.salon-zenetbio.com\/nantes\/wp-content\/uploads\/sites\/7\/2025\/10\/IMG_1255-Copier.jpg","contentUrl":"https:\/\/www.salon-zenetbio.com\/nantes\/wp-content\/uploads\/sites\/7\/2025\/10\/IMG_1255-Copier.jpg","width":810,"height":1080,"caption":"Le Soleil du Tao"},{"@type":"BreadcrumbList","@id":"https:\/\/www.salon-zenetbio.com\/nantes\/le-soleil-du-tao-2\/#breadcrumb","itemListElement":[{"@type":"ListItem","position":1,"name":"Accueil","item":"https:\/\/www.salon-zenetbio.com\/nantes\/"},{"@type":"ListItem","position":2,"name":"Le Soleil du Tao"}]},{"@type":"WebSite","@id":"https:\/\/www.salon-zenetbio.com\/nantes\/#website","url":"https:\/\/www.salon-zenetbio.com\/nantes\/","name":"Salon ZEN &amp; BIO Nantes","description":"salon ZEN &amp; BIO Nantes : votre salon bio, bien-\u00eatre et habitat sain","publisher":{"@id":"https:\/\/www.salon-zenetbio.com\/nantes\/#organization"},"potentialAction":[{"@type":"SearchAction","target":{"@type":"EntryPoint","urlTemplate":"https:\/\/www.salon-zenetbio.com\/nantes\/?s={search_term_string}"},"query-input":{"@type":"PropertyValueSpecification","valueRequired":true,"valueName":"search_term_string"}}],"inLanguage":"fr-FR"},{"@type":"Organization","@id":"https:\/\/www.salon-zenetbio.com\/nantes\/#organization","name":"Salon ZEN &amp; BIO Nantes","url":"https:\/\/www.salon-zenetbio.com\/nantes\/","logo":{"@type":"ImageObject","inLanguage":"fr-FR","@id":"https:\/\/www.salon-zenetbio.com\/nantes\/#\/schema\/logo\/image\/","url":"https:\/\/www.salon-zenetbio.com\/nantes\/wp-content\/uploads\/sites\/7\/2026\/03\/cropped-Logo-ZEN-et-BIO-nantes-2026.png","contentUrl":"https:\/\/www.salon-zenetbio.com\/nantes\/wp-content\/uploads\/sites\/7\/2026\/03\/cropped-Logo-ZEN-et-BIO-nantes-2026.png","width":921,"height":255,"caption":"Salon ZEN &amp; BIO Nantes"},"image":{"@id":"https:\/\/www.salon-zenetbio.com\/nantes\/#\/schema\/logo\/image\/"}},{"@type":"Person","@id":"https:\/\/www.salon-zenetbio.com\/nantes\/#\/schema\/person\/ae137e79c551ab78ea22fb35759cb9f8","name":"communication","image":{"@type":"ImageObject","inLanguage":"fr-FR","@id":"https:\/\/secure.gravatar.com\/avatar\/0f49d5b7ab56355ffa797b3ce25e4f2375cedf6bc9afe416fe669342c3524275?s=96&d=mm&r=g","url":"https:\/\/secure.gravatar.com\/avatar\/0f49d5b7ab56355ffa797b3ce25e4f2375cedf6bc9afe416fe669342c3524275?s=96&d=mm&r=g","contentUrl":"https:\/\/secure.gravatar.com\/avatar\/0f49d5b7ab56355ffa797b3ce25e4f2375cedf6bc9afe416fe669342c3524275?s=96&d=mm&r=g","caption":"communication"},"url":"https:\/\/www.salon-zenetbio.com\/nantes\/author\/communication\/"}]}},"jetpack_featured_media_url":"","_links":{"self":[{"href":"https:\/\/www.salon-zenetbio.com\/nantes\/wp-json\/wp\/v2\/posts\/18796","targetHints":{"allow":["GET"]}}],"collection":[{"href":"https:\/\/www.salon-zenetbio.com\/nantes\/wp-json\/wp\/v2\/posts"}],"about":[{"href":"https:\/\/www.salon-zenetbio.com\/nantes\/wp-json\/wp\/v2\/types\/post"}],"author":[{"embeddable":true,"href":"https:\/\/www.salon-zenetbio.com\/nantes\/wp-json\/wp\/v2\/users\/6"}],"replies":[{"embeddable":true,"href":"https:\/\/www.salon-zenetbio.com\/nantes\/wp-json\/wp\/v2\/comments?post=18796"}],"version-history":[{"count":1,"href":"https:\/\/www.salon-zenetbio.com\/nantes\/wp-json\/wp\/v2\/posts\/18796\/revisions"}],"predecessor-version":[{"id":18810,"href":"https:\/\/www.salon-zenetbio.com\/nantes\/wp-json\/wp\/v2\/posts\/18796\/revisions\/18810"}],"wp:attachment":[{"href":"https:\/\/www.salon-zenetbio.com\/nantes\/wp-json\/wp\/v2\/media?parent=18796"}],"wp:term":[{"taxonomy":"category","embeddable":true,"href":"https:\/\/www.salon-zenetbio.com\/nantes\/wp-json\/wp\/v2\/categories?post=18796"},{"taxonomy":"post_tag","embeddable":true,"href":"https:\/\/www.salon-zenetbio.com\/nantes\/wp-json\/wp\/v2\/tags?post=18796"}],"curies":[{"name":"wp","href":"https:\/\/api.w.org\/{rel}","templated":true}]}}